{"id":94,"date":"2019-12-20T17:37:45","date_gmt":"2019-12-20T17:37:45","guid":{"rendered":"https:\/\/gruene-emsland.de\/?p=94"},"modified":"2019-12-20T17:39:41","modified_gmt":"2019-12-20T17:39:41","slug":"teilweise-aufhebung-des-landschaftsschutzgebietes-emsaue","status":"publish","type":"post","link":"https:\/\/gruene-emsland.de\/?p=94","title":{"rendered":"Teilweise Aufhebung des Landschaftsschutzgebietes \u201eEmsaue\u201c"},"content":{"rendered":"\n<h4 class=\"wp-block-heading\">Gr\u00fcne Kreistagsfraktion geschlossen gegen die teilweise Aufhebung<\/h4>\n\n\n\n<p>Die Gr\u00fcne Kreistagsfraktion im Landkreis Emsland kritisiert\ndie teilweise Aufhebung des Landschaftsschutzgebietes \u201eEmstal\u201c zugunsten der\nExpansion eines Reiterhofes in der Samtgemeinde Lathen.<\/p>\n\n\n\n<p>Die Aufgabe eines Landschaftsschutzgebietes ist es die\ntypische Erscheinungsbild der Landschaft und Natur unter anderem auch f\u00fcr\nTourismus und Erholung zu erhalten.&nbsp; Hierf\u00fcr ist unerl\u00e4sslich, dass diese\nin ihrer Struktur und Ausdehnung erhalten werden. Dabei sind die\nNutzungseinschr\u00e4nkungen hierbei noch vergleichsweise gering.<\/p>\n\n\n\n<p>Je kleiner ein solches Schutzgebiet wird, umso anf\u00e4lliger\nwird es gegen St\u00f6reinfl\u00fcsse. Als Folge werden dadurch die\nNutzungseinschr\u00e4nkungen erh\u00f6ht werden m\u00fcssen, um diese St\u00f6reinfl\u00fcsse\nauszugleichen, bzw. die Anforderungen an Bebauungen im Umfeld noch\nrestriktiver.<\/p>\n\n\n\n<p>Wir emsl\u00e4ndischen Gr\u00fcnen konnten daher der teilweisen\nAufhebung des Landschaftsschutzgebietes nicht zustimmen. Wir fordern weiterhin,\ndass eine Ver\u00e4nderung an der Gr\u00f6\u00dfe und Struktur die absolute Ausnahme sein\nmuss.<\/p>\n\n\n\n<p><\/p>\n","protected":false},"excerpt":{"rendered":"<p>Gr\u00fcne Kreistagsfraktion geschlossen gegen die teilweise Aufhebung Die Gr\u00fcne Kreistagsfraktion im Landkreis Emsland kritisiert die teilweise Aufhebung des Landschaftsschutzgebietes \u201eEmstal\u201c zugunsten der Expansion eines Reiterhofes in der Samtgemeinde Lathen. Die [&hellip;]<\/p>\n","protected":false},"author":-1,"featured_media":95,"comment_status":"open","ping_status":"open","sticky":false,"template":"","format":"standard","meta":{"footnotes":""},"categories":[4],"tags":[12,14],"class_list":["post-94","post","type-post","status-publish","format-standard","has-post-thumbnail","hentry","category-emsland","tag-emsaue","tag-naturschutz"],"_links":{"self":[{"href":"https:\/\/gruene-emsland.de\/index.php?rest_route=\/wp\/v2\/posts\/94","targetHints":{"allow":["GET"]}}],"collection":[{"href":"https:\/\/gruene-emsland.de\/index.php?rest_route=\/wp\/v2\/posts"}],"about":[{"href":"https:\/\/gruene-emsland.de\/index.php?rest_route=\/wp\/v2\/types\/post"}],"author":[{"embeddable":true,"href":"https:\/\/gruene-emsland.de\/index.php?rest_route=\/wp\/v2\/users\/1"}],"replies":[{"embeddable":true,"href":"https:\/\/gruene-emsland.de\/index.php?rest_route=%2Fwp%2Fv2%2Fcomments&post=94"}],"version-history":[{"count":1,"href":"https:\/\/gruene-emsland.de\/index.php?rest_route=\/wp\/v2\/posts\/94\/revisions"}],"predecessor-version":[{"id":96,"href":"https:\/\/gruene-emsland.de\/index.php?rest_route=\/wp\/v2\/posts\/94\/revisions\/96"}],"wp:featuredmedia":[{"embeddable":true,"href":"https:\/\/gruene-emsland.de\/index.php?rest_route=\/wp\/v2\/media\/95"}],"wp:attachment":[{"href":"https:\/\/gruene-emsland.de\/index.php?rest_route=%2Fwp%2Fv2%2Fmedia&parent=94"}],"wp:term":[{"taxonomy":"category","embeddable":true,"href":"https:\/\/gruene-emsland.de\/index.php?rest_route=%2Fwp%2Fv2%2Fcategories&post=94"},{"taxonomy":"post_tag","embeddable":true,"href":"https:\/\/gruene-emsland.de\/index.php?rest_route=%2Fwp%2Fv2%2Ftags&post=94"}],"curies":[{"name":"wp","href":"https:\/\/api.w.org\/{rel}","templated":true}]}}