{"id":914,"date":"2026-03-17T19:06:16","date_gmt":"2026-03-17T19:06:16","guid":{"rendered":"https:\/\/gruene-emsland.de\/?p=914"},"modified":"2026-03-17T19:12:47","modified_gmt":"2026-03-17T19:12:47","slug":"mandatstraegerinnen-treffen-mit-filiz-polat","status":"publish","type":"post","link":"https:\/\/gruene-emsland.de\/?p=914","title":{"rendered":"Mandatstr\u00e4ger*innen-Treffen mit Filiz Polat"},"content":{"rendered":"\n<figure class=\"wp-block-image size-large\"><img loading=\"lazy\" decoding=\"async\" width=\"800\" height=\"1067\" src=\"https:\/\/gruene-emsland.de\/wp-content\/uploads\/2026\/03\/WhatsApp-Image-2026-03-17-at-19.13.39-800x1067.jpeg\" alt=\"\" class=\"wp-image-915\" srcset=\"https:\/\/gruene-emsland.de\/wp-content\/uploads\/2026\/03\/WhatsApp-Image-2026-03-17-at-19.13.39-800x1067.jpeg 800w, https:\/\/gruene-emsland.de\/wp-content\/uploads\/2026\/03\/WhatsApp-Image-2026-03-17-at-19.13.39-400x533.jpeg 400w, https:\/\/gruene-emsland.de\/wp-content\/uploads\/2026\/03\/WhatsApp-Image-2026-03-17-at-19.13.39-768x1024.jpeg 768w, https:\/\/gruene-emsland.de\/wp-content\/uploads\/2026\/03\/WhatsApp-Image-2026-03-17-at-19.13.39-1152x1536.jpeg 1152w, https:\/\/gruene-emsland.de\/wp-content\/uploads\/2026\/03\/WhatsApp-Image-2026-03-17-at-19.13.39.jpeg 1200w\" sizes=\"auto, (max-width: 800px) 100vw, 800px\" \/><figcaption class=\"wp-element-caption\"><em>MdB Filiz Polat und Oberb\u00fcrgermeister Dieter Krone (1. und 2. v.l.) mit Mandatstr\u00e4ger*innen aus dem Emsland und Mitgliedern des Kreisverbands<\/em><\/figcaption><\/figure>\n\n\n\n<p>Filiz Polat zu Besuch im Emsland<\/p>\n\n\n\n<p>Am 14.03. hatten wir die Gelegenheit, unsere Bundestagsabgeordnete Filiz Polat in Lingen zu begr\u00fc\u00dfen. Nach einem Besuch des Infostandes, den der Ortsverband S\u00fcd im Rahmen des Vielfaltsfestes der Initiative Emsland zeigt Gesicht in der Innenstadt Lingen organisiert hatte, ging es zum Emslandmuseum Lingen. Der Kreisverband lud die Mandatstr\u00e4ger*innen aus dem Emsland dort zu einem Treffen mit Filiz ein, bei dem sie in entspannter Atmosph\u00e4re mit ihr ins Gespr\u00e4ch kamen. Es wurden viele Themen besprochen, unter anderem die vom Bundesinnenministerium beschlossene K\u00fcrzung der Sprachf\u00f6rderung, welche die Situation Gefl\u00fcchteter im Emsland drastisch verschlechtern k\u00f6nnte. <\/p>\n\n\n\n<p>Oberb\u00fcrgermeister Krone k\u00fcndigte Gegenma\u00dfnahmen an<\/p>\n\n\n\n<p>Der bei dem Treffen anwesende Oberb\u00fcrgermeister der Stadt Lingen, Dieter Krone, k\u00fcndigte an, dass die Sprachkurse in Lingen weiterhin stattfinden werden. Gerade im Hinblick auf den \u00fcberall herrschenden Fachkr\u00e4ftemangel sei es ihm ein Anliegen, den B\u00fcrger*innen aus dem Ausland den Zugang zur deutschen Sprache zu erm\u00f6glichen. Auch die Intergrationsf\u00f6rderung in Lingen ist gut aufgestellt. Die Stadt Lingen hat ein eigenes Willkommensb\u00fcro, das den Gefl\u00fcchteteten und aus dem Ausland hinzugezogenen B\u00fcrgern ein vielf\u00e4ltiges Angebot bietet, um sich schnell in der neuen Heimat zurechtzufinden und anzukommen.<\/p>\n\n\n\n<p>Auch Brennelementefabrik ANF Thema<\/p>\n\n\n\n<p>Die Mandtstr\u00e4ger*innen sprachen mit Filiz auch \u00fcber das Kernkraft-Unternehmen Advanced Nuclear Fuels in Lingen, welches das Uran f\u00fcr die Herstellung seiner Brennelemente aus Moskau bezieht. Die Lieferung des radioaktiven Materials erfolgt \u00fcber Rotterdam. Bei diesem Lieferweg von Moskau nach Lingen m\u00fcssen unbedingt Notfallpl\u00e4ne vorhanden sein, die im Falle eines Unfalls oder Anschlags auf der Strecke inkrafttreten. \u00dcber diese Notfallpl\u00e4ne sind die B\u00fcrger*innen, die in N\u00e4he der Transportrouten leben, nicht ausreichend von den Verantwortlichen informiert worden. Auch das Risiko der Spionage darf nicht au\u00dfer Acht gelassen werden.<\/p>\n\n\n\n<figure class=\"wp-block-image size-large\"><img loading=\"lazy\" decoding=\"async\" width=\"800\" height=\"600\" src=\"https:\/\/gruene-emsland.de\/wp-content\/uploads\/2026\/03\/WhatsApp-Image-2026-03-17-at-19.13.03-800x600.jpeg\" alt=\"\" class=\"wp-image-916\" srcset=\"https:\/\/gruene-emsland.de\/wp-content\/uploads\/2026\/03\/WhatsApp-Image-2026-03-17-at-19.13.03-800x600.jpeg 800w, https:\/\/gruene-emsland.de\/wp-content\/uploads\/2026\/03\/WhatsApp-Image-2026-03-17-at-19.13.03-400x300.jpeg 400w, https:\/\/gruene-emsland.de\/wp-content\/uploads\/2026\/03\/WhatsApp-Image-2026-03-17-at-19.13.03-768x576.jpeg 768w, https:\/\/gruene-emsland.de\/wp-content\/uploads\/2026\/03\/WhatsApp-Image-2026-03-17-at-19.13.03-1536x1152.jpeg 1536w, https:\/\/gruene-emsland.de\/wp-content\/uploads\/2026\/03\/WhatsApp-Image-2026-03-17-at-19.13.03.jpeg 1600w\" sizes=\"auto, (max-width: 800px) 100vw, 800px\" \/><figcaption class=\"wp-element-caption\"><em>Filiz Polat und Dieter Krone am Infostand der Gr\u00fcnen in Lingen<\/em><\/figcaption><\/figure>\n\n\n\n<p>Es war ein sehr interessanter Nachmittag f\u00fcr alle und wir danken Filiz f\u00fcr ihren Besuch und freuen uns, wenn wir sie bald wieder im Emsland begr\u00fc\u00dfen d\u00fcrfen.<\/p>\n","protected":false},"excerpt":{"rendered":"<p>Filiz Polat zu Besuch im Emsland Am 14.03. hatten wir die Gelegenheit, unsere Bundestagsabgeordnete Filiz Polat in Lingen zu begr\u00fc\u00dfen. Nach einem Besuch des Infostandes, den der Ortsverband S\u00fcd im [&hellip;]<\/p>\n","protected":false},"author":-1,"featured_media":918,"comment_status":"closed","ping_status":"open","sticky":false,"template":"","format":"standard","meta":{"footnotes":""},"categories":[1],"tags":[],"class_list":["post-914","post","type-post","status-publish","format-standard","has-post-thumbnail","hentry","category-uncategorized"],"_links":{"self":[{"href":"https:\/\/gruene-emsland.de\/index.php?rest_route=\/wp\/v2\/posts\/914","targetHints":{"allow":["GET"]}}],"collection":[{"href":"https:\/\/gruene-emsland.de\/index.php?rest_route=\/wp\/v2\/posts"}],"about":[{"href":"https:\/\/gruene-emsland.de\/index.php?rest_route=\/wp\/v2\/types\/post"}],"author":[{"embeddable":true,"href":"https:\/\/gruene-emsland.de\/index.php?rest_route=\/wp\/v2\/users\/6"}],"replies":[{"embeddable":true,"href":"https:\/\/gruene-emsland.de\/index.php?rest_route=%2Fwp%2Fv2%2Fcomments&post=914"}],"version-history":[{"count":1,"href":"https:\/\/gruene-emsland.de\/index.php?rest_route=\/wp\/v2\/posts\/914\/revisions"}],"predecessor-version":[{"id":917,"href":"https:\/\/gruene-emsland.de\/index.php?rest_route=\/wp\/v2\/posts\/914\/revisions\/917"}],"wp:featuredmedia":[{"embeddable":true,"href":"https:\/\/gruene-emsland.de\/index.php?rest_route=\/wp\/v2\/media\/918"}],"wp:attachment":[{"href":"https:\/\/gruene-emsland.de\/index.php?rest_route=%2Fwp%2Fv2%2Fmedia&parent=914"}],"wp:term":[{"taxonomy":"category","embeddable":true,"href":"https:\/\/gruene-emsland.de\/index.php?rest_route=%2Fwp%2Fv2%2Fcategories&post=914"},{"taxonomy":"post_tag","embeddable":true,"href":"https:\/\/gruene-emsland.de\/index.php?rest_route=%2Fwp%2Fv2%2Ftags&post=914"}],"curies":[{"name":"wp","href":"https:\/\/api.w.org\/{rel}","templated":true}]}}