{"id":853,"date":"2025-12-14T11:21:09","date_gmt":"2025-12-14T11:21:09","guid":{"rendered":"https:\/\/gruene-emsland.de\/?p=853"},"modified":"2025-12-15T11:38:26","modified_gmt":"2025-12-15T11:38:26","slug":"foerderung-aufsuchende-energieberatung-antrag-der-kreistagsfraktion-buendnis-90-die-gruenen-zum-haushalt-2026","status":"publish","type":"post","link":"https:\/\/gruene-emsland.de\/?p=853","title":{"rendered":"F\u00f6rderung aufsuchende Energieberatung; Antrag der Kreistagsfraktion B\u00dcNDNIS 90\/DIE GR\u00dcNEN zum Haushalt 2026"},"content":{"rendered":"\n<p>Bezug nehmend auf unseren Antrag \u201eF\u00f6rderung aufsuchende Energieberatung;<br>Antrag der Kreistagsfraktion B\u00dcNDNIS 90\/DIE GR\u00dcNEN zum Haushalt 2026\u201c haben wir folgendes Statement abgegeben.<br>Eine \u00dcbersicht \u00fcber Antrag und Beschlussvorlage finden Sie hier zum Download:\u00a0\u00a0<a href=\"https:\/\/landkreis-emsland.ratsinfomanagement.net\/sitzungsinfo\/vorgang\/?__=UGhVM0hpd2NXNFdFcExjZbp7AkUTyvhqtlWTzHbsFco\"><\/a><a href=\"https:\/\/landkreis-emsland.ratsinfomanagement.net\/sitzungsinfo\/vorgang\/?__=UGhVM0hpd2NXNFdFcExjZezMp1jWrMN_zHRwYWhApuQ\" target=\"_blank\" rel=\"noreferrer noopener\">Antrag &#8222;Aufsuchende Energieberatung&#8220;<\/a><\/p>\n\n\n\n<p><em>Von Martina Pellny<\/em>:<br><br>Sehr geehrter Herr Vorsitzender, Herr Landrat, liebe Kolleg*Innen,<\/p>\n\n\n\n<p>Ich m\u00f6chte mein Haus energetisch sanieren, weiss aber nicht wie. Soll ich erst nach Energieeinsparma\u00dfnahmen suchen, oder doch eine D\u00e4mmung des Geb\u00e4udes in Betracht ziehen? W\u00fcrde eine Luft-W\u00e4rmepumpe bei mir funktionieren wie beim Nachbar und wie ist es mit den Solarpaneln? Ich brauche eine Beratung \u2013 und zwar eine fachlich geschulte und eine neutrale Beratung, die mir nicht sofort etwas verkaufen will, sondern mein Haus und meine finanziellen M\u00f6glichkeiten genau sieht.<\/p>\n\n\n\n<p>Das ist der Kern unseres Antrages zur aufsuchenden Energieberatung.<\/p>\n\n\n\n<p>Und es ist nicht zuletzt auch im Interesse des Landkreises \u2013 siehe der letzte Klimaschutzbericht \u2013 dass der private Baubestand schneller CO2 neutral wird. Und da kann der Landkreis auch noch aktiver werden. Da ist noch mehr drin.<\/p>\n\n\n\n<p>Das bisherige F\u00f6rderprogramm der Energieeffizienagentur Emsland, zusammen mit der Verbraucherzentrale Niedersachsen und der KEAN, den Eigenanteil von 40 Euro pro Beratung zu \u00fcbernehmen, l\u00e4uft Ende 2025 aus \u2013 und laut Agentur war es insbesondere erfolgreich, da der Eigenanteil \u00fcbernommen wurde. Die Leute hier sparen halt gern.<\/p>\n\n\n\n<p>Sie sagen nun, dass die zus\u00e4tzlichen Mittel hier f\u00fcr den Haushalt nicht ben\u00f6tigt werden, da sie bereits im Budget eingepreist sind. Nun \u2013 das freut uns, wir hatten da andere Auskunft.<\/p>\n\n\n\n<p>Wir werden also sehr aufmerksam ihre Pressemitteilungen verfolgen, wenn das Programm \u2013 hoffentlich zu Beginn des Jahres 2026 \u2013 wieder aufgelegt wird. Vielen Dank<\/p>\n","protected":false},"excerpt":{"rendered":"<p>Bezug nehmend auf unseren Antrag \u201eF\u00f6rderung aufsuchende Energieberatung;Antrag der Kreistagsfraktion B\u00dcNDNIS 90\/DIE GR\u00dcNEN zum Haushalt 2026\u201c haben wir folgendes Statement abgegeben.Eine \u00dcbersicht \u00fcber Antrag und Beschlussvorlage finden Sie hier zum [&hellip;]<\/p>\n","protected":false},"author":-1,"featured_media":640,"comment_status":"closed","ping_status":"open","sticky":false,"template":"","format":"standard","meta":{"footnotes":""},"categories":[41,47],"tags":[60,113,114,53],"class_list":["post-853","post","type-post","status-publish","format-standard","has-post-thumbnail","hentry","category-kreistagsfraktion","category-antraege","tag-antrag","tag-energieberatung","tag-klimaschutz","tag-kreistagsfraktion"],"_links":{"self":[{"href":"https:\/\/gruene-emsland.de\/index.php?rest_route=\/wp\/v2\/posts\/853","targetHints":{"allow":["GET"]}}],"collection":[{"href":"https:\/\/gruene-emsland.de\/index.php?rest_route=\/wp\/v2\/posts"}],"about":[{"href":"https:\/\/gruene-emsland.de\/index.php?rest_route=\/wp\/v2\/types\/post"}],"author":[{"embeddable":true,"href":"https:\/\/gruene-emsland.de\/index.php?rest_route=\/wp\/v2\/users\/4"}],"replies":[{"embeddable":true,"href":"https:\/\/gruene-emsland.de\/index.php?rest_route=%2Fwp%2Fv2%2Fcomments&post=853"}],"version-history":[{"count":2,"href":"https:\/\/gruene-emsland.de\/index.php?rest_route=\/wp\/v2\/posts\/853\/revisions"}],"predecessor-version":[{"id":868,"href":"https:\/\/gruene-emsland.de\/index.php?rest_route=\/wp\/v2\/posts\/853\/revisions\/868"}],"wp:featuredmedia":[{"embeddable":true,"href":"https:\/\/gruene-emsland.de\/index.php?rest_route=\/wp\/v2\/media\/640"}],"wp:attachment":[{"href":"https:\/\/gruene-emsland.de\/index.php?rest_route=%2Fwp%2Fv2%2Fmedia&parent=853"}],"wp:term":[{"taxonomy":"category","embeddable":true,"href":"https:\/\/gruene-emsland.de\/index.php?rest_route=%2Fwp%2Fv2%2Fcategories&post=853"},{"taxonomy":"post_tag","embeddable":true,"href":"https:\/\/gruene-emsland.de\/index.php?rest_route=%2Fwp%2Fv2%2Ftags&post=853"}],"curies":[{"name":"wp","href":"https:\/\/api.w.org\/{rel}","templated":true}]}}