{"id":851,"date":"2025-12-13T11:14:43","date_gmt":"2025-12-13T11:14:43","guid":{"rendered":"https:\/\/gruene-emsland.de\/?p=851"},"modified":"2025-12-15T11:47:54","modified_gmt":"2025-12-15T11:47:54","slug":"demokratiefoerderung-durch-kulturelle-bildungantrag-der-kreistagsfraktion-buendnis-90-die-gruenen-zum-haushalt-2026","status":"publish","type":"post","link":"https:\/\/gruene-emsland.de\/?p=851","title":{"rendered":"Demokratief\u00f6rderung durch kulturelle Bildung; Antrag der Kreistagsfraktion B\u00dcNDNIS 90\/DIE GR\u00dcNEN zum Haushalt 2026"},"content":{"rendered":"\n<p><\/p>\n\n\n\n<p>Bezug nehmend auf unseren Antrag &#8222;Demokratief\u00f6rderung durch kulturelle Bildung&#8220; haben wir folgendes Statement abgegeben.<br>Eine \u00dcbersicht \u00fcber Antrag und Beschlussvorlage finden Sie hier zum Download:\u00a0\u00a0<a href=\"https:\/\/landkreis-emsland.ratsinfomanagement.net\/sitzungsinfo\/vorgang\/?__=UGhVM0hpd2NXNFdFcExjZbp7AkUTyvhqtlWTzHbsFco\"><\/a><a href=\"https:\/\/landkreis-emsland.ratsinfomanagement.net\/sitzungsinfo\/vorgang\/?__=UGhVM0hpd2NXNFdFcExjZYXCULbfpZnZbQPKwCJsagc\" target=\"_blank\" rel=\"noreferrer noopener\">Demokratief\u00f6rderung durch kulturelle Bildung<\/a><\/p>\n\n\n\n<p><em>Von Martina Pellny<\/em>:<\/p>\n\n\n\n<p>Sehr geehrter Vorsitzender, Herr Landrat, liebe Kolleginnen,<\/p>\n\n\n\n<p>ich habe meinen Augen nicht getraut, als ich die Beschlussvorlage zu unserem Antrag zur pr\u00e4ventiven Jugendarbeit las \u2013 die Verwaltung stimmt dem Antrag zu, einfach so durchgewunken, ein GR\u00dcNER Antrag!!<\/p>\n\n\n\n<p>Donnerlittchen \u2013 Herr Landrat, das freut uns nat\u00fcrlich sehr! Wollen Sie sich bei uns einschmeicheln?<\/p>\n\n\n\n<p>Aber mal Ernst &#8211; es freut uns noch viel mehr f\u00fcr die Jugendlichen und die Jugendarbeit im Emsland, die davon demn\u00e4chst profitieren. Es ist nur ein Tropfen auf den hei\u00dfen Stein, aber immerhin.<\/p>\n\n\n\n<p>Der Antrag passt gut in das F\u00f6rderprogramm zur St\u00e4rkung der Partizipation und Demokratief\u00f6rderung junger Menschen im Emsland \u2013 und es passt LEIDER auch gut in unsere heutige Zeit.<\/p>\n\n\n\n<p>Demokratie st\u00e4rken, das demokratische Miteinander ohne Hass und Hetze analog und im Netz sind Themen, die nicht nur die gesamte Gesellschaft immer mehr betreffen und spalten, sondern auch insbesondere Jugendliche, die ihre Haltung zu Werten, die sie vertreten wollen, noch finden m\u00fcssen.<\/p>\n\n\n\n<p>Wissenschaftlich und auch in der Praxis haben sich gerade gemeinsame Theaterprojekte gut bew\u00e4hrt, bzw. auch de-eskalierend gewirkt. Sie sind kreativ und interaktiv und geben Freiraum f\u00fcr die Auseinandersetzung mit Themen, die den Jugendlichen wichtig sind.<\/p>\n\n\n\n<p>Vorgeschlagen haben wir die Themen: Medienkompetenz, Inklusion, Integration, Drogenpr\u00e4vention, Umgang mit Mobbing und Gewalt, Klima- und Umweltschutz \u2013 aber auch andere Themen sollten m\u00f6glich sein.<\/p>\n\n\n\n<p>Idealerweise k\u00f6nnte das Geld genutzt werden, damit Jugendliche unter Anleitung ihr eigenes Thema selbst zu einem Theaterst\u00fcck entwickeln und dann umsetzen, aber auch andere Formen der Theaterp\u00e4dagogik, wie zum Beispiel Kurzfilme drehen \u2013 das finden Jugendliche als Medium ja super spannend &#8211; k\u00f6nnten durch das Programm umgesetzt werden.<\/p>\n\n\n\n<p>Wir freuen uns \u00fcber ihre Unterst\u00fctzung und bedanken uns.<\/p>\n","protected":false},"excerpt":{"rendered":"<p>Bezug nehmend auf unseren Antrag &#8222;Demokratief\u00f6rderung durch kulturelle Bildung&#8220; haben wir folgendes Statement abgegeben.Eine \u00dcbersicht \u00fcber Antrag und Beschlussvorlage finden Sie hier zum Download:\u00a0\u00a0Demokratief\u00f6rderung durch kulturelle Bildung Von Martina Pellny: [&hellip;]<\/p>\n","protected":false},"author":-1,"featured_media":640,"comment_status":"closed","ping_status":"open","sticky":false,"template":"","format":"standard","meta":{"footnotes":""},"categories":[41,47],"tags":[60,95,79,110,111,16,112],"class_list":["post-851","post","type-post","status-publish","format-standard","has-post-thumbnail","hentry","category-kreistagsfraktion","category-antraege","tag-antrag","tag-bildung","tag-demokratie","tag-demokratiefoerderung","tag-keistagsfraktion","tag-kreistag","tag-kultur"],"_links":{"self":[{"href":"https:\/\/gruene-emsland.de\/index.php?rest_route=\/wp\/v2\/posts\/851","targetHints":{"allow":["GET"]}}],"collection":[{"href":"https:\/\/gruene-emsland.de\/index.php?rest_route=\/wp\/v2\/posts"}],"about":[{"href":"https:\/\/gruene-emsland.de\/index.php?rest_route=\/wp\/v2\/types\/post"}],"author":[{"embeddable":true,"href":"https:\/\/gruene-emsland.de\/index.php?rest_route=\/wp\/v2\/users\/4"}],"replies":[{"embeddable":true,"href":"https:\/\/gruene-emsland.de\/index.php?rest_route=%2Fwp%2Fv2%2Fcomments&post=851"}],"version-history":[{"count":3,"href":"https:\/\/gruene-emsland.de\/index.php?rest_route=\/wp\/v2\/posts\/851\/revisions"}],"predecessor-version":[{"id":867,"href":"https:\/\/gruene-emsland.de\/index.php?rest_route=\/wp\/v2\/posts\/851\/revisions\/867"}],"wp:featuredmedia":[{"embeddable":true,"href":"https:\/\/gruene-emsland.de\/index.php?rest_route=\/wp\/v2\/media\/640"}],"wp:attachment":[{"href":"https:\/\/gruene-emsland.de\/index.php?rest_route=%2Fwp%2Fv2%2Fmedia&parent=851"}],"wp:term":[{"taxonomy":"category","embeddable":true,"href":"https:\/\/gruene-emsland.de\/index.php?rest_route=%2Fwp%2Fv2%2Fcategories&post=851"},{"taxonomy":"post_tag","embeddable":true,"href":"https:\/\/gruene-emsland.de\/index.php?rest_route=%2Fwp%2Fv2%2Ftags&post=851"}],"curies":[{"name":"wp","href":"https:\/\/api.w.org\/{rel}","templated":true}]}}