{"id":849,"date":"2025-12-12T11:10:11","date_gmt":"2025-12-12T11:10:11","guid":{"rendered":"https:\/\/gruene-emsland.de\/?p=849"},"modified":"2025-12-15T11:37:56","modified_gmt":"2025-12-15T11:37:56","slug":"brand-und-katastrophenschutzkonzept-fuer-den-landkreis-emsland-unser-statement","status":"publish","type":"post","link":"https:\/\/gruene-emsland.de\/?p=849","title":{"rendered":"Brand- und Katastrophenschutzkonzept f\u00fcr den Landkreis Emsland &#8211; unser Statement"},"content":{"rendered":"\n<p><\/p>\n\n\n\n<p>Bezug nehmend auf das &#8222;Brand- und Katastrophenschutzkonzept f\u00fcr den Landkreis Emsland <br>\u00a0a) Brand- und Katastrophenschutzbedarfsplan<br>b) Zukunftsf\u00e4hige Ausrichtung der Feuerwehrtechnischen Zentralen\u201c <br>haben wir folgendes Statement abgegeben.<br>Eine \u00dcbersicht \u00fcber das Konzept finden Sie hier zum Download:\u00a0 <a href=\"https:\/\/landkreis-emsland.ratsinfomanagement.net\/sitzungsinfo\/vorgang\/?__=UGhVM0hpd2NXNFdFcExjZbp7AkUTyvhqtlWTzHbsFco\" target=\"_blank\" rel=\"noreferrer noopener\">Brand- und Katastrophenschuzkonzept<\/a><\/p>\n\n\n\n<p><em>Von Martina Pellny<\/em>:<br><br>Sehr geehrter Herr Vorsitzender, Herr Landrat, liebe Kolleg*Innen,<\/p>\n\n\n\n<p>wie schon im Ausschuss werden wir dem Brand- und Katastrophenschutzbedarfsplan zustimmen, wie auch dem Vorschlag f\u00fcr das Emsland zuk\u00fcnftig weiterhin 2 FTZen vorzuhalten.<\/p>\n\n\n\n<p>Um auf das Thema der FTZen vorweg einzugehen: hier sind wir froh, dass endlich eine gute Analyse vorliegt, wie wir in die Zukunft gehen. Wir Gr\u00fcnen unterst\u00fctzen die Argumente f\u00fcr den Erhalt von 2 FTZen im Landkreis, insbesondere weil wir ein Fl\u00e4chenlandkreis sind mit langen Fahrtzeiten \u2013 aber auch weil 2 hoffentlich dann bald funktionsf\u00e4hige FTZen uns eine Redundanz geben, die wir brauchen.<\/p>\n\n\n\n<p>Aber nun zum Bedarfsplan als solchen. Auch hier w\u00fcrde ich gerne noch ein paar Worte sagen.<\/p>\n\n\n\n<p>Wir begr\u00fc\u00dfen zun\u00e4chst einmal ausdr\u00fccklich, dass wir nun endlich einen echten Bedarfsplan vorliegen haben, und nicht nur ein reines Fahrzeugkonzept \u2013 also einen ganzheitlichen Ansatz, der alle im Katastrophenschutz beteiligten Fachdienste und Hilfsorganisationen mit einbezieht &#8211; und somit \u00fcber eine reine Feuerwehrbedarfsplanung weit hinausgeht.<\/p>\n\n\n\n<p>Dies ist insbesondere im Zuge der fortschreitenden Klimakrise f\u00fcr uns wichtig und eine klare Professionalisierung. Klimakrise und Katastrophenschutz sind leider zwei Seiten einer Medaille und sie verdienen, dass wir hier endlich ein abgestimmtes Risikomanagement fahren. Was ich damit sagen m\u00f6chte? Ich m\u00f6chte den Landkreis f\u00fcr diesen Plan loben!!! H\u00f6rt H\u00f6rt!!!<\/p>\n\n\n\n<p>Sie werden sich sicher erinnern, in der Haushaltssitzung vom letzten Jahr hatte ich noch einen Notfallplan f\u00fcr die unbeabsichtigte Freisetzung von Uranhexaflorid (UF6) in dicht besiedeltem Gebiet gefordert. Einer der Gr\u00fcnde waren, dass f\u00fcr eine solche Katastrophe mir kein integrierter Risikomanagementplan bekannt war. Jetzt haben wir endlich einen Bedarfsplan, der zumindest ansatzweise zwei Szenarien durchspielt, die darauf zutreffen: Gro\u00dfbrand mit Gefahrgutausstritt und der Massenanfall von Verletzten. Auch wenn mir die Szenarien nicht weit genug gehen, so m\u00f6chte ich doch ganz klar das Beteiligungskonzept f\u00fcr den heute vorliegenden Bedarfsplan loben: endlich sind auch Krankenh\u00e4user und Pflegeheime in die Beratung miteinbezogen worden. Das ist enorm wichtig, denn nur wenn Gesundheitseinrichtungen im Vorfeld einbezogen sind, k\u00f6nnen sie im Katastrophenfall auch reagieren.<\/p>\n\n\n\n<p>Und zwei weitere Sachen, falls Sie sich noch erinnern, war mir damals wichtig: die sofortige und konsistente Information der Bev\u00f6lkerung \u00fcber eine Katastrophe und die vorausschauende Kooperation mit Feuerwehren und Hilfsorganisationen aus den Niederlanden und NRW. Auch dies greift der nun vorliegende Bedarfsplan auf, sieht hier jedoch \u2013 wenn man in die Liste der Priorisierungen f\u00fcr Ma\u00dfnahmen schaut \u2013 noch einen sehr hohen Nachholbedarf. Gut, dass wir es jetzt schriftlich haben, und ich setze darauf, dass der Landkreis die vielen sehr hohen Priorit\u00e4ten \u2013 die Tabelle ist voll davon \u2013 jetzt auch wirklich angeht und abarbeitet.<\/p>\n\n\n\n<p>Wie sagt man so sch\u00f6n: Es ist also noch viel zu tun, aber wir haben einen Plan.<\/p>\n\n\n\n<p>Was wir nicht haben ist eine Kostenfolgenabsch\u00e4tzung. Ich rede hier nicht von einer konkreten Kostenaufstellung. Aber gew\u00fcnscht h\u00e4tte ich mir, dass wir schon mal einen Ansatz f\u00fcr die mittelfristige Finanzplanung mit Verabschiedung dieses Planes haben. So verabschieden wir nun einen Plan, der im Zweifel \u2013 wenn uns in den n\u00e4chsten Jahren das Geld ausgeht \u2013 ein Papiertiger bleibt.<\/p>\n\n\n\n<p>Wir stimmen zu, weil wir den gro\u00dfen Aufwand der Verwaltung sehen, uns hier zu professionalisieren \u2013 und weil wir f\u00fcr alle Feuerwehren und Hilfsorganisationen einen Rahmen w\u00fcnschen. Denn sie machen tolle Arbeit!!!<\/p>\n\n\n\n<p>In diesem Sinne, vielen Dank.<\/p>\n","protected":false},"excerpt":{"rendered":"<p>Bezug nehmend auf das &#8222;Brand- und Katastrophenschutzkonzept f\u00fcr den Landkreis Emsland \u00a0a) Brand- und Katastrophenschutzbedarfsplanb) Zukunftsf\u00e4hige Ausrichtung der Feuerwehrtechnischen Zentralen\u201c haben wir folgendes Statement abgegeben.Eine \u00dcbersicht \u00fcber das Konzept finden [&hellip;]<\/p>\n","protected":false},"author":-1,"featured_media":641,"comment_status":"closed","ping_status":"open","sticky":false,"template":"","format":"standard","meta":{"footnotes":""},"categories":[41],"tags":[69,109,108,53,99],"class_list":["post-849","post","type-post","status-publish","format-standard","has-post-thumbnail","hentry","category-kreistagsfraktion","tag-emsland","tag-feuerwehr","tag-katastrophenschutz","tag-kreistagsfraktion","tag-statement"],"_links":{"self":[{"href":"https:\/\/gruene-emsland.de\/index.php?rest_route=\/wp\/v2\/posts\/849","targetHints":{"allow":["GET"]}}],"collection":[{"href":"https:\/\/gruene-emsland.de\/index.php?rest_route=\/wp\/v2\/posts"}],"about":[{"href":"https:\/\/gruene-emsland.de\/index.php?rest_route=\/wp\/v2\/types\/post"}],"author":[{"embeddable":true,"href":"https:\/\/gruene-emsland.de\/index.php?rest_route=\/wp\/v2\/users\/4"}],"replies":[{"embeddable":true,"href":"https:\/\/gruene-emsland.de\/index.php?rest_route=%2Fwp%2Fv2%2Fcomments&post=849"}],"version-history":[{"count":2,"href":"https:\/\/gruene-emsland.de\/index.php?rest_route=\/wp\/v2\/posts\/849\/revisions"}],"predecessor-version":[{"id":866,"href":"https:\/\/gruene-emsland.de\/index.php?rest_route=\/wp\/v2\/posts\/849\/revisions\/866"}],"wp:featuredmedia":[{"embeddable":true,"href":"https:\/\/gruene-emsland.de\/index.php?rest_route=\/wp\/v2\/media\/641"}],"wp:attachment":[{"href":"https:\/\/gruene-emsland.de\/index.php?rest_route=%2Fwp%2Fv2%2Fmedia&parent=849"}],"wp:term":[{"taxonomy":"category","embeddable":true,"href":"https:\/\/gruene-emsland.de\/index.php?rest_route=%2Fwp%2Fv2%2Fcategories&post=849"},{"taxonomy":"post_tag","embeddable":true,"href":"https:\/\/gruene-emsland.de\/index.php?rest_route=%2Fwp%2Fv2%2Ftags&post=849"}],"curies":[{"name":"wp","href":"https:\/\/api.w.org\/{rel}","templated":true}]}}