{"id":847,"date":"2025-12-12T11:04:49","date_gmt":"2025-12-12T11:04:49","guid":{"rendered":"https:\/\/gruene-emsland.de\/?p=847"},"modified":"2025-12-15T11:37:42","modified_gmt":"2025-12-15T11:37:42","slug":"foerderprogramm-sozialer-wohnungsneubau-emsland-unser-statement","status":"publish","type":"post","link":"https:\/\/gruene-emsland.de\/?p=847","title":{"rendered":"F\u00f6rderprogramm \u201eSozialer Wohnungsneubau Emsland\u201c &#8211; unser Statement"},"content":{"rendered":"\n<p>Bezug nehmend auf den Antrag: \u201eF\u00f6rderprogramm \u201eSozialer Wohnungsneubau Emsland\u201c haben wir folgendes Statement abgegeben.<br>Eine \u00dcbersicht \u00fcber den Antrag finden Sie hier zum Download:\u00a0<a href=\"https:\/\/landkreis-emsland.ratsinfomanagement.net\/sitzungsinfo\/vorgang\/?__=UGhVM0hpd2NXNFdFcExjZRRnNvQhbtrjOVfyIlWb3tQ\" target=\"_blank\" rel=\"noreferrer noopener\">F\u00f6rderprogramm &#8222;Sozialer Wohnungsneubau Emsland&#8220;<\/a><\/p>\n\n\n\n<p><em>Von Melanie Kuipers<\/em>:<\/p>\n\n\n\n<p>Sehr geehrter Herr Vorsitzender, Herr Landrat, werte Kolleginnen, Kollegen und G\u00e4ste,&nbsp;<\/p>\n\n\n\n<p>mit dem Antrag der SPD-Fraktion soll ein weiterer Schritt in Richtung fl\u00e4chendeckende Versorgung mit sozialem Wohnraum hier im Emsland geschaffen werden. Er schlie\u00dft an die von uns vor zwei Jahren vorgeschlagene &nbsp;&#8211; und erfolgreich angelaufene &#8211; F\u00f6rderrichtlinie an, die die Kommunen bei der Beratung unterst\u00fctzt.<\/p>\n\n\n\n<p>Nun wird vorgeschlagen, nicht nur zu&nbsp; beraten, sondern beim Neubau, also konkret beim Erschaffen dieser dringend ben\u00f6tigten Wohnungen finanziell zu unterst\u00fctzen.<br>Das aktuell vorliegende Wohnraumversorungskonzept des Landkreises beschreibt diese Notwendigkeit n\u00e4mlich mehr als deutlich:<\/p>\n\n\n\n<p>Wir hatten Ende 2023 insgesamt 97 gef\u00f6rderte Mietwohnungen im gesamten Emsland, laut Prognose w\u00fcrde bei weiterhin ausbleibender Baut\u00e4tigkeit dieser Bestand bis 2040 auf nahezu null gehen.<br>Dabei werden in Zukunft noch <strong>mehr<\/strong> bezahlbare Wohnungen f\u00fcr verschiedene einkommensschwache Gruppen&nbsp; ben\u00f6tigt, vor allem f\u00fcr<\/p>\n\n\n\n<p>&#8211; Geringverdiener, &nbsp;<\/p>\n\n\n\n<p>&#8211; Alleinerziehende, &nbsp;&nbsp;<\/p>\n\n\n\n<p>&#8211; Familien<\/p>\n\n\n\n<p>&#8211; und vor allem auch f\u00fcr Senioren, auf die gesondert hingewiesen wird. Zitat: \u201edurch zunehmende Gefahr der Altersarmut sind verst\u00e4rkt auch \u00e4ltere Haushalte auf bezahlbaren Wohnraum angewiesen\u201c.<\/p>\n\n\n\n<p>Vor diesem Hintergrund werden bis 2040 mindestens 206, besser sogar 271&nbsp; preisgebundene Wohnungen ben\u00f6tigt.<\/p>\n\n\n\n<p>Der Landkreis sieht die Verantwortung und die Schaffung bei den Kommunen. Eine F\u00f6rderung von unserer Seite w\u00e4re jedoch ein Signal, hier einen Turbo einzulegen und zudem ein Bekenntnis an diejenigen in unserem Kreisgebiet, die weniger gut gestellt sind. Der Landkreis h\u00e4tte das Geld und das &nbsp;w\u00e4re an dieser Stelle gut eingesetzt.<\/p>\n\n\n\n<p>Gerade im Bereich sozialer Wohnungsbau l\u00e4sst sich zudem besonders energieeffizient und ressourcenschonend Planen; das ist ein Effekt, der noch jahrzehntelang nachhaltig f\u00fcr uns wirken kann.<\/p>\n\n\n\n<p>Wir von der Fraktion der Gr\u00fcnen sehen also den Antrag der SPD als eine gute Fortf\u00fchrung dessen, was mit der F\u00f6rderrichtlinie aus 2024 begonnen wurde und bedauern sehr, wenn diese Chance nicht ergriffen wird. &nbsp;Wir werden daher gegen den Vorschlag der Verwaltung stimmen und den Antrag der SPD unterst\u00fctzen.<\/p>\n\n\n\n<p>Weiterf\u00fchrende Links:<br><br>Unser Antrag 12.2023 und Beschlussvorlage:<br><a href=\"https:\/\/landkreis-emsland.ratsinfomanagement.net\/vorgang\/?__=UGhVM0hpd2NXNFdFcExjZQV_mUmHIZ24rrOsMKJCNoE\" target=\"_blank\" rel=\"noreferrer noopener\">https:\/\/landkreis-emsland.ratsinfomanagement.net\/vorgang\/?__=UGhVM0hpd2NXNFdFcExjZQV_mUmHIZ24rrOsMKJCNoE<\/a><br><\/p>\n\n\n\n<p>Beschlussvorlage F\u00f6rderrichtlinie 06.2024<\/p>\n\n\n\n<p><a href=\"https:\/\/landkreis-emsland.ratsinfomanagement.net\/vorgang\/?__=UGhVM0hpd2NXNFdFcExjZWQqMxKxBv5EMEemOwuiTR8\" target=\"_blank\" rel=\"noreferrer noopener\">https:\/\/landkreis-emsland.ratsinfomanagement.net\/vorgang\/?__=UGhVM0hpd2NXNFdFcExjZWQqMxKxBv5EMEemOwuiTR8<\/a><\/p>\n\n\n\n<p>NDR: <a href=\"https:\/\/www.ardmediathek.de\/video\/hallo-niedersachsen\/sozialer-wohnungsbau-sind-power-townhouses-die-loesung\/ndr\/Y3JpZDovL25kci5kZS8yZjQyN2NhNy1kNjg3LTQ0YTgtODNkZi1hZTRlNWE1MGE3ODc\" target=\"_blank\" rel=\"noreferrer noopener\">https:\/\/www.ardmediathek.de\/video\/hallo-niedersachsen\/sozialer-wohnungsbau-sind-power-townhouses-die-loesung\/ndr\/Y3JpZDovL25kci5kZS8yZjQyN2NhNy1kNjg3LTQ0YTgtODNkZi1hZTRlNWE1MGE3ODc<\/a><\/p>\n\n\n\n<p><\/p>\n","protected":false},"excerpt":{"rendered":"<p>Bezug nehmend auf den Antrag: \u201eF\u00f6rderprogramm \u201eSozialer Wohnungsneubau Emsland\u201c haben wir folgendes Statement abgegeben.Eine \u00dcbersicht \u00fcber den Antrag finden Sie hier zum Download:\u00a0F\u00f6rderprogramm &#8222;Sozialer Wohnungsneubau Emsland&#8220; Von Melanie Kuipers: Sehr [&hellip;]<\/p>\n","protected":false},"author":-1,"featured_media":641,"comment_status":"closed","ping_status":"open","sticky":false,"template":"","format":"standard","meta":{"footnotes":""},"categories":[41],"tags":[53,106,99,107,105],"class_list":["post-847","post","type-post","status-publish","format-standard","has-post-thumbnail","hentry","category-kreistagsfraktion","tag-kreistagsfraktion","tag-sozialwohnungen","tag-statement","tag-wohnraumversorgungskonzept","tag-wohnungsbau"],"_links":{"self":[{"href":"https:\/\/gruene-emsland.de\/index.php?rest_route=\/wp\/v2\/posts\/847","targetHints":{"allow":["GET"]}}],"collection":[{"href":"https:\/\/gruene-emsland.de\/index.php?rest_route=\/wp\/v2\/posts"}],"about":[{"href":"https:\/\/gruene-emsland.de\/index.php?rest_route=\/wp\/v2\/types\/post"}],"author":[{"embeddable":true,"href":"https:\/\/gruene-emsland.de\/index.php?rest_route=\/wp\/v2\/users\/4"}],"replies":[{"embeddable":true,"href":"https:\/\/gruene-emsland.de\/index.php?rest_route=%2Fwp%2Fv2%2Fcomments&post=847"}],"version-history":[{"count":3,"href":"https:\/\/gruene-emsland.de\/index.php?rest_route=\/wp\/v2\/posts\/847\/revisions"}],"predecessor-version":[{"id":865,"href":"https:\/\/gruene-emsland.de\/index.php?rest_route=\/wp\/v2\/posts\/847\/revisions\/865"}],"wp:featuredmedia":[{"embeddable":true,"href":"https:\/\/gruene-emsland.de\/index.php?rest_route=\/wp\/v2\/media\/641"}],"wp:attachment":[{"href":"https:\/\/gruene-emsland.de\/index.php?rest_route=%2Fwp%2Fv2%2Fmedia&parent=847"}],"wp:term":[{"taxonomy":"category","embeddable":true,"href":"https:\/\/gruene-emsland.de\/index.php?rest_route=%2Fwp%2Fv2%2Fcategories&post=847"},{"taxonomy":"post_tag","embeddable":true,"href":"https:\/\/gruene-emsland.de\/index.php?rest_route=%2Fwp%2Fv2%2Ftags&post=847"}],"curies":[{"name":"wp","href":"https:\/\/api.w.org\/{rel}","templated":true}]}}