{"id":844,"date":"2025-12-11T10:45:48","date_gmt":"2025-12-11T10:45:48","guid":{"rendered":"https:\/\/gruene-emsland.de\/?p=844"},"modified":"2025-12-15T11:37:05","modified_gmt":"2025-12-15T11:37:05","slug":"foerderung-von-dach-und-fassadenbegruenung-antrag-der-kreistagsfraktion-buendnis-90-die-gruenen-zum-haushalt-2026-unser-statement","status":"publish","type":"post","link":"https:\/\/gruene-emsland.de\/?p=844","title":{"rendered":"F\u00f6rderung von Dach- und Fassadenbegr\u00fcnung: Antrag der Kreistagsfraktion B\u00dcNDNIS 90\/DIE GR\u00dcNEN zum Haushalt 2026 &#8211; unser Statement"},"content":{"rendered":"\n<p>Bezug nehmend auf unseren Antrag: &#8222;F\u00f6rderung von Dach- und Fassadenbegr\u00fcnung: Antrag der Kreistagsfraktion B\u00dcNDNIS 90\/DIE GR\u00dcNEN zum Haushalt 2026&#8220; haben wir folgendes Statement abgegeben. <br>Den Antrag und die Beschlussvorlage finden Sie hier zum Download: <a href=\"https:\/\/landkreis-emsland.ratsinfomanagement.net\/sitzungsinfo\/vorgang\/?__=UGhVM0hpd2NXNFdFcExjZW5zT1sQ1UW09Aj6be59Msk\" data-type=\"link\" data-id=\"https:\/\/landkreis-emsland.ratsinfomanagement.net\/sitzungsinfo\/vorgang\/?__=UGhVM0hpd2NXNFdFcExjZW5zT1sQ1UW09Aj6be59Msk\" target=\"_blank\" rel=\"noreferrer noopener\">F\u00f6rderung von Dach- und Fassadenbegr\u00fcnung<\/a><\/p>\n\n\n\n<p><em>Von Klemens Grolle<\/em><\/p>\n\n\n\n<p>In 2024 lag in Deutschland die durchschnittliche Temperatur um 2,7 Grad \u00fcber dem Durchschnittswert der Referenzperiode von 1961 \u2013 1990. Auch wenn in 2025 die Durchschnittstemperatur ein wenig geringer war, bleibt der Handlungsdruck und der Handlungsbedarf im Bereich der Klimafolgenanpassung enorm hoch. Die im Klimasteckbrief des Emslandes aufgezeigten Szenarien im Hinblick auf den Klimawandel sind ebenfalls nicht beruhigend.<\/p>\n\n\n\n<p>Der Temperaturanstieg wird die zuk\u00fcnftigen Entwicklungen, sowohl global, aber auch lokal erheblich beeinflussen. Die Gesellschaft und insbesondere die Kommunen m\u00fcssen m\u00f6glichst schnell lernen auf die ge\u00e4nderten Anforderungen zu reagieren und mit entsprechenden Ma\u00dfnahmen entgegenzuwirken.<\/p>\n\n\n\n<p>Die Kommunen sind f\u00fcr die Gestaltung und Instandhaltung ihrer \u00f6ffentlichen Geb\u00e4ude verantwortlich und m\u00fcssen dazu beitragen, dass Europa bis 2050 klimaneutral wird. Der Kreis m\u00f6chte sogar bis 2040 klimaneutral werden. Das k\u00f6nnen wir nur begr\u00fc\u00dfen<\/p>\n\n\n\n<p>Aber viele Kommunen sind jedoch aus finanziellen Gr\u00fcnden oft nicht in der Lage das zu realisieren. Deshalb haben wir als erste Ma\u00dfnahme am 16.06.25 die<\/p>\n\n\n\n<p>\u201e<strong>Richtlinie \u00fcber die F\u00f6rderung von kommunalen Ma\u00dfnahmen zur Anpassung an die Folgen des Klimawandels im Landkreis Emsland.\u201c <\/strong>beschlossen.<\/p>\n\n\n\n<p><strong>Ich zitiere daraus:<\/strong><\/p>\n\n\n\n<p><em>Der Landkreis Emsland f\u00f6rdert &nbsp;innerhalb des Kreisgebietes Ma\u00dfnahmen zur strategischen Anpassung an den Klimawandel. Damit soll in den St\u00e4dten, Samtgemeinden und Gemeinden des Landkreises Emsland die Vulnerabilit\u00e4t gegen\u00fcber Klimawandelfolgen verringert, die Resilienz erh\u00f6ht, sowie eine Sensibilisierung f\u00fcr das Thema Klimawandel erreicht werden.<\/em><\/p>\n\n\n\n<p><strong>Zitat Ende<\/strong><\/p>\n\n\n\n<p>Vor diesem Hintergrund verstehen wir die Ablehnung unseres Antrags nicht. Aus unserer Sicht w\u00e4re es nur konsequent die Kommunen nicht nur bei Planungen u. kleinen Projekten, sondern auch zielstrebig bei Realisierung von Bauma\u00dfnahmen im Hinblick auf die Anpassung an die Folgen des Klimawandels zu unterst\u00fctzen !<\/p>\n\n\n\n<p>Unser Antrag die <strong>F\u00f6rderrichtlinien<\/strong> des Landkreises Emsland, die Bauma\u00dfnahmen betreffen, dahingehend zu erweitern, dass Ma\u00dfnahmen zur Begr\u00fcnung von D\u00e4chern und Fassaden zu 50 % f\u00f6rderf\u00e4hig sind, zielt genau darauf ab. So sollen weitere Anreize f\u00fcr die Kommunen geschaffen werden bei der Realisierung von Bauma\u00dfnahmen die Klimafolgenanpassung mit zu ber\u00fccksichtigen. Es ist ein Angebot, keine Verpflichtung!<\/p>\n\n\n\n<p>Nat\u00fcrlich bevorzugt und privilegiert unserer Antrag bauliche Einzelma\u00dfnahmen. Und das kostet nat\u00fcrlich auch zus\u00e4tzlich Geld! Aber genau das m\u00fcssen wir machen, wir m\u00fcssen Geld in die Hand nehmen, um die Klimafolgen abzumildern. Schaut man auf auf die allgemeinen Zahlen und auf die Zeitschiene bis 2040, <strong>so ist es<\/strong> gerade im Bereich Bauen &nbsp;&#8211; aufgrund der langen Vorlaufzeiten &#8211; &nbsp;dringend notwendig, dass auch im Kreis der Macher jetzt kurzfristig was gemacht wird.<\/p>\n\n\n\n<p>Dach- und Fassadenbegr\u00fcnung ist da nur ein Baustein, aber ein nachhaltiger, der viele Vorteile hat:<\/p>\n\n\n\n<ul class=\"wp-block-list\">\n<li>Dach- und Fassadenbegr\u00fcnung tragen zur Verbesserung des Geb\u00e4ude- und Raumklimas bei.<\/li>\n\n\n\n<li>Substratauflage und Bewuchs verbessern den D\u00e4mmwert der Geb\u00e4ude, so dass im Winter die Heizkosten reduziert werden.<\/li>\n\n\n\n<li>Im Sommer hat die Dach- und Fassadenbegr\u00fcnung einen k\u00fchlenden Effekt f\u00fcr die Geb\u00e4ude.<\/li>\n\n\n\n<li>Ebenso wirken sich Dach- und Fassadenbegr\u00fcnungen positiv auf das lokale Mikroklima aus. Sie binden CO\u2082 und produzieren Sauerstoff.<\/li>\n\n\n\n<li>Zus\u00e4tzlich k\u00f6nnen Dach- und Fassadenbegr\u00fcnungen Staub und Schadstoffe aus der Luft filtern.<\/li>\n<\/ul>\n\n\n\n<p>Auch die Kreisverwaltung sieht offensichtlich die Vorteile. Ich verweise &nbsp;an dieser Stelle auf das Pilotprojekt des Kreises zur Begr\u00fcnung von Bauten; n\u00e4mlich den Bau f\u00fcr die EDV-Server. <strong>Da<\/strong> ist es aus unserer Sicht nur konsequent dies zuk\u00fcnftig auch f\u00fcr weitere Geb\u00e4ude in den einzelnen Kommunen zu erm\u00f6glichen.<\/p>\n\n\n\n<p>Und aus unserer Sicht auch wesentlich: \u00d6ffentliche Geb\u00e4ude haben eine Vorbildfunktion und eine Signalwirkung f\u00fcr allgemeine Bauaktivit\u00e4ten.<\/p>\n\n\n\n<p>&#8212;&#8212;<\/p>\n\n\n\n<p>Liebe Kolleginnen und Kollegen deshalb bitte ich euch darum dem Beschlussvorschlag der Verwaltung nicht zuzustimmen.<\/p>\n","protected":false},"excerpt":{"rendered":"<p>Bezug nehmend auf unseren Antrag: &#8222;F\u00f6rderung von Dach- und Fassadenbegr\u00fcnung: Antrag der Kreistagsfraktion B\u00dcNDNIS 90\/DIE GR\u00dcNEN zum Haushalt 2026&#8220; haben wir folgendes Statement abgegeben. Den Antrag und die Beschlussvorlage finden [&hellip;]<\/p>\n","protected":false},"author":-1,"featured_media":640,"comment_status":"closed","ping_status":"open","sticky":false,"template":"","format":"standard","meta":{"footnotes":""},"categories":[41,47],"tags":[60,103,104,52,53],"class_list":["post-844","post","type-post","status-publish","format-standard","has-post-thumbnail","hentry","category-kreistagsfraktion","category-antraege","tag-antrag","tag-dachbegruenung","tag-fassadenbegruenung","tag-haushalt","tag-kreistagsfraktion"],"_links":{"self":[{"href":"https:\/\/gruene-emsland.de\/index.php?rest_route=\/wp\/v2\/posts\/844","targetHints":{"allow":["GET"]}}],"collection":[{"href":"https:\/\/gruene-emsland.de\/index.php?rest_route=\/wp\/v2\/posts"}],"about":[{"href":"https:\/\/gruene-emsland.de\/index.php?rest_route=\/wp\/v2\/types\/post"}],"author":[{"embeddable":true,"href":"https:\/\/gruene-emsland.de\/index.php?rest_route=\/wp\/v2\/users\/4"}],"replies":[{"embeddable":true,"href":"https:\/\/gruene-emsland.de\/index.php?rest_route=%2Fwp%2Fv2%2Fcomments&post=844"}],"version-history":[{"count":2,"href":"https:\/\/gruene-emsland.de\/index.php?rest_route=\/wp\/v2\/posts\/844\/revisions"}],"predecessor-version":[{"id":863,"href":"https:\/\/gruene-emsland.de\/index.php?rest_route=\/wp\/v2\/posts\/844\/revisions\/863"}],"wp:featuredmedia":[{"embeddable":true,"href":"https:\/\/gruene-emsland.de\/index.php?rest_route=\/wp\/v2\/media\/640"}],"wp:attachment":[{"href":"https:\/\/gruene-emsland.de\/index.php?rest_route=%2Fwp%2Fv2%2Fmedia&parent=844"}],"wp:term":[{"taxonomy":"category","embeddable":true,"href":"https:\/\/gruene-emsland.de\/index.php?rest_route=%2Fwp%2Fv2%2Fcategories&post=844"},{"taxonomy":"post_tag","embeddable":true,"href":"https:\/\/gruene-emsland.de\/index.php?rest_route=%2Fwp%2Fv2%2Ftags&post=844"}],"curies":[{"name":"wp","href":"https:\/\/api.w.org\/{rel}","templated":true}]}}