{"id":841,"date":"2025-12-10T10:36:56","date_gmt":"2025-12-10T10:36:56","guid":{"rendered":"https:\/\/gruene-emsland.de\/?p=841"},"modified":"2025-12-15T11:36:42","modified_gmt":"2025-12-15T11:36:42","slug":"einfuehrung-eines-aufforstungsprogramms-naturwald-mit-integrierter-biotopvernetzung-zur-staerkung-der-biodiversitaet-und-des-klimaschutzes-unser-statement","status":"publish","type":"post","link":"https:\/\/gruene-emsland.de\/?p=841","title":{"rendered":"\u201eEinf\u00fchrung eines Aufforstungsprogramms Naturwald mit integrierter Biotopvernetzung zur St\u00e4rkung der Biodiversit\u00e4t und des Klimaschutzes&#8220; &#8211; unser Statement"},"content":{"rendered":"\n<p>Bezug nehmend auf den Antrag: &#8222;Einf\u00fchrung eines Aufforstungsprogramms Naturwald mit integrierter Biotopvernetzung zur St\u00e4rkung der Biodiversit\u00e4t und des Klimaschutzes&#8220; haben wir folgendes Statement abgegeben. <br>Eine \u00dcbersicht \u00fcber den Antrag finden Sie hier zum Download: <a href=\"https:\/\/landkreis-emsland.ratsinfomanagement.net\/sitzungsinfo\/vorgang\/?__=UGhVM0hpd2NXNFdFcExjZeaXj95hg4z4IGVITUjPcY0\" target=\"_blank\" rel=\"noreferrer noopener\">\u00dcbersicht Antrag Aufforstungsprogramm<\/a><br><br><em>Von Klemens Grolle<\/em>:<br><br>Der Antrag der SPD auf \u201eEinf\u00fchrung eines Aufforstungsprogramms Naturwald mit integrierter Biotopvernetzung zur St\u00e4rkung der Biodiversit\u00e4t und des Klimaschutzes\u201c stellt aus unserer Sicht einen sehr sinnvollen Ansatz zum Natur- und Artenschutz dar. Und damit verbunden ist letztlich auch viel Nutzen f\u00fcr die Bev\u00f6lkerung. Die zu erwartenden Ersatzgelder aus der Realisierung der Windenergieanlagen bieten daf\u00fcr eine gute finanzielle Basis.<\/p>\n\n\n\n<p>All\u2018 die aufgef\u00fchrten vermeintlichen Gegenargumente sind aus unserer Sicht nur Scheinargumente.<\/p>\n\n\n\n<p>Die integrative Betrachtung aller Aspekte beinhaltet nat\u00fcrlich auch die Betrachtung der Anforderungen f\u00fcr Wiesenv\u00f6gel. Damit gegen den Antrag zu argumentieren, greift zu kurz und ist aus unser Sicht nicht zul\u00e4ssig.<\/p>\n\n\n\n<p>Die Durchf\u00fchrung einzelner Ma\u00dfnahmen, wie die Auenentwicklung unter dem Stichwort Blaues Band und die Wiedervern\u00e4ssung der Moore sind wichtig und begr\u00fc\u00dfenswert. Aber sie sind nicht hinreichend.<\/p>\n\n\n\n<p>Nur eine ganzheitliche Betrachtung und die Entwicklung eines integrierten Gesamtkonzeptes, das sowohl Aufforstung als auch Biotopvernetzung umfasst, sollte der Ansatz sein, um den Umweltschutz und Klimafolgenanpassung im Landkreis Emsland als Ganzes voranzubringen.<\/p>\n\n\n\n<p>Es ist die Voraussetzung daf\u00fcr mit entsprechenden Ma\u00dfnahmen und Projekten langfristig positive Effekte f\u00fcr Natur, Klima und die regionale Lebensqualit\u00e4t zu erzielen.<\/p>\n\n\n\n<p>Auch die Betrachtung der Randbedingungen was z.B. die Fl\u00e4chenkonkurrenz bez\u00fcglich landwirtschaftlicher Nutzung und Naturschutz betrifft, ist ein zentrales Element eines solchen integrierten L\u00f6sungsansatzes. Die vorhandenen Ans\u00e4tze, wie z.B. der nieders\u00e4chsische Weg sind ein Anfang. Er reicht aber nicht.<\/p>\n\n\n\n<p>Die Kombination aus Aufforstung und Biotopvernetzung bietet eine langfristige und nachhaltige L\u00f6sung f\u00fcr die \u00f6kologischen Herausforderungen unseres Landkreises. Als Reaktion auf die \u00c4nderungen des Klimas, wird so die Artenvielfalt gef\u00f6rdert und die Landschaft wird robuster und resilienter gegen\u00fcber klimatischen Ver\u00e4nderungen. Davon profitiert letztlich auch die landwirtschaftliche Nutzung. Gleichzeitig entstehen neue Erholungsr\u00e4ume f\u00fcr die Bev\u00f6lkerung, was auch den Lebenswert der Region erh\u00f6ht.<\/p>\n\n\n\n<p>Die Erarbeitung eines solchen integrierten Konzeptes braucht nat\u00fcrlich Zeit. Deswegen sollten wir so schnell wie m\u00f6glich damit anfangen.<\/p>\n\n\n\n<p>Liebe Kolleginnen und Kollegen, &nbsp;deshalb bitte ich euch darum dem Beschlussvorschlag der Verwaltung nicht zuzustimmen.<\/p>\n\n\n\n<p><\/p>\n","protected":false},"excerpt":{"rendered":"<p>Bezug nehmend auf den Antrag: &#8222;Einf\u00fchrung eines Aufforstungsprogramms Naturwald mit integrierter Biotopvernetzung zur St\u00e4rkung der Biodiversit\u00e4t und des Klimaschutzes&#8220; haben wir folgendes Statement abgegeben. Eine \u00dcbersicht \u00fcber den Antrag finden [&hellip;]<\/p>\n","protected":false},"author":-1,"featured_media":641,"comment_status":"closed","ping_status":"open","sticky":false,"template":"","format":"standard","meta":{"footnotes":""},"categories":[41],"tags":[100,101,53,14,99],"class_list":["post-841","post","type-post","status-publish","format-standard","has-post-thumbnail","hentry","category-kreistagsfraktion","tag-aufforstung","tag-diversitaet","tag-kreistagsfraktion","tag-naturschutz","tag-statement"],"_links":{"self":[{"href":"https:\/\/gruene-emsland.de\/index.php?rest_route=\/wp\/v2\/posts\/841","targetHints":{"allow":["GET"]}}],"collection":[{"href":"https:\/\/gruene-emsland.de\/index.php?rest_route=\/wp\/v2\/posts"}],"about":[{"href":"https:\/\/gruene-emsland.de\/index.php?rest_route=\/wp\/v2\/types\/post"}],"author":[{"embeddable":true,"href":"https:\/\/gruene-emsland.de\/index.php?rest_route=\/wp\/v2\/users\/4"}],"replies":[{"embeddable":true,"href":"https:\/\/gruene-emsland.de\/index.php?rest_route=%2Fwp%2Fv2%2Fcomments&post=841"}],"version-history":[{"count":2,"href":"https:\/\/gruene-emsland.de\/index.php?rest_route=\/wp\/v2\/posts\/841\/revisions"}],"predecessor-version":[{"id":862,"href":"https:\/\/gruene-emsland.de\/index.php?rest_route=\/wp\/v2\/posts\/841\/revisions\/862"}],"wp:featuredmedia":[{"embeddable":true,"href":"https:\/\/gruene-emsland.de\/index.php?rest_route=\/wp\/v2\/media\/641"}],"wp:attachment":[{"href":"https:\/\/gruene-emsland.de\/index.php?rest_route=%2Fwp%2Fv2%2Fmedia&parent=841"}],"wp:term":[{"taxonomy":"category","embeddable":true,"href":"https:\/\/gruene-emsland.de\/index.php?rest_route=%2Fwp%2Fv2%2Fcategories&post=841"},{"taxonomy":"post_tag","embeddable":true,"href":"https:\/\/gruene-emsland.de\/index.php?rest_route=%2Fwp%2Fv2%2Ftags&post=841"}],"curies":[{"name":"wp","href":"https:\/\/api.w.org\/{rel}","templated":true}]}}