{"id":838,"date":"2025-12-09T10:28:27","date_gmt":"2025-12-09T10:28:27","guid":{"rendered":"https:\/\/gruene-emsland.de\/?p=838"},"modified":"2025-12-15T11:36:30","modified_gmt":"2025-12-15T11:36:30","slug":"klimaschutzkonzept-des-landkreis-emsland-unser-statement","status":"publish","type":"post","link":"https:\/\/gruene-emsland.de\/?p=838","title":{"rendered":"Klimaschutzkonzept 2025 des Landkreis Emsland &#8211; unser Statement"},"content":{"rendered":"\n<p>Bezug nehmend auf das &#8222;Klimaschutzkonzept 2025 als aktuelle Bestandsaufnahme und<br>konkretes Arbeitsprogramm in Anlehnung an die bestehende Energie- und Klimaschutzstrategie 2030 f\u00fcr den Landkreis Emsland&#8220; haben wir folgendes Statement abgegeben. <br>Das Klimaschutzkonzept finden Sie hier zum Download: <a href=\"https:\/\/landkreis-emsland.ratsinfomanagement.net\/sitzungsinfo\/sdnetrim\/UGhVM0hpd2NXNFdFcExjZer_eFaL7jN0vbwtN3KI8fvL5t0sTC7pRFNsgeMb54xM\/260-2025-Klimastrategie_Landkreis_Emsland.pdf\" target=\"_blank\" rel=\"noreferrer noopener\">Klimaschutzkonzept Landkreis Emsland<\/a><\/p>\n\n\n\n<p><em>Von Klemens Grolle<\/em><\/p>\n\n\n\n<p>Das Land Niedersachsen forciert die Treibhausgasneutralit\u00e4t und will sie bis sp\u00e4testens 2040 erreichen. Um diese ambitionierten Klimaziele des Landes Niedersachsen zu erreichen, kommt den Kommunen und Landkreisen eine zentrale Rolle zu.<\/p>\n\n\n\n<p>Mit der vorliegenden Klimastrategie will der Kreis Emsland nicht nur die gesetzli\u00adchen Anforderungen, gem\u00e4\u00df des Nieders\u00e4chsischen Klimagesetzes erf\u00fcllen, sondern geht bewusst dar\u00fcber hinaus: Der gesamte Landkreis soll, gemeinsam mit unseren St\u00e4dten, Samtgemeinden und Gemeinden, Unternehmen und B\u00fcr\u00adgerinnen und B\u00fcrgern, auf den Weg zur Treibhausgasneutralit\u00e4t gebracht wer\u00adden. Das k\u00f6nnen wir nur begr\u00fc\u00dfen.<\/p>\n\n\n\n<p>Das ist eine gro\u00dfe Herausforderung, weil im Bilanzjahr 2022 die Emissionen pro Ein\u00adwohner im Emsland bei 12,1 Tonnen CO2\u2014\u00c4quivalent lagen. Das Emsland liegt damit deutlich \u00fcber dem bundesweiten Durchschnittswert von etwa 7,6 Tonnen CO2 \u00c4quivalent je Einwoh\u00adner.<\/p>\n\n\n\n<p>Wesentlich sind dabei die hohen Emissionen aus der Industrie mit 43 Prozent und dem Verkehr mit 26 Prozent aller Treibhausgase.<\/p>\n\n\n\n<p>Bin gespannt wie wir das &#8211; bei angestrebtem Wirtschaftswachstum und steigen\u00adden Verkehren \u2013 die geplante E 233 l\u00e4sst gr\u00fc\u00dfen- schaffen wollen. Und die Ver\u00adwendung von Wasserstoff ist, wie wir im Kreisentwicklungsausschusses beim Besuch der H<sub>2<\/sub>-Pilotanlage in Lingen gelernt haben, zun\u00e4chst prim\u00e4r f\u00fcr die stoffliche Verwertung in Industrieprozes\u00adsen vorgesehen und ist damit auf absehbare Zeit f\u00fcr den W\u00e4rmesektor nicht verf\u00fcgbar. Da sollten sich die Energielenker nochmal vor Ort ein Update holen.<\/p>\n\n\n\n<p>Dennoch wurden bereits in der Vergangenheit und es werden auch aktuell viele Ma\u00dfnahmen im Bereich Umweltschutz und Klimafolgenbew\u00e4ltigung angegan\u00adgen. Da ist aber noch deutlich Luft nach oben. Dazu geh\u00f6rt, neben vielen An\u00adsatzpunkten zur direkten Energieeinsparung, zum Beispiel das Thema Kreislaufwirtschaft bzw. der schonende Umgang mit unseren Ressourcen.<\/p>\n\n\n\n<p>Mit der Wiederverwendung von Stoffen l\u00e4sst sich erheblich Energie sparen. Lei\u00adder wurde unser Antrag dazu, sich zumindest mal einen \u00dcberblick \u00fcber vorhan\u00addene Pilotprojekte und F\u00f6rderm\u00f6glichkeiten in der EU zu verschaffen, im Vorjahr abgelehnt. Aber wir bleiben da dran und: Was nicht ist kann ja im neuen Jahr noch werden. Nat\u00fcrlich werden wir dem vorliegenden Beschlussvorschlag zustimmen. Es wird sich zeigen, ob die dargestellten und angestrebten Ziele in der n\u00f6tigen Stringenz angegangen werden, oder nur ein Versprechen f\u00fcr den kommenden Kommunal\u00adwahlkampf sind.<\/p>\n","protected":false},"excerpt":{"rendered":"<p>Bezug nehmend auf das &#8222;Klimaschutzkonzept 2025 als aktuelle Bestandsaufnahme undkonkretes Arbeitsprogramm in Anlehnung an die bestehende Energie- und Klimaschutzstrategie 2030 f\u00fcr den Landkreis Emsland&#8220; haben wir folgendes Statement abgegeben. Das [&hellip;]<\/p>\n","protected":false},"author":-1,"featured_media":641,"comment_status":"closed","ping_status":"open","sticky":false,"template":"","format":"standard","meta":{"footnotes":""},"categories":[41],"tags":[98,53,99],"class_list":["post-838","post","type-post","status-publish","format-standard","has-post-thumbnail","hentry","category-kreistagsfraktion","tag-klimaschutzkonzept","tag-kreistagsfraktion","tag-statement"],"_links":{"self":[{"href":"https:\/\/gruene-emsland.de\/index.php?rest_route=\/wp\/v2\/posts\/838","targetHints":{"allow":["GET"]}}],"collection":[{"href":"https:\/\/gruene-emsland.de\/index.php?rest_route=\/wp\/v2\/posts"}],"about":[{"href":"https:\/\/gruene-emsland.de\/index.php?rest_route=\/wp\/v2\/types\/post"}],"author":[{"embeddable":true,"href":"https:\/\/gruene-emsland.de\/index.php?rest_route=\/wp\/v2\/users\/4"}],"replies":[{"embeddable":true,"href":"https:\/\/gruene-emsland.de\/index.php?rest_route=%2Fwp%2Fv2%2Fcomments&post=838"}],"version-history":[{"count":4,"href":"https:\/\/gruene-emsland.de\/index.php?rest_route=\/wp\/v2\/posts\/838\/revisions"}],"predecessor-version":[{"id":861,"href":"https:\/\/gruene-emsland.de\/index.php?rest_route=\/wp\/v2\/posts\/838\/revisions\/861"}],"wp:featuredmedia":[{"embeddable":true,"href":"https:\/\/gruene-emsland.de\/index.php?rest_route=\/wp\/v2\/media\/641"}],"wp:attachment":[{"href":"https:\/\/gruene-emsland.de\/index.php?rest_route=%2Fwp%2Fv2%2Fmedia&parent=838"}],"wp:term":[{"taxonomy":"category","embeddable":true,"href":"https:\/\/gruene-emsland.de\/index.php?rest_route=%2Fwp%2Fv2%2Fcategories&post=838"},{"taxonomy":"post_tag","embeddable":true,"href":"https:\/\/gruene-emsland.de\/index.php?rest_route=%2Fwp%2Fv2%2Ftags&post=838"}],"curies":[{"name":"wp","href":"https:\/\/api.w.org\/{rel}","templated":true}]}}