{"id":811,"date":"2025-12-15T11:40:00","date_gmt":"2025-12-15T11:40:00","guid":{"rendered":"https:\/\/gruene-emsland.de\/?p=811"},"modified":"2025-12-15T11:47:00","modified_gmt":"2025-12-15T11:47:00","slug":"antraege-der-kreistagsfraktion-zum-haushalt-2026","status":"publish","type":"post","link":"https:\/\/gruene-emsland.de\/?p=811","title":{"rendered":"Antr\u00e4ge der Kreistagsfraktion zum Haushalt 2026"},"content":{"rendered":"\n<p>Die Kreistagsfraktion der Gr\u00fcnen hat mit ihren Antr\u00e4gen zum Haushalt 2026 erneut Vorschl\u00e4ge eingebracht, die die Lebensqualit\u00e4t f\u00fcr die Menschen im Emsland verbessern. Die insgesamt sechs verschiedenen Antr\u00e4gen haben die Thematischen Schwerpunkte im Bereich Mobilit\u00e4t, Klimaschutz, Pr\u00e4vention im Bereich &#8222;Seelische Gesundheit f\u00fcr Sch\u00fcler*innen&#8220; sowie Demokratief\u00f6rderung. <br>Im Bereich Demokratief\u00f6rderung schl\u00e4gt die Fraktion vor, dem Landkreis m\u00f6ge Mittel in H\u00f6he von 25.000 \u20ac bereitstellen, um Schulen sowie gegebenenfalls Jugendeinrichtungen und Vereinen zu erm\u00f6glichen, ein Kinder- und Jugendtheater zu pr\u00e4ventiven Themen zu buchen oder \u2013 sofern Fachkr\u00e4fte vor Ort vorhanden sind \u2013 eigene Theaterprojekte zu entwickeln und durchzuf\u00fchren. Themenschwerpunkte sollen hierbei Medienkompetenz, Inklusion, Integration, Drogenpr\u00e4vention, Umgang mit Mobbing und Gewalt oder Klima- und Umweltschutz sein.<br>Alle Antr\u00e4ge in Kurzform auf dieser Seite, eine weitere \u00dcbersicht gibt es hier: <a href=\"https:\/\/gruene-emsland.de\/?cat=41\" target=\"_blank\" rel=\"noreferrer noopener\">Kreistagsfraktion Emsland<\/a><\/p>\n\n\n\n<details class=\"wp-block-details is-layout-flow wp-block-details-is-layout-flow\"><summary><strong>Antrag: Demokratief\u00f6rderung durch kulturelle Bildung<\/strong><\/summary>\n<div data-wp-interactive=\"core\/file\" class=\"wp-block-file\"><object data-wp-bind--hidden=\"!state.hasPdfPreview\" hidden class=\"wp-block-file__embed\" data=\"https:\/\/gruene-emsland.de\/wp-content\/uploads\/2025\/12\/Antrag_HH_Gruene_Demokratie.pdf\" type=\"application\/pdf\" style=\"width:100%;height:600px\" aria-label=\"Einbettung von Antrag_HH_Gruene_Demokratie.\"><\/object><a id=\"wp-block-file--media-7336feda-fcd9-4d37-9f62-ea437ad6755b\" href=\"https:\/\/gruene-emsland.de\/wp-content\/uploads\/2025\/12\/Antrag_HH_Gruene_Demokratie.pdf\">Antrag_HH_Gruene_Demokratie<\/a><a href=\"https:\/\/gruene-emsland.de\/wp-content\/uploads\/2025\/12\/Antrag_HH_Gruene_Demokratie.pdf\" class=\"wp-block-file__button wp-element-button\" download aria-describedby=\"wp-block-file--media-7336feda-fcd9-4d37-9f62-ea437ad6755b\">Herunterladen<\/a><\/div>\n<\/details>\n\n\n\n<p>Im Antrag zur Etablierung des Pr\u00e4ventionsprogrammes \u00bbVerr\u00fcckt? Na und! Seelisch fit in der Schule\u00ab im Landkreis Emsland wirbt die Kreistagsfraktion f\u00fcr die Einf\u00fchrung eines Pr\u00e4ventionsprogramms, das Jugendliche in den 8. bis 10. Klassen helfen soll, besser mit psychischen Belastungen umzugehen und die seelische Gesundheit zu st\u00e4rken. Das Programm soll f\u00fcr drei Jahre laufen und ggf. durch Drittmittel gef\u00f6rdert werden. Weiter Informationen zu dem Pr\u00e4ventionsprogramm unter: <a href=\"https:\/\/www.gesundheit-nds-hb.de\/projekte\/verrueckt-na-und\/\" data-type=\"link\" data-id=\"https:\/\/www.gesundheit-nds-hb.de\/projekte\/verrueckt-na-und\/\" target=\"_blank\" rel=\"noreferrer noopener\">Verr\u00fcckt? Na und!<\/a><\/p>\n\n\n\n<details class=\"wp-block-details is-layout-flow wp-block-details-is-layout-flow\"><summary><strong>Antrag: Pr\u00e4ventionsprogramm &#8222;Verr\u00fcckt? Na und! Seelisch fit in der Schule&#8220;<\/strong><\/summary>\n<div data-wp-interactive=\"core\/file\" class=\"wp-block-file\"><object data-wp-bind--hidden=\"!state.hasPdfPreview\" hidden class=\"wp-block-file__embed\" data=\"https:\/\/gruene-emsland.de\/wp-content\/uploads\/2025\/12\/Antrag_HH_Gruene_Praevention-1.pdf\" type=\"application\/pdf\" style=\"width:100%;height:600px\" aria-label=\"Einbettung von Antrag_HH_Gruene_Praevention.\"><\/object><a id=\"wp-block-file--media-522f320b-c165-4702-b7d6-7525ac7cc625\" href=\"https:\/\/gruene-emsland.de\/wp-content\/uploads\/2025\/12\/Antrag_HH_Gruene_Praevention-1.pdf\">Antrag_HH_Gruene_Praevention<\/a><a href=\"https:\/\/gruene-emsland.de\/wp-content\/uploads\/2025\/12\/Antrag_HH_Gruene_Praevention-1.pdf\" class=\"wp-block-file__button wp-element-button\" download aria-describedby=\"wp-block-file--media-522f320b-c165-4702-b7d6-7525ac7cc625\">Herunterladen<\/a><\/div>\n<\/details>\n\n\n\n<p>Im Bereich Klimaschutz hat die Kreistagsfraktion beantragt, die bisher bestehende aufsuchende Energieberatungen, die bisher in Kooperation mit der  Verbraucherzentrale Niedersachsen und der Klimaschutz- und Energieagentur Niedersachen aus Mitteln des Bundesministeriums f\u00fcr Wirtschaft und Energie des Landkreises durchgef\u00fchrt wurden, weiterhin aufrecht zu erhalten und zu f\u00f6rdern oder gegebenenfalls selbst fortzusetzen. Eine erste, neutrale und qualifizierte Beratung kann oft den Ansto\u00df geben und B\u00fcrger*Innen dabei unterst\u00fctzen ihre Wohngeb\u00e4ude energetisch zukunftssicher zu gestalten und Energie effizient zu nutzen. Eine aufsuchende Energieberatung kann hierbei wesentlich schneller und effizienter die Lage vor Ort beurteilen und dadurch gezielter beraten. F\u00fcr diese Ma\u00dfnahme schl\u00e4gt die Fraktion vor, 15.000 Euro in den Haushalt einzustellen. <\/p>\n\n\n\n<details class=\"wp-block-details is-layout-flow wp-block-details-is-layout-flow\"><summary><strong>Antrag: F\u00f6rderung aufsuchende Energieberatung<\/strong><\/summary>\n<div data-wp-interactive=\"core\/file\" class=\"wp-block-file\"><object data-wp-bind--hidden=\"!state.hasPdfPreview\" hidden class=\"wp-block-file__embed\" data=\"https:\/\/gruene-emsland.de\/wp-content\/uploads\/2025\/12\/Antrag_HH_Gruene_Energieberatung.pdf\" type=\"application\/pdf\" style=\"width:100%;height:600px\" aria-label=\"Einbettung von Antrag_HH_Gruene_Energieberatung.\"><\/object><a id=\"wp-block-file--media-97021d28-d576-430a-bb9e-6bbebcbac7f8\" href=\"https:\/\/gruene-emsland.de\/wp-content\/uploads\/2025\/12\/Antrag_HH_Gruene_Energieberatung.pdf\">Antrag_HH_Gruene_Energieberatung<\/a><a href=\"https:\/\/gruene-emsland.de\/wp-content\/uploads\/2025\/12\/Antrag_HH_Gruene_Energieberatung.pdf\" class=\"wp-block-file__button wp-element-button\" download aria-describedby=\"wp-block-file--media-97021d28-d576-430a-bb9e-6bbebcbac7f8\">Herunterladen<\/a><\/div>\n<\/details>\n\n\n\n<p>Der zweite Antrag, der den Schwerpunkt Klimaschutz hat, befasst sich mit der F\u00f6rderung von Dach- und Fassadenbegr\u00fcnung, indem die vorhandenen Richtlinien angepasst werden. Die F\u00f6rderrichtlinien im Bezug auf Bauma\u00dfnahmen sollen dahingehend erweitert werden, dass Dach- und Fassadenbegr\u00fcnungen fortan ebenfalls f\u00f6rderf\u00e4hig sind. Vorschlag der Kreistagsfraktion ist es, die entstehenden Mehrkosten mit jeweils 50% zu bezuschussen. Die Vorteile von Dach- und Fassadenbegr\u00fcnungen liegen darin, dass sie  zur Verbesserung des Geb\u00e4ude- und Raumklimas beitragen und den D\u00e4mmwert der Geb\u00e4ude verbessern k\u00f6nnen. Dadurch k\u00f6nnen im Winter die Heizkosten reduziert werden, wohingegen es im Sommer einen k\u00fchlenden Effekt gibt.  Ebenso wirken sich Dach- und Fassadenbegr\u00fcnungen positiv auf das lokale Mikroklima aus. Sie binden CO\u2082 und produzieren Sauerstoff. Zus\u00e4tzlich k\u00f6nnen Dach- und Fassadenbegr\u00fcnungen Staub und Schadstoffe aus der Luft filtern.<\/p>\n\n\n\n<details class=\"wp-block-details is-layout-flow wp-block-details-is-layout-flow\"><summary><strong>Antrag: F\u00f6rderung von Dach- und Fassadenbegr\u00fcnung <\/strong><\/summary>\n<div data-wp-interactive=\"core\/file\" class=\"wp-block-file\"><object data-wp-bind--hidden=\"!state.hasPdfPreview\" hidden class=\"wp-block-file__embed\" data=\"https:\/\/gruene-emsland.de\/wp-content\/uploads\/2025\/12\/Antrag_HH_Gruene_Begruenung.pdf\" type=\"application\/pdf\" style=\"width:100%;height:600px\" aria-label=\"Einbettung von Antrag_HH_Gruene_Begruenung.\"><\/object><a id=\"wp-block-file--media-66b2b592-4521-431b-b086-821eb5f760dd\" href=\"https:\/\/gruene-emsland.de\/wp-content\/uploads\/2025\/12\/Antrag_HH_Gruene_Begruenung.pdf\">Antrag_HH_Gruene_Begruenung<\/a><a href=\"https:\/\/gruene-emsland.de\/wp-content\/uploads\/2025\/12\/Antrag_HH_Gruene_Begruenung.pdf\" class=\"wp-block-file__button wp-element-button\" download aria-describedby=\"wp-block-file--media-66b2b592-4521-431b-b086-821eb5f760dd\">Herunterladen<\/a><\/div>\n<\/details>\n\n\n\n<p>Zwei weitere Antr\u00e4ge der Kreistagsfraktion der Gr\u00fcnen befassen sich schwerpunktm\u00e4\u00dfig mit dem Thema &#8222;Mobilit\u00e4t&#8220;. In einem Antrag geht es um die schon l\u00e4nger geplante Reaktivierung der Bahnstrecke Meppen &#8211; Essen (Oldb.). Diese Strecke ist insofern betriebsf\u00e4hig, als dass hier regelm\u00e4\u00dfig G\u00fcterz\u00fcge und hin und wieder historische Dampflokomotiven f\u00fcr den touristischen Personenverkehr fahren. Die Kreistagsfraktion schl\u00e4gt vor, im Rahmen eines &#8222;Tags der offenen Bahnstrecke&#8220; in Kooperation mit der Emsl\u00e4ndischen Eisenbahn (EEB), beteiligten Kommunen, dem Landkreis Cloppenburg sowie regionalen Akteuren zu planen und umzusetzen. Hierzu soll ein Personennahverkehrszug (SPNV-Fahrzeug) f\u00fcr einen eint\u00e4gigen Probebetrieb auf der Strecke fahren. Ziel der Veranstaltung ist es, der Bev\u00f6lkerung die M\u00f6glichkeit zu geben, die Strecke praktisch zu erleben, die verkehrliche Bedeutung sichtbar zu machen und die Akzeptanz f\u00fcr eine Reaktivierung des Schienenpersonennahverkehrs zu f\u00f6rdern. Entsprechende politische Akteure auf Landes-, Bundes- und Europaebene sollen eingeladen werden, das ganze kann medial begleitet und dadurch zu einem richtungsweisenden Initialfunken f\u00fcr die Reaktivierung der Strecke \u00fcber die Grenzen des Emslandes hinaus Wirkung zeigen. <\/p>\n\n\n\n<details class=\"wp-block-details is-layout-flow wp-block-details-is-layout-flow\"><summary><strong>Antrag: Tag der offenen Bahnstrecke &#8211; Reaktivierung Bahnverbindung Meppen &#8211; Essen (Oldb.)<\/strong><\/summary>\n<div data-wp-interactive=\"core\/file\" class=\"wp-block-file\"><object data-wp-bind--hidden=\"!state.hasPdfPreview\" hidden class=\"wp-block-file__embed\" data=\"https:\/\/gruene-emsland.de\/wp-content\/uploads\/2025\/12\/Antrag_HH_Gruene_Tag_der_Bahn.pdf\" type=\"application\/pdf\" style=\"width:100%;height:600px\" aria-label=\"Einbettung von Antrag_HH_Gruene_Tag_der_Bahn.\"><\/object><a id=\"wp-block-file--media-3d5a6e66-1e91-45ff-891f-7e7d0c8662d8\" href=\"https:\/\/gruene-emsland.de\/wp-content\/uploads\/2025\/12\/Antrag_HH_Gruene_Tag_der_Bahn.pdf\">Antrag_HH_Gruene_Tag_der_Bahn<\/a><a href=\"https:\/\/gruene-emsland.de\/wp-content\/uploads\/2025\/12\/Antrag_HH_Gruene_Tag_der_Bahn.pdf\" class=\"wp-block-file__button wp-element-button\" download aria-describedby=\"wp-block-file--media-3d5a6e66-1e91-45ff-891f-7e7d0c8662d8\">Herunterladen<\/a><\/div>\n<\/details>\n\n\n\n<p>Der zweite Antrag im Bereich Mobilit\u00e4t schl\u00e4gt vor, eine Machbarkeitsstudie zur Schaffung einer grenz\u00fcberschreitenden Bahnverbindung zwischen Meppen (D) und Emmen (NL) durchzuf\u00fchren. Die Niederlande planen mit der Nedersaksenlijn, eine neue bzw. reaktivierte Bahnverbindung zwischen Groningen, Emmen und Twente. Eine m\u00f6gliche Anbindung zwischen Meppen und Emmen w\u00fcrde nicht nur die bilaterale Zusammenarbeit mit der niederl\u00e4ndischen Provinz Drenthe st\u00e4rken, sondern auch Pendlerstr\u00f6me entlasten, wirtschaftliche Entwicklung f\u00f6rdern und einen Beitrag zu klimafreundlicher, europaweiter Mobilit\u00e4t leisten.<br>In diesem Zusammenhang ist der Podcast der Ems-Achse h\u00f6renswert, da er sich genau mit dieser Thematik auseinander gesetzt hat: <a href=\"https:\/\/emsecho-podcast.podigee.io\/8-7-wirtschaftsbooster-schienenverkehr-experten-sprechen-uber-zukunftsstudie\" data-type=\"link\" data-id=\"https:\/\/emsecho-podcast.podigee.io\/8-7-wirtschaftsbooster-schienenverkehr-experten-sprechen-uber-zukunftsstudie\" target=\"_blank\" rel=\"noreferrer noopener\">https:\/\/emsecho-podcast.podigee.io\/8-7-wirtschaftsbooster-schienenverkehr-experten-sprechen-uber-zukunftsstudie<\/a><br>Dieser bezieht sich auf die Studie, sie hier zum Download bereit steht: <a href=\"https:\/\/info.emsachse.de\/infrastruktur.html\" target=\"_blank\" rel=\"noreferrer noopener\">https:\/\/info.emsachse.de\/infrastruktur.html<\/a><br><\/p>\n\n\n\n<details class=\"wp-block-details is-layout-flow wp-block-details-is-layout-flow\"><summary><strong>Antrag: Machbarkeitsstudie Bahnverbindung Meppen &#8211; Emmen (NL)<\/strong><\/summary>\n<div data-wp-interactive=\"core\/file\" class=\"wp-block-file\"><object data-wp-bind--hidden=\"!state.hasPdfPreview\" hidden class=\"wp-block-file__embed\" data=\"https:\/\/gruene-emsland.de\/wp-content\/uploads\/2025\/12\/Antrag_HH_Gruene_Bahnprojekt.pdf\" type=\"application\/pdf\" style=\"width:100%;height:600px\" aria-label=\"Einbettung von Antrag_HH_Gruene_Bahnprojekt.\"><\/object><a id=\"wp-block-file--media-41437afa-78dd-4a63-ab7c-2cb57191d915\" href=\"https:\/\/gruene-emsland.de\/wp-content\/uploads\/2025\/12\/Antrag_HH_Gruene_Bahnprojekt.pdf\">Antrag_HH_Gruene_Bahnprojekt<\/a><a href=\"https:\/\/gruene-emsland.de\/wp-content\/uploads\/2025\/12\/Antrag_HH_Gruene_Bahnprojekt.pdf\" class=\"wp-block-file__button wp-element-button\" download aria-describedby=\"wp-block-file--media-41437afa-78dd-4a63-ab7c-2cb57191d915\">Herunterladen<\/a><\/div>\n<\/details>\n","protected":false},"excerpt":{"rendered":"<p>Die Kreistagsfraktion der Gr\u00fcnen hat mit ihren Antr\u00e4gen zum Haushalt 2026 erneut Vorschl\u00e4ge eingebracht, die die Lebensqualit\u00e4t f\u00fcr die Menschen im Emsland verbessern. Die insgesamt sechs verschiedenen Antr\u00e4gen haben die [&hellip;]<\/p>\n","protected":false},"author":-1,"featured_media":640,"comment_status":"closed","ping_status":"open","sticky":false,"template":"","format":"standard","meta":{"footnotes":""},"categories":[41,47],"tags":[60,52,53],"class_list":["post-811","post","type-post","status-publish","format-standard","has-post-thumbnail","hentry","category-kreistagsfraktion","category-antraege","tag-antrag","tag-haushalt","tag-kreistagsfraktion"],"_links":{"self":[{"href":"https:\/\/gruene-emsland.de\/index.php?rest_route=\/wp\/v2\/posts\/811","targetHints":{"allow":["GET"]}}],"collection":[{"href":"https:\/\/gruene-emsland.de\/index.php?rest_route=\/wp\/v2\/posts"}],"about":[{"href":"https:\/\/gruene-emsland.de\/index.php?rest_route=\/wp\/v2\/types\/post"}],"author":[{"embeddable":true,"href":"https:\/\/gruene-emsland.de\/index.php?rest_route=\/wp\/v2\/users\/4"}],"replies":[{"embeddable":true,"href":"https:\/\/gruene-emsland.de\/index.php?rest_route=%2Fwp%2Fv2%2Fcomments&post=811"}],"version-history":[{"count":7,"href":"https:\/\/gruene-emsland.de\/index.php?rest_route=\/wp\/v2\/posts\/811\/revisions"}],"predecessor-version":[{"id":870,"href":"https:\/\/gruene-emsland.de\/index.php?rest_route=\/wp\/v2\/posts\/811\/revisions\/870"}],"wp:featuredmedia":[{"embeddable":true,"href":"https:\/\/gruene-emsland.de\/index.php?rest_route=\/wp\/v2\/media\/640"}],"wp:attachment":[{"href":"https:\/\/gruene-emsland.de\/index.php?rest_route=%2Fwp%2Fv2%2Fmedia&parent=811"}],"wp:term":[{"taxonomy":"category","embeddable":true,"href":"https:\/\/gruene-emsland.de\/index.php?rest_route=%2Fwp%2Fv2%2Fcategories&post=811"},{"taxonomy":"post_tag","embeddable":true,"href":"https:\/\/gruene-emsland.de\/index.php?rest_route=%2Fwp%2Fv2%2Ftags&post=811"}],"curies":[{"name":"wp","href":"https:\/\/api.w.org\/{rel}","templated":true}]}}