{"id":806,"date":"2025-09-29T19:54:00","date_gmt":"2025-09-29T19:54:00","guid":{"rendered":"https:\/\/gruene-emsland.de\/?p=806"},"modified":"2025-12-12T09:58:04","modified_gmt":"2025-12-12T09:58:04","slug":"kommentar-zum-gleichstellungsbericht-2022-25","status":"publish","type":"post","link":"https:\/\/gruene-emsland.de\/?p=806","title":{"rendered":"Kommentar zum Gleichstellungsbericht 2022-25"},"content":{"rendered":"\n<p>Von Melanie Kuipers 29.09.25 Kreistag<br>   <br>Sehr geehrter Herr Vorsitzender, Herr Landrat, Herr Exeler, liebe Marlies Kohne und alle Anwesenden und G\u00e4ste<br><br>Zun\u00e4chst einmal herzlichen Dank, dir Marlies, nicht nur f\u00fcr diesen Bericht, sondern f\u00fcr die vielen Ma\u00dfnahmen, die du mit Leidenschaft t\u00e4tigst, um die Gleichstellung hier im Emsland voranzubringen. Der Dank gilt nat\u00fcrlich auch deinem gesamten Team.<br><br>Ich will gar nicht auf jedes Detail eingehen &#8211; auch wenn jedes f\u00fcr sich erw\u00e4hnenswert w\u00e4re:<\/p>\n\n\n\n<p>Was aber viele der Ma\u00dfnahmen gemeinsam haben, ist, dass wir es vielfach mit Transformation, mit Ver\u00e4nderung zu &nbsp;tun haben:<\/p>\n\n\n\n<ul class=\"wp-block-list\">\n<li>die zunehmende Nutzung von Homeoffice, um Beruf und Leben besser zu vereinbaren,<\/li>\n<\/ul>\n\n\n\n<ul class=\"wp-block-list\">\n<li>die Besetzung einer F\u00fchrungsposition durch zwei Personen als Jobsharing &#8211; in diesem Fall sogar durch zwei Frauen \u2013<\/li>\n<\/ul>\n\n\n\n<ul class=\"wp-block-list\">\n<li>wichtig &nbsp;auch die Sichtbarmachung&nbsp; des Gender Pay Gap, insbesondere im Profisport<\/li>\n<\/ul>\n\n\n\n<p>das alles zeigt: &nbsp;Wir sind auf einem Weg, dass sich etwas \u00e4ndert, aber noch lange nicht am Ziel.<br><br>Das beste Beispiel ist, wenn wir uns hier im Rat einmal umsehen. Eine Frauenquote von unter 20% ist n\u00e4mlich noch weit davon entfernt, sich am Ziel zu w\u00e4hnen.<\/p>\n\n\n\n<p>Im Bericht hei\u00dft es dazu so sch\u00f6n: Letztlich ist es von gro\u00dfer Bedeutung, dass die Parteien f\u00fcr sich Konzepte entwickeln, die Frauen ansprechen.<\/p>\n\n\n\n<p>Was bedeutet das konkret?<\/p>\n\n\n\n<p>Das bedeutet nicht nur Frauen zu ermutigen, so wie Marlies es mit viel Einsatz tut.<\/p>\n\n\n\n<p>Es bedeutet auch, dass M\u00e4nner den Mut haben sollten, Platz zu machen f\u00fcr Frauen (und auch Diverse \u2013 die m\u00f6chte ich nicht unerw\u00e4hnt lassen, wir sind schlie\u00dflich die Gr\u00fcnen), denn&nbsp; unsere Demokratie braucht ein Abbild der Bev\u00f6lkerung&nbsp; damit wir m\u00f6glichst viele Realit\u00e4ten und Lebenswelten sehen und wahrnehmen.<br>Wenn unsere Parteikollegin Hanna Steinm\u00fcller im Bundestag mit ihrem Baby im Arm ans Rednerpult geht und spricht und damit Geschichte schreibt, dann hat sie vor allem eins bewirkt: sie hat gezeigt, dass &nbsp;wir noch weit davon entfernt sind, alle Realit\u00e4ten abzubilden \u2013 aber wir sind auf dem Weg.<\/p>\n\n\n\n<p>Es ist noch ein Jahr bis zur n\u00e4chsten Kommunalwahl bei uns. Liebe Parteien, vor allen die, bei denen es noch ein wenig hakt &nbsp;(Seite 4 des Gleichstellungberichtes): Ich zitiere jetzt mal direkt dich, Franz-Josef: \u201eLasst uns aus Perspektiven Wirklichkeit machen\u201c.<br>In diesem Sinne, liebe Parteien, nutzt alle Perspektiven, ermutigt Frauen und bitte, liebe M\u00e4nner, habt den Mut, Platz f\u00fcr sie zu machen. Danke.<\/p>\n","protected":false},"excerpt":{"rendered":"<p>Von Melanie Kuipers 29.09.25 Kreistag Sehr geehrter Herr Vorsitzender, Herr Landrat, Herr Exeler, liebe Marlies Kohne und alle Anwesenden und G\u00e4ste Zun\u00e4chst einmal herzlichen Dank, dir Marlies, nicht nur f\u00fcr [&hellip;]<\/p>\n","protected":false},"author":-1,"featured_media":641,"comment_status":"closed","ping_status":"open","sticky":false,"template":"","format":"standard","meta":{"footnotes":""},"categories":[41],"tags":[97,53],"class_list":["post-806","post","type-post","status-publish","format-standard","has-post-thumbnail","hentry","category-kreistagsfraktion","tag-gleichstellung","tag-kreistagsfraktion"],"_links":{"self":[{"href":"https:\/\/gruene-emsland.de\/index.php?rest_route=\/wp\/v2\/posts\/806","targetHints":{"allow":["GET"]}}],"collection":[{"href":"https:\/\/gruene-emsland.de\/index.php?rest_route=\/wp\/v2\/posts"}],"about":[{"href":"https:\/\/gruene-emsland.de\/index.php?rest_route=\/wp\/v2\/types\/post"}],"author":[{"embeddable":true,"href":"https:\/\/gruene-emsland.de\/index.php?rest_route=\/wp\/v2\/users\/4"}],"replies":[{"embeddable":true,"href":"https:\/\/gruene-emsland.de\/index.php?rest_route=%2Fwp%2Fv2%2Fcomments&post=806"}],"version-history":[{"count":4,"href":"https:\/\/gruene-emsland.de\/index.php?rest_route=\/wp\/v2\/posts\/806\/revisions"}],"predecessor-version":[{"id":831,"href":"https:\/\/gruene-emsland.de\/index.php?rest_route=\/wp\/v2\/posts\/806\/revisions\/831"}],"wp:featuredmedia":[{"embeddable":true,"href":"https:\/\/gruene-emsland.de\/index.php?rest_route=\/wp\/v2\/media\/641"}],"wp:attachment":[{"href":"https:\/\/gruene-emsland.de\/index.php?rest_route=%2Fwp%2Fv2%2Fmedia&parent=806"}],"wp:term":[{"taxonomy":"category","embeddable":true,"href":"https:\/\/gruene-emsland.de\/index.php?rest_route=%2Fwp%2Fv2%2Fcategories&post=806"},{"taxonomy":"post_tag","embeddable":true,"href":"https:\/\/gruene-emsland.de\/index.php?rest_route=%2Fwp%2Fv2%2Ftags&post=806"}],"curies":[{"name":"wp","href":"https:\/\/api.w.org\/{rel}","templated":true}]}}