{"id":788,"date":"2025-07-17T15:57:23","date_gmt":"2025-07-17T15:57:23","guid":{"rendered":"https:\/\/gruene-emsland.de\/?p=788"},"modified":"2025-07-17T16:04:22","modified_gmt":"2025-07-17T16:04:22","slug":"gruene-im-emsland-fuer-zuegigen-aber-geplanten-windenergieausbau-vor-ort","status":"publish","type":"post","link":"https:\/\/gruene-emsland.de\/?p=788","title":{"rendered":"Pressemitteilung: Gr\u00fcne im Emsland f\u00fcr z\u00fcgigen aber geplanten Windenergieausbau vor Ort"},"content":{"rendered":"\n<p><br>Regionale Wertsch\u00f6pfung, B\u00fcrgerbeteiligung und Kompensationsma\u00dfnahmen vor Ort<br>Lingen, Meppen, Papenburg, 17.07.2025 \u2013 Der zukunftsorientierte Ausbau der Windenergie<br>im Landkreis Emsland wird von den Gr\u00fcnen im Emsland ausdr\u00fccklich unterst\u00fctzt. Eine<br>effiziente Planung und die aktive Einbindung der Bev\u00f6lkerung stehen dabei im Mittelpunkt.<br>Ziel ist es, den positiven Beitrag zum Klimaschutz mit regionalen Vorteilen f\u00fcr Kommunen<br>und B\u00fcrger:innen zu verbinden, erkl\u00e4ren Kreistagsfraktion und Kreisvorstand der Emsland<br>Gr\u00fcnen zusammen.<\/p>\n\n\n\n<p><br><strong>Akzeptanz der Bev\u00f6lkerung und finanzielle Beteiligung<\/strong><br>Der Landkreis Emsland wird bis 2032 insgesamt 3,07 % seiner Fl\u00e4che f\u00fcr die<br>Windkraftnutzung ausweisen. Dieser Schritt erfolgt im Einklang mit den bundesweiten und<br>nieders\u00e4chsischen Vorgaben.<br>Die Akzeptanz der Bev\u00f6lkerung spielt dabei eine Schl\u00fcsselrolle. Der Landkreis Emsland<br>hatte sich daher f\u00fcr die Beibehaltung m\u00f6glichst gro\u00dfer Abst\u00e4nde zur vorhandenen Bebauung<br>ausgesprochen. Dar\u00fcber hinaus sollten nur die unbedingt erforderlichen Einschr\u00e4nkungen<br>bei der Entwicklung der betroffenen Kommunen vorgenommen werden. \u201eEin weiteres<br>wesentliches Element ist die finanzielle Teilhabe der Kommunen sowie der unmittelbar<br>betroffenen B\u00fcrgerinnen und B\u00fcrger. Zudem ist es von essentieller Wichtigkeit, dass den<br>Anforderungen des Naturschutzes bei der Gestaltung der Ausgleichsma\u00dfnahmen gro\u00dfe<br>Aufmerksamkeit geschenkt wird,\u201c sagt Melanie Kuipers, Fraktionsvorsitzende der Gr\u00fcnen im<br>Emsl\u00e4ndischen Kreistag.<\/p>\n\n\n\n<p><br><strong>Windkraft im Wald<\/strong><br>Letztlich f\u00fchren die gesetzlichen Vorgaben und Randbedingungen im Hinblick auf Akzeptanz<br>der Windkraftnutzung dazu, dass im Emsland auch Waldfl\u00e4chen f\u00fcr die Energiewende in<br>Anspruch genommen werden m\u00fcssen \u201eDie Auswahl der jeweiligen Fl\u00e4chen erfolgte unter<br>Ber\u00fccksichtigung der Belange des Naturschutzes. Auch waren die Naturschutzverb\u00e4nde bei<br>den Ausweisungen der Fl\u00e4chen eingebunden\u201c, erl\u00e4utert Klemens Grolle, Mitglied des<br>Kreisentwicklungsausschusses f\u00fcr die Gr\u00fcnen und vertretendes Mitglied Martina Pellny<br>erg\u00e4nzt: \u201eEiner unserer Vorschl\u00e4ge war im Vorhinein, die Abst\u00e4nde in selektierten Bereichen<br>zu verringern, damit Waldfl\u00e4chen in anderen Bereichen entlastet werden k\u00f6nnen. Seitens der<br>Verwaltung und der Mehrheitsfraktion wurden jedoch die gro\u00dfen Abstandsregelungen<br>priorisiert bzw. explizit gefordert.\u201c Die Konsequenz daraus sind die vorliegenden<br>Fl\u00e4chenausweisungen im verabschiedeten Regionalen Raumordnungsprogramm (RROP).<br>\u201eDie Ausweisung von Waldfl\u00e4chen f\u00fcr die Windenergienutzung ist schmerzhaft\u201c, sagt<br>Theresa Gothe, Kreisvorsitzende der Gr\u00fcnen im Emsland, und erg\u00e4nzt: \u201eLetztlich wurde<br>diese Entscheidung jedoch unter Abw\u00e4gung vieler Randbedingungen getroffen und so vom<br>Kreistag beschlossen. Jetzt herrscht Klarheit und Planungssicherheit, um die Energiewende,<br>als urgr\u00fcne Forderung, anzugehen und nicht mehr in Frage zu stellen.\u201c<\/p>\n\n\n\n<p><br>Die nun nach Verabschiedung des RROP eingebrachte Stellungnahme zu einer ungleichen<br>Lastenverteilung im Bereich Rastorf durch den Landtagsabgeordneten und<br>Kreistagsmitglied, Hartmut Moorkamp (CDU), verwundern die Gr\u00fcnen sehr. \u201eDie Aussagen<br>von Herr Moorkamp im Nachgang zum abgeschlossenen RROP-Verfahren kann man aus<br>unserer Sicht nur als scheinheilig und unglaubw\u00fcrdig bezeichnen. Die Frage ist: Warum hat<br>er sich mit diesen Aussagen nicht bereits w\u00e4hrend des laufenden Prozesses und vor dem<br>Beschluss des Kreistages \u00f6ffentlich in die Debatte eingebracht? Ein Schelm, der dabei an<br>die Gemeindekasse denkt! Wir finden es allerdings lobenswert, dass er nun auch unsere<br>Forderungen nach regionalen Kompensationsma\u00dfnahmen und B\u00fcrgerbeteiligung einbringt\u201c,<br>sagt Klemens Grolle.<\/p>\n\n\n\n<p><br><strong>Gr\u00fcne Forderungen f\u00fcr die Realisierung<\/strong><br>\u201eIn naher Zukunft wird ein weiterer Schwerpunkt unserer Arbeit darin bestehen, bei der<br>Realisierung der Ausgleichsma\u00dfnahmen, gemeinsam in Zusammenarbeit mit den<br>Naturschutzverb\u00e4nden und der Verwaltung, m\u00f6glichst viel f\u00fcr Natur und Umweltschutz zu<br>erreichen. Die M\u00f6glichkeiten und Ansatzpunkte sind vorhanden\u201c, sagt Melanie Kuipers und<br>erg\u00e4nzt: \u201cWir m\u00fcssen sie konzentriert und engagiert angehen, um mit den zur Verf\u00fcgung<br>stehenden Finanzmitteln aus den Ersatzgeldzahlungen m\u00f6glichst viel f\u00fcr die Menschen und<br>die Natur zu erreichen.\u201c<\/p>\n\n\n\n<p><br><strong>Regionale Wertsch\u00f6pfung<\/strong><br>Zus\u00e4tzlich werden die Gr\u00fcnen im Emsland daf\u00fcr eintreten, die regionale Wertsch\u00f6pfung zu<br>maximieren. Sodass m\u00f6glichst viel der damit verbundenen Wertsch\u00f6pfung in der Region<br>geschaffen wird, um die Betriebe und die damit verbundenen Arbeitspl\u00e4tze hier im Emsland<br>zu sichern. \u201eGem\u00e4\u00df einer Studie des Landesverbands Erneuerbare Energien Niedersachsen<br>aus dem Jahr k\u00f6nnte der weitere Ausbau der Windenergie im Landkreis Emsland zu<br>wirtschaftlichen Effekten von bis zu neun Milliarden Euro f\u00fchren. Diese beinhalten<br>regional\u00f6konomische Effekte und die kommunale Wertsch\u00f6pfung durch Pachtzahlungen,<br>Gewerbesteuern und andere Einnahmequellen\u201c, sagt Theresa Gothe.<\/p>\n\n\n\n<p><br><strong>Kritische Pr\u00fcfung zus\u00e4tzlicher Fl\u00e4chen<\/strong><br>W\u00e4hrend das aktuelle Raumordnungsprogramm die notwendigen Fl\u00e4chen f\u00fcr Windenergie<br>ausweist, sehen die Gr\u00fcnen im Emsland die potenzielle Erweiterung um zus\u00e4tzliche<br>Vorrangfl\u00e4chen kritisch, vor allem wenn diese empfindliche Naturr\u00e4ume betreffen.<\/p>\n\n\n\n<div data-wp-interactive=\"core\/file\" class=\"wp-block-file\"><object data-wp-bind--hidden=\"!state.hasPdfPreview\" hidden class=\"wp-block-file__embed\" data=\"https:\/\/gruene-emsland.de\/wp-content\/uploads\/2025\/07\/PM_Gruene-im-EL-fuer-geplanten-Windenergieausbau-20250717.pdf\" type=\"application\/pdf\" style=\"width:100%;height:600px\" aria-label=\"Einbettung von PM_Gruene im EL f\u00fcr geplanten Windenergieausbau 20250717.\"><\/object><a id=\"wp-block-file--media-5dfeb499-7f01-4ed5-876f-3caca8ec1b91\" href=\"https:\/\/gruene-emsland.de\/wp-content\/uploads\/2025\/07\/PM_Gruene-im-EL-fuer-geplanten-Windenergieausbau-20250717.pdf\">PM_Gruene im EL f\u00fcr geplanten Windenergieausbau 20250717<\/a><a href=\"https:\/\/gruene-emsland.de\/wp-content\/uploads\/2025\/07\/PM_Gruene-im-EL-fuer-geplanten-Windenergieausbau-20250717.pdf\" class=\"wp-block-file__button wp-element-button\" download aria-describedby=\"wp-block-file--media-5dfeb499-7f01-4ed5-876f-3caca8ec1b91\">Herunterladen<\/a><\/div>\n","protected":false},"excerpt":{"rendered":"<p>Regionale Wertsch\u00f6pfung, B\u00fcrgerbeteiligung und Kompensationsma\u00dfnahmen vor OrtLingen, Meppen, Papenburg, 17.07.2025 \u2013 Der zukunftsorientierte Ausbau der Windenergieim Landkreis Emsland wird von den Gr\u00fcnen im Emsland ausdr\u00fccklich unterst\u00fctzt. Eineeffiziente Planung und die [&hellip;]<\/p>\n","protected":false},"author":-1,"featured_media":789,"comment_status":"closed","ping_status":"open","sticky":false,"template":"","format":"standard","meta":{"footnotes":""},"categories":[4],"tags":[],"class_list":["post-788","post","type-post","status-publish","format-standard","has-post-thumbnail","hentry","category-emsland"],"_links":{"self":[{"href":"https:\/\/gruene-emsland.de\/index.php?rest_route=\/wp\/v2\/posts\/788","targetHints":{"allow":["GET"]}}],"collection":[{"href":"https:\/\/gruene-emsland.de\/index.php?rest_route=\/wp\/v2\/posts"}],"about":[{"href":"https:\/\/gruene-emsland.de\/index.php?rest_route=\/wp\/v2\/types\/post"}],"author":[{"embeddable":true,"href":"https:\/\/gruene-emsland.de\/index.php?rest_route=\/wp\/v2\/users\/1"}],"replies":[{"embeddable":true,"href":"https:\/\/gruene-emsland.de\/index.php?rest_route=%2Fwp%2Fv2%2Fcomments&post=788"}],"version-history":[{"count":3,"href":"https:\/\/gruene-emsland.de\/index.php?rest_route=\/wp\/v2\/posts\/788\/revisions"}],"predecessor-version":[{"id":796,"href":"https:\/\/gruene-emsland.de\/index.php?rest_route=\/wp\/v2\/posts\/788\/revisions\/796"}],"wp:featuredmedia":[{"embeddable":true,"href":"https:\/\/gruene-emsland.de\/index.php?rest_route=\/wp\/v2\/media\/789"}],"wp:attachment":[{"href":"https:\/\/gruene-emsland.de\/index.php?rest_route=%2Fwp%2Fv2%2Fmedia&parent=788"}],"wp:term":[{"taxonomy":"category","embeddable":true,"href":"https:\/\/gruene-emsland.de\/index.php?rest_route=%2Fwp%2Fv2%2Fcategories&post=788"},{"taxonomy":"post_tag","embeddable":true,"href":"https:\/\/gruene-emsland.de\/index.php?rest_route=%2Fwp%2Fv2%2Ftags&post=788"}],"curies":[{"name":"wp","href":"https:\/\/api.w.org\/{rel}","templated":true}]}}