{"id":779,"date":"2025-06-05T17:58:37","date_gmt":"2025-06-05T17:58:37","guid":{"rendered":"https:\/\/gruene-emsland.de\/?p=779"},"modified":"2025-06-05T17:58:56","modified_gmt":"2025-06-05T17:58:56","slug":"gruene-im-emsland-und-der-grafschaft-bentheim-begruessen-gruendung-eines-privaten-medizinstudiengangs-in-osnabrueck","status":"publish","type":"post","link":"https:\/\/gruene-emsland.de\/?p=779","title":{"rendered":"Gr\u00fcne im Emsland und der Grafschaft Bentheim begr\u00fc\u00dfen Gr\u00fcndung eines privaten Medizinstudiengangs in Osnabr\u00fcck"},"content":{"rendered":"\n<p>Pressemitteilung <br>Die Kreistagsfraktionen von B\u00fcndnis 90\/Die Gr\u00fcnen im Emsland und in der Grafschaft Bentheim sowie der gr\u00fcne Landtagsabgeordnete Nicolas Breer begr\u00fc\u00dfen die geplante Gr\u00fcndung eines Medizinstudiengangs in Osnabr\u00fcck ausdr\u00fccklich.<\/p>\n\n\n\n<p>\u201eDer Standort in Osnabr\u00fcck bietet eine gro\u00dfe Chance f\u00fcr unsere Region \u2013 insbesondere f\u00fcr die langfristige Sicherung der \u00e4rztlichen Versorgung im l\u00e4ndlichen Raum\u201c, so die Fraktionssprecherin der Gr\u00fcnen in der Grafschaft Claudia Middelberg. MdL Breer erg\u00e4nzt: \u201eGerade junge Medizinerinnen, die bereits im Studium praktische Erfahrungen in der Region sammeln, lassen sich eher auch sp\u00e4ter hier nieder.\u201c<\/p>\n\n\n\n<p>Dar\u00fcber hinaus sehen die Gr\u00fcnen Potenzial f\u00fcr neue Impulse in der regionalen Gesundheitswirtschaft, in der Forschung \u2013 etwa zu digitaler oder sektor\u00fcbergreifender Versorgung \u2013 sowie f\u00fcr innovative Kooperationen mit Kliniken und Praxen vor Ort.<\/p>\n\n\n\n<p>Als gemeinsame Ziele schlagen die Gr\u00fcnen unter anderem vor, regionale Gesundheitsnetzwerke mit der Hochschule aufzubauen, Einrichtungen in Emsland und Grafschaft Bentheim als Lehrstandorte zu etablieren und gezielt Projekte zu f\u00f6rdern, die die Versorgung in der Fl\u00e4che st\u00e4rken.<\/p>\n\n\n\n<p>\u201eJetzt ist der richtige Zeitpunkt, um diese Entwicklung aktiv mitzugestalten\u201c, betont die Fraktionssprecherin der Gr\u00fcnen im Emsland, Melanie Kuipers. \u201eWir wollen, dass beide Landkreise fr\u00fchzeitig an den Chancen dieses zukunftsweisenden Projektes teilhaben.\u201c<\/p>\n","protected":false},"excerpt":{"rendered":"<p>Pressemitteilung Die Kreistagsfraktionen von B\u00fcndnis 90\/Die Gr\u00fcnen im Emsland und in der Grafschaft Bentheim sowie der gr\u00fcne Landtagsabgeordnete Nicolas Breer begr\u00fc\u00dfen die geplante Gr\u00fcndung eines Medizinstudiengangs in Osnabr\u00fcck ausdr\u00fccklich. \u201eDer [&hellip;]<\/p>\n","protected":false},"author":-1,"featured_media":637,"comment_status":"closed","ping_status":"open","sticky":false,"template":"","format":"standard","meta":{"footnotes":""},"categories":[41],"tags":[],"class_list":["post-779","post","type-post","status-publish","format-standard","has-post-thumbnail","hentry","category-kreistagsfraktion"],"_links":{"self":[{"href":"https:\/\/gruene-emsland.de\/index.php?rest_route=\/wp\/v2\/posts\/779","targetHints":{"allow":["GET"]}}],"collection":[{"href":"https:\/\/gruene-emsland.de\/index.php?rest_route=\/wp\/v2\/posts"}],"about":[{"href":"https:\/\/gruene-emsland.de\/index.php?rest_route=\/wp\/v2\/types\/post"}],"author":[{"embeddable":true,"href":"https:\/\/gruene-emsland.de\/index.php?rest_route=\/wp\/v2\/users\/4"}],"replies":[{"embeddable":true,"href":"https:\/\/gruene-emsland.de\/index.php?rest_route=%2Fwp%2Fv2%2Fcomments&post=779"}],"version-history":[{"count":2,"href":"https:\/\/gruene-emsland.de\/index.php?rest_route=\/wp\/v2\/posts\/779\/revisions"}],"predecessor-version":[{"id":781,"href":"https:\/\/gruene-emsland.de\/index.php?rest_route=\/wp\/v2\/posts\/779\/revisions\/781"}],"wp:featuredmedia":[{"embeddable":true,"href":"https:\/\/gruene-emsland.de\/index.php?rest_route=\/wp\/v2\/media\/637"}],"wp:attachment":[{"href":"https:\/\/gruene-emsland.de\/index.php?rest_route=%2Fwp%2Fv2%2Fmedia&parent=779"}],"wp:term":[{"taxonomy":"category","embeddable":true,"href":"https:\/\/gruene-emsland.de\/index.php?rest_route=%2Fwp%2Fv2%2Fcategories&post=779"},{"taxonomy":"post_tag","embeddable":true,"href":"https:\/\/gruene-emsland.de\/index.php?rest_route=%2Fwp%2Fv2%2Ftags&post=779"}],"curies":[{"name":"wp","href":"https:\/\/api.w.org\/{rel}","templated":true}]}}