{"id":771,"date":"2025-05-17T17:34:04","date_gmt":"2025-05-17T17:34:04","guid":{"rendered":"https:\/\/gruene-emsland.de\/?p=771"},"modified":"2025-06-05T17:37:53","modified_gmt":"2025-06-05T17:37:53","slug":"soziales-miteinander-und-gruene-politik-gruene-kreistagsfraktion-unterwegs-im-noerdlichen-emsland","status":"publish","type":"post","link":"https:\/\/gruene-emsland.de\/?p=771","title":{"rendered":"Soziales Miteinander und gr\u00fcne Politik: Gr\u00fcne Kreistagsfraktion unterwegs im n\u00f6rdlichen Emsland"},"content":{"rendered":"\n<p>S\u00f6gel. Die Gr\u00fcne Kreistagsfraktion des Emslands hielt ihre Klausurtagung im n\u00f6rdlichen Emsland ab. Als erster Programmpunkt war eine Exkursion nach Vrees angesetzt, wo der ehrenamtliche B\u00fcrgermeister Heribert Kleene die Fraktion im B\u00fcrgerhaus des Ortes willkommen hie\u00df. Hier informierte Kleene die Kommunalpolitiker*innen \u00fcber seine Arbeit im Rahmen des Projekts \u201eAlt werden in Vrees\u201c. Die Kreistagsfraktion zeigte sich beeindruckt von dem durchdachten und ineinandergreifenden Konzept, das bereits weit \u00fcber die Grenzen des Landkreises Anerkennung und Auszeichnungen erzielt hat. Die Besonderheit dieses Konzepts liegt darin, dass die Arbeit zahlreicher Vereine und Institutionen miteinander vernetzt und so den B\u00fcrger*innen des Ortes die M\u00f6glichkeit bietet, unabh\u00e4ngig von ihrem Alter oder dem Bedarf an Pflege oder Unterst\u00fctzung, in ihrer Heimatgemeinde zu bleiben.<\/p>\n\n\n\n<p>Im Anschluss an die Pr\u00e4sentation durfte die Fraktion die R\u00e4umlichkeiten des anliegenden Seniorenwohnheims besichtigen, um sich selbst einen Eindruck zu verschaffen und weitere Fragen zu stellen. Die stimmige Gestaltung, Lage und Architektur des gesamten Komplexes fanden hierbei gro\u00dfe Anerkennung.<\/p>\n\n\n\n<p>Anschlie\u00dfend setzte die Kreistagsfraktion von B\u00fcndnis 90\/Die Gr\u00fcnen ihre Klausurtagung in den R\u00e4umlichkeiten der Jugendbildungsst\u00e4tte Marstall Schloss Clemenswerth in S\u00f6gel fort. Im Mittelpunkt der inhaltlichen Arbeit standen dabei vor allem energie- und sozialpolitische Themen, die intensiv diskutiert und weiterentwickelt wurden. Dar\u00fcber hinaus warf die Fraktion bereits einen ersten strategischen Blick auf die Kommunalwahl im Jahr 2026 und verst\u00e4ndigte sich auf erste Schwerpunkte und Zielsetzungen.<\/p>\n","protected":false},"excerpt":{"rendered":"<p>S\u00f6gel. Die Gr\u00fcne Kreistagsfraktion des Emslands hielt ihre Klausurtagung im n\u00f6rdlichen Emsland ab. Als erster Programmpunkt war eine Exkursion nach Vrees angesetzt, wo der ehrenamtliche B\u00fcrgermeister Heribert Kleene die Fraktion [&hellip;]<\/p>\n","protected":false},"author":-1,"featured_media":772,"comment_status":"closed","ping_status":"open","sticky":false,"template":"","format":"standard","meta":{"footnotes":""},"categories":[41],"tags":[87,53,86,85],"class_list":["post-771","post","type-post","status-publish","format-standard","has-post-thumbnail","hentry","category-kreistagsfraktion","tag-clemenswerth","tag-kreistagsfraktion","tag-soegel","tag-vrees"],"_links":{"self":[{"href":"https:\/\/gruene-emsland.de\/index.php?rest_route=\/wp\/v2\/posts\/771","targetHints":{"allow":["GET"]}}],"collection":[{"href":"https:\/\/gruene-emsland.de\/index.php?rest_route=\/wp\/v2\/posts"}],"about":[{"href":"https:\/\/gruene-emsland.de\/index.php?rest_route=\/wp\/v2\/types\/post"}],"author":[{"embeddable":true,"href":"https:\/\/gruene-emsland.de\/index.php?rest_route=\/wp\/v2\/users\/4"}],"replies":[{"embeddable":true,"href":"https:\/\/gruene-emsland.de\/index.php?rest_route=%2Fwp%2Fv2%2Fcomments&post=771"}],"version-history":[{"count":1,"href":"https:\/\/gruene-emsland.de\/index.php?rest_route=\/wp\/v2\/posts\/771\/revisions"}],"predecessor-version":[{"id":773,"href":"https:\/\/gruene-emsland.de\/index.php?rest_route=\/wp\/v2\/posts\/771\/revisions\/773"}],"wp:featuredmedia":[{"embeddable":true,"href":"https:\/\/gruene-emsland.de\/index.php?rest_route=\/wp\/v2\/media\/772"}],"wp:attachment":[{"href":"https:\/\/gruene-emsland.de\/index.php?rest_route=%2Fwp%2Fv2%2Fmedia&parent=771"}],"wp:term":[{"taxonomy":"category","embeddable":true,"href":"https:\/\/gruene-emsland.de\/index.php?rest_route=%2Fwp%2Fv2%2Fcategories&post=771"},{"taxonomy":"post_tag","embeddable":true,"href":"https:\/\/gruene-emsland.de\/index.php?rest_route=%2Fwp%2Fv2%2Ftags&post=771"}],"curies":[{"name":"wp","href":"https:\/\/api.w.org\/{rel}","templated":true}]}}