{"id":753,"date":"2025-04-25T10:50:32","date_gmt":"2025-04-25T10:50:32","guid":{"rendered":"https:\/\/gruene-emsland.de\/?p=753"},"modified":"2025-06-05T17:32:48","modified_gmt":"2025-06-05T17:32:48","slug":"antraege-der-kreistagsfraktion","status":"publish","type":"post","link":"https:\/\/gruene-emsland.de\/?p=753","title":{"rendered":"Antr\u00e4ge der Kreistagsfraktion"},"content":{"rendered":"\n<p>Die Kreistagsfraktion hat im April 2025 folgende Anfragen bzw. Antr\u00e4ge an die Tagesordnung des Umweltausschusses gestellt. Es geht um: <br>&#8211; Brandschutz f\u00fcr Windenergieanlagen<br>&#8211; Verwendung von Ersatzgeld f\u00fcr Windenergieanlagen<br>&#8211; Torfabbau in der Esterweger Dose.<br>&#8211; Nitratbelastung an der Ems<br>Die Anfragen \/ Antr\u00e4ge stehen hier zur Einsicht und zum Download bereit: <\/p>\n\n\n\n<div class=\"wp-block-file\"><a id=\"wp-block-file--media-303410e1-2d8a-4b46-a6d8-51d2b56e5585\" href=\"https:\/\/gruene-emsland.de\/wp-content\/uploads\/2025\/04\/20250409_Anfrage_WEA_Brandschutz.pdf\">20250409_Anfrage_WEA_Brandschutz<\/a><a href=\"https:\/\/gruene-emsland.de\/wp-content\/uploads\/2025\/04\/20250409_Anfrage_WEA_Brandschutz.pdf\" class=\"wp-block-file__button wp-element-button\" download aria-describedby=\"wp-block-file--media-303410e1-2d8a-4b46-a6d8-51d2b56e5585\">Herunterladen<\/a><\/div>\n\n\n\n<p>Die Antwort zum Anfrage WEA Brandschutz lautet wie folgt: <\/p>\n\n\n\n<div class=\"wp-block-file\"><a id=\"wp-block-file--media-d0d9a88b-873f-429b-9b08-ae8c04053c3a\" href=\"https:\/\/gruene-emsland.de\/wp-content\/uploads\/2025\/04\/2025-05-20-Antwortschreiben-Gruene-Brandschutz-WEA.pdf\">2025-05-20 Antwortschreiben Gr\u00fcne &#8211; Brandschutz WEA<\/a><a href=\"https:\/\/gruene-emsland.de\/wp-content\/uploads\/2025\/04\/2025-05-20-Antwortschreiben-Gruene-Brandschutz-WEA.pdf\" class=\"wp-block-file__button wp-element-button\" download aria-describedby=\"wp-block-file--media-d0d9a88b-873f-429b-9b08-ae8c04053c3a\">Herunterladen<\/a><\/div>\n\n\n\n<div class=\"wp-block-file\"><a id=\"wp-block-file--media-5a43cf19-fac4-4fbf-a063-d313a1e15de8\" href=\"https:\/\/gruene-emsland.de\/wp-content\/uploads\/2025\/04\/20250409_Antrag_Tagesordnung_Verwendung_Ersatzgeld.pdf\">20250409_Antrag_Tagesordnung_Verwendung_Ersatzgeld<\/a><a href=\"https:\/\/gruene-emsland.de\/wp-content\/uploads\/2025\/04\/20250409_Antrag_Tagesordnung_Verwendung_Ersatzgeld.pdf\" class=\"wp-block-file__button wp-element-button\" download aria-describedby=\"wp-block-file--media-5a43cf19-fac4-4fbf-a063-d313a1e15de8\">Herunterladen<br><br><\/a><\/div>\n\n\n\n<div class=\"wp-block-file\"><a id=\"wp-block-file--media-752aebd9-3c96-41b5-9552-b4a2bd5917b5\" href=\"https:\/\/gruene-emsland.de\/wp-content\/uploads\/2025\/04\/20250409_Antrag_Tagesordnung_Umweltausschuss_Moor.pdf\">20250409_Antrag_Tagesordnung_Umweltausschuss_Moor<\/a><a href=\"https:\/\/gruene-emsland.de\/wp-content\/uploads\/2025\/04\/20250409_Antrag_Tagesordnung_Umweltausschuss_Moor.pdf\" class=\"wp-block-file__button wp-element-button\" download aria-describedby=\"wp-block-file--media-752aebd9-3c96-41b5-9552-b4a2bd5917b5\">Herunterladen<br><br><\/a><\/div>\n\n\n\n<div class=\"wp-block-file\"><a id=\"wp-block-file--media-e1d454d5-dc49-4d6c-93e2-32f9892d79c7\" href=\"https:\/\/gruene-emsland.de\/wp-content\/uploads\/2025\/04\/20250409_Antrag_Tagesordnung_Umweltausschuss_Nitrat.pdf\">20250409_Antrag_Tagesordnung_Umweltausschuss_Nitrat<\/a><a href=\"https:\/\/gruene-emsland.de\/wp-content\/uploads\/2025\/04\/20250409_Antrag_Tagesordnung_Umweltausschuss_Nitrat.pdf\" class=\"wp-block-file__button wp-element-button\" download aria-describedby=\"wp-block-file--media-e1d454d5-dc49-4d6c-93e2-32f9892d79c7\">Herunterladen<br><br><\/a><\/div>\n\n\n\n<div class=\"wp-block-group alignfull is-layout-constrained wp-container-core-group-is-layout-97875daf wp-block-group-is-layout-constrained\" style=\"padding-top:var(--wp--preset--spacing--30);padding-right:var(--wp--preset--spacing--30);padding-bottom:var(--wp--preset--spacing--30);padding-left:var(--wp--preset--spacing--30)\">\n<div class=\"wp-block-group alignwide is-content-justification-space-between is-layout-flex wp-container-core-group-is-layout-3d213aab wp-block-group-is-layout-flex\">\n<div class=\"wp-block-group is-layout-flex wp-block-group-is-layout-flex\"><\/div>\n\n\n<nav class=\"is-responsive items-justified-right wp-block-navigation is-content-justification-right is-layout-flex wp-container-core-navigation-is-layout-3817c3ed wp-block-navigation-is-layout-flex\" \n\t\t data-wp-interactive=\"core\/navigation\" data-wp-context='{\"overlayOpenedBy\":{\"click\":false,\"hover\":false,\"focus\":false},\"type\":\"overlay\",\"roleAttribute\":\"\",\"ariaLabel\":\"Men\\u00fc\"}'><button aria-haspopup=\"dialog\" aria-label=\"Men\u00fc \u00f6ffnen\" class=\"wp-block-navigation__responsive-container-open\" \n\t\t\t\tdata-wp-on--click=\"actions.openMenuOnClick\"\n\t\t\t\tdata-wp-on--keydown=\"actions.handleMenuKeydown\"\n\t\t\t><svg width=\"24\" height=\"24\" xmlns=\"http:\/\/www.w3.org\/2000\/svg\" viewBox=\"0 0 24 24\" aria-hidden=\"true\" focusable=\"false\"><path d=\"M4 7.5h16v1.5H4z\"><\/path><path d=\"M4 15h16v1.5H4z\"><\/path><\/svg><\/button>\n\t\t\t\t<div class=\"wp-block-navigation__responsive-container\"  id=\"modal-1\" \n\t\t\t\tdata-wp-class--has-modal-open=\"state.isMenuOpen\"\n\t\t\t\tdata-wp-class--is-menu-open=\"state.isMenuOpen\"\n\t\t\t\tdata-wp-watch=\"callbacks.initMenu\"\n\t\t\t\tdata-wp-on--keydown=\"actions.handleMenuKeydown\"\n\t\t\t\tdata-wp-on--focusout=\"actions.handleMenuFocusout\"\n\t\t\t\ttabindex=\"-1\"\n\t\t\t>\n\t\t\t\t\t<div class=\"wp-block-navigation__responsive-close\" tabindex=\"-1\">\n\t\t\t\t\t\t<div class=\"wp-block-navigation__responsive-dialog\" \n\t\t\t\tdata-wp-bind--aria-modal=\"state.ariaModal\"\n\t\t\t\tdata-wp-bind--aria-label=\"state.ariaLabel\"\n\t\t\t\tdata-wp-bind--role=\"state.roleAttribute\"\n\t\t\t>\n\t\t\t\t\t\t\t<button aria-label=\"Men\u00fc schlie\u00dfen\" class=\"wp-block-navigation__responsive-container-close\" \n\t\t\t\tdata-wp-on--click=\"actions.closeMenuOnClick\"\n\t\t\t><svg xmlns=\"http:\/\/www.w3.org\/2000\/svg\" viewBox=\"0 0 24 24\" width=\"24\" height=\"24\" aria-hidden=\"true\" focusable=\"false\"><path d=\"m13.06 12 6.47-6.47-1.06-1.06L12 10.94 5.53 4.47 4.47 5.53 10.94 12l-6.47 6.47 1.06 1.06L12 13.06l6.47 6.47 1.06-1.06L13.06 12Z\"><\/path><\/svg><\/button>\n\t\t\t\t\t\t\t<div class=\"wp-block-navigation__responsive-container-content\" \n\t\t\t\tdata-wp-watch=\"callbacks.focusFirstElement\"\n\t\t\t id=\"modal-1-content\">\n\t\t\t\t\t\t\t\t<ul class=\"wp-block-navigation__container is-responsive items-justified-right wp-block-navigation\"><li class=\" wp-block-navigation-item  menu-item menu-item-type-post_type menu-item-object-page wp-block-navigation-link\"><a class=\"wp-block-navigation-item__content\"  href=\"https:\/\/gruene-emsland.de\/?page_id=33\" title=\"\"><span class=\"wp-block-navigation-item__label\">Impressum<\/span><\/a><\/li><li class=\" wp-block-navigation-item  menu-item menu-item-type-post_type menu-item-object-page menu-item-privacy-policy wp-block-navigation-link\"><a class=\"wp-block-navigation-item__content\"  href=\"https:\/\/gruene-emsland.de\/?page_id=37\" title=\"\"><span class=\"wp-block-navigation-item__label\">Datenschutzerkl\u00e4rung<\/span><\/a><\/li><li class=\" wp-block-navigation-item  menu-item menu-item-type-post_type menu-item-object-page wp-block-navigation-link\"><a class=\"wp-block-navigation-item__content\"  href=\"https:\/\/gruene-emsland.de\/?page_id=40\" title=\"\"><span class=\"wp-block-navigation-item__label\">Archiv<\/span><\/a><\/li><\/ul>\n\t\t\t\t\t\t\t<\/div>\n\t\t\t\t\t\t<\/div>\n\t\t\t\t\t<\/div>\n\t\t\t\t<\/div><\/nav><\/div>\n<\/div>\n\n\n\n<p><\/p>\n","protected":false},"excerpt":{"rendered":"<p>Die Kreistagsfraktion hat im April 2025 folgende Anfragen bzw. Antr\u00e4ge an die Tagesordnung des Umweltausschusses gestellt. Es geht um: &#8211; Brandschutz f\u00fcr Windenergieanlagen&#8211; Verwendung von Ersatzgeld f\u00fcr Windenergieanlagen&#8211; Torfabbau in [&hellip;]<\/p>\n","protected":false},"author":-1,"featured_media":640,"comment_status":"closed","ping_status":"open","sticky":false,"template":"","format":"standard","meta":{"footnotes":""},"categories":[41],"tags":[60,83,53,81,82,84],"class_list":["post-753","post","type-post","status-publish","format-standard","has-post-thumbnail","hentry","category-kreistagsfraktion","tag-antrag","tag-esterweger-dose","tag-kreistagsfraktion","tag-nitratbelastung","tag-torfabbau","tag-windenergieanlagen"],"_links":{"self":[{"href":"https:\/\/gruene-emsland.de\/index.php?rest_route=\/wp\/v2\/posts\/753","targetHints":{"allow":["GET"]}}],"collection":[{"href":"https:\/\/gruene-emsland.de\/index.php?rest_route=\/wp\/v2\/posts"}],"about":[{"href":"https:\/\/gruene-emsland.de\/index.php?rest_route=\/wp\/v2\/types\/post"}],"author":[{"embeddable":true,"href":"https:\/\/gruene-emsland.de\/index.php?rest_route=\/wp\/v2\/users\/4"}],"replies":[{"embeddable":true,"href":"https:\/\/gruene-emsland.de\/index.php?rest_route=%2Fwp%2Fv2%2Fcomments&post=753"}],"version-history":[{"count":3,"href":"https:\/\/gruene-emsland.de\/index.php?rest_route=\/wp\/v2\/posts\/753\/revisions"}],"predecessor-version":[{"id":770,"href":"https:\/\/gruene-emsland.de\/index.php?rest_route=\/wp\/v2\/posts\/753\/revisions\/770"}],"wp:featuredmedia":[{"embeddable":true,"href":"https:\/\/gruene-emsland.de\/index.php?rest_route=\/wp\/v2\/media\/640"}],"wp:attachment":[{"href":"https:\/\/gruene-emsland.de\/index.php?rest_route=%2Fwp%2Fv2%2Fmedia&parent=753"}],"wp:term":[{"taxonomy":"category","embeddable":true,"href":"https:\/\/gruene-emsland.de\/index.php?rest_route=%2Fwp%2Fv2%2Fcategories&post=753"},{"taxonomy":"post_tag","embeddable":true,"href":"https:\/\/gruene-emsland.de\/index.php?rest_route=%2Fwp%2Fv2%2Ftags&post=753"}],"curies":[{"name":"wp","href":"https:\/\/api.w.org\/{rel}","templated":true}]}}