{"id":732,"date":"2025-02-26T14:17:24","date_gmt":"2025-02-26T14:17:24","guid":{"rendered":"https:\/\/gruene-emsland.de\/?p=732"},"modified":"2025-02-27T21:45:38","modified_gmt":"2025-02-27T21:45:38","slug":"ergebnisse-der-bundestagswahl-im-emsland-ein-rueckblick-auf-den-engagierten-wahlkampf","status":"publish","type":"post","link":"https:\/\/gruene-emsland.de\/?p=732","title":{"rendered":"Ergebnisse der Bundestagswahl im Emsland: Ein R\u00fcckblick auf den engagierten Wahlkampf"},"content":{"rendered":"\n<p><\/p>\n\n\n\n<p>Mit der Bundestagswahl im Februar 2025 erlebte das Emsland eine beeindruckend hohe Wahlbeteiligung, was auf das gro\u00dfe Engagement und Interesse der B\u00fcrgerinnen und B\u00fcrger an der politischen Zukunft hinweist. In den beiden Wahlkreisen Mittelems und Unterems lagen die Wahlbeteiligungen bei beeindruckenden 85,35 % respektive 83,47 %. Trotz dieser positiven Entwicklung bleibt das Ergebnis von uns Gr\u00fcnen ausbauf\u00e4hig.<\/p>\n\n\n\n<p>Im Wahlkreis Mittelems f\u00fchrte Jeremy Zgrzebski die Gr\u00fcnen in einen tollen und engagierten Wahlkampf. Mit 7,29 % der Erststimmen und 8,69 % der Zweitstimmen konnte ein ordentliches Ergebnis erzielt werden. Der Kreisvorstand dr\u00fcckt seine Dankbarkeit f\u00fcr Jeremy aus!<\/p>\n\n\n\n<p>Im Wahlkreis Unterems stand Julian Pahlke als Kandidat zur Wahl. Trotz eines kraftvollen und motivierten Wahlkampfes und eines Ergebnisses von 6,98 % der Erststimmen und 7,23 % der Zweitstimmen, zog er leider nicht erneut \u00fcber die Landesliste in den Bundestag ein. Der Kreisvorstand bedauert dies sehr und dankt Julian f\u00fcr seinen unerm\u00fcdlichen Einsatz und seine Jahre als Bundestagskandidat.<\/p>\n\n\n\n<p>Obgleich der Wahlausgang hinter den Erwartungen zur\u00fcckblieb, bleiben die Gr\u00fcnen im Emsland entschlossen, sich weiterhin f\u00fcr eine soziale, gerechte und klimaneutrale Politik einzusetzen. Wir werden die Ergebnisse genau analysieren, um mit neuer Motivation in die Zukunft zu blicken.<\/p>\n\n\n\n<p>Ein besonderer Dank gilt unseren engagierten Mitgliedern, die w\u00e4hrend des Wahlkampfes Herausragendes geleistet haben. Ihr habt hunderte Plakate aufgeh\u00e4ngt, tolle Wahlkampfst\u00e4nde organisiert, einen super Haust\u00fcrwahlkampf gef\u00fchrt, euch kreative Foto- und Videoaktionen ausgedacht, habt hunderte Armb\u00e4nder gebastelt und unz\u00e4hlige Sonnenblumen geh\u00e4kelt \u2013 ihr seid die Heldinnen und Helden dieses Wahlkampfes. Danke f\u00fcr euren unerm\u00fcdlichen Einsatz!<\/p>\n\n\n\n<p>Gemeinsam werden wir den eingeschlagenen Weg fortsetzen und unsere Stimme im Emsland weiterhin laut f\u00fcr demokratische, positive und zukunftsf\u00e4hige Ver\u00e4nderungen erheben.<\/p>\n\n\n\n<div data-wp-interactive=\"core\/file\" class=\"wp-block-file\"><object data-wp-bind--hidden=\"!state.hasPdfPreview\" hidden class=\"wp-block-file__embed\" data=\"https:\/\/gruene-emsland.de\/wp-content\/uploads\/2025\/02\/regionale-wahlergebnisse-2025.pdf\" type=\"application\/pdf\" style=\"width:100%;height:600px\" aria-label=\"Einbettung von regionale-wahlergebnisse-2025.\"><\/object><a id=\"wp-block-file--media-cb27281c-2700-4b2b-bd8f-9ad72cd8242f\" href=\"https:\/\/gruene-emsland.de\/wp-content\/uploads\/2025\/02\/regionale-wahlergebnisse-2025.pdf\">regionale-wahlergebnisse-2025<\/a><a href=\"https:\/\/gruene-emsland.de\/wp-content\/uploads\/2025\/02\/regionale-wahlergebnisse-2025.pdf\" class=\"wp-block-file__button wp-element-button\" download aria-describedby=\"wp-block-file--media-cb27281c-2700-4b2b-bd8f-9ad72cd8242f\">Herunterladen<\/a><\/div>\n","protected":false},"excerpt":{"rendered":"<p>Mit der Bundestagswahl im Februar 2025 erlebte das Emsland eine beeindruckend hohe Wahlbeteiligung, was auf das gro\u00dfe Engagement und Interesse der B\u00fcrgerinnen und B\u00fcrger an der politischen Zukunft hinweist. In [&hellip;]<\/p>\n","protected":false},"author":-1,"featured_media":734,"comment_status":"closed","ping_status":"open","sticky":false,"template":"","format":"standard","meta":{"footnotes":""},"categories":[1],"tags":[],"class_list":["post-732","post","type-post","status-publish","format-standard","has-post-thumbnail","hentry","category-uncategorized"],"_links":{"self":[{"href":"https:\/\/gruene-emsland.de\/index.php?rest_route=\/wp\/v2\/posts\/732","targetHints":{"allow":["GET"]}}],"collection":[{"href":"https:\/\/gruene-emsland.de\/index.php?rest_route=\/wp\/v2\/posts"}],"about":[{"href":"https:\/\/gruene-emsland.de\/index.php?rest_route=\/wp\/v2\/types\/post"}],"author":[{"embeddable":true,"href":"https:\/\/gruene-emsland.de\/index.php?rest_route=\/wp\/v2\/users\/1"}],"replies":[{"embeddable":true,"href":"https:\/\/gruene-emsland.de\/index.php?rest_route=%2Fwp%2Fv2%2Fcomments&post=732"}],"version-history":[{"count":4,"href":"https:\/\/gruene-emsland.de\/index.php?rest_route=\/wp\/v2\/posts\/732\/revisions"}],"predecessor-version":[{"id":738,"href":"https:\/\/gruene-emsland.de\/index.php?rest_route=\/wp\/v2\/posts\/732\/revisions\/738"}],"wp:featuredmedia":[{"embeddable":true,"href":"https:\/\/gruene-emsland.de\/index.php?rest_route=\/wp\/v2\/media\/734"}],"wp:attachment":[{"href":"https:\/\/gruene-emsland.de\/index.php?rest_route=%2Fwp%2Fv2%2Fmedia&parent=732"}],"wp:term":[{"taxonomy":"category","embeddable":true,"href":"https:\/\/gruene-emsland.de\/index.php?rest_route=%2Fwp%2Fv2%2Fcategories&post=732"},{"taxonomy":"post_tag","embeddable":true,"href":"https:\/\/gruene-emsland.de\/index.php?rest_route=%2Fwp%2Fv2%2Ftags&post=732"}],"curies":[{"name":"wp","href":"https:\/\/api.w.org\/{rel}","templated":true}]}}