{"id":728,"date":"2025-02-27T15:11:38","date_gmt":"2025-02-27T15:11:38","guid":{"rendered":"https:\/\/gruene-emsland.de\/?p=728"},"modified":"2025-02-27T14:55:15","modified_gmt":"2025-02-27T14:55:15","slug":"stellenausschreibung","status":"publish","type":"post","link":"https:\/\/gruene-emsland.de\/?p=728","title":{"rendered":"Stellenausschreibung"},"content":{"rendered":"\n<p>Wir, der Kreisverband Emsland von B\u00dcNDNIS 90\/DIE GR\u00dcNEN, suchen zum n\u00e4chstm\u00f6glichen Zeitpunkt eine <strong>B\u00fcrokraft (m\/d\/w)<\/strong><br><br><strong>Dein Profil:<\/strong><\/p>\n\n\n\n<ul class=\"wp-block-list\">\n<li>Du identifizierst Dich mit den Inhalten GR\u00dcNER Politik<\/li>\n\n\n\n<li>Du hast starke organisatorische F\u00e4higkeiten und eine selbstst\u00e4ndige Arbeitsweise<\/li>\n\n\n\n<li>Du arbeitest gerne im Team mit Ehrenamtlichen und hast ausgezeichnete Kommunikationsf\u00e4higkeiten<\/li>\n\n\n\n<li>Du arbeitest strukturiert, organisiert und pr\u00e4zise<\/li>\n\n\n\n<li>Du beh\u00e4ltst auch in bewegten Phasen einen k\u00fchlen Kopf<\/li>\n\n\n\n<li>Du arbeitest gerne flexibel (auch abends und an Wochenenden)<\/li>\n\n\n\n<li>Du verf\u00fcgst \u00fcber gute Kenntnisse von (z.B. WordPress, Social-Media-Plattformen, Office-Anwendungen)<br><br><strong>Deine Aufgaben:<\/strong><\/li>\n\n\n\n<li>Du bist verantwortlich f\u00fcr die allgemeine B\u00fcroarbeit und -kommunikation im Kreisverband<\/li>\n\n\n\n<li>Du unterst\u00fctzt den ehrenamtlichen Vorstand organisatorisch<\/li>\n\n\n\n<li>Du hilfst bei Veranstaltungsvorbereitungen und der Nacharbeit<\/li>\n\n\n\n<li>Du verwaltest und pflegst die Mitglieder- und Adressdaten<\/li>\n\n\n\n<li>Du arbeitest mit den Anwendungen im Gr\u00fcnen Netz (Online-Kollaborationstools)<\/li>\n\n\n\n<li>Du betreust die Homepage und Social Media Kan\u00e4le<\/li>\n\n\n\n<li>Du unterst\u00fctzt bei der Organisation von Wahlk\u00e4mpfen<br><br><strong>Was wir dir bieten:<\/strong><\/li>\n\n\n\n<li>Wir bieten eine abwechslungsreiche und vielseitige T\u00e4tigkeit in einem dynamischen Umfeld<\/li>\n\n\n\n<li>Flexible Arbeitszeiten<\/li>\n\n\n\n<li>Die M\u00f6glichkeit mobil zu arbeiten<\/li>\n\n\n\n<li>Ein Arbeitslaptop<br><br><strong>Rahmenbedingungen:<\/strong><\/li>\n\n\n\n<li>Die Stelle ist ab dem n\u00e4chstm\u00f6glichen Zeitpunkt zu besetzen.<\/li>\n\n\n\n<li>Der Vertrag ist zun\u00e4chst auf 24 Monate befristet. Eine Weiterbesch\u00e4ftigung wird angestrebt.<\/li>\n\n\n\n<li>Die Stelle umfasst nach Absprache 8-12 Wochen-Arbeitsstunden.<\/li>\n\n\n\n<li>Die Vorstellungsgespr\u00e4che finden voraussichtlich im April 2025 statt.<br><br><br>B\u00dcNDNIS 90\/DIE GR\u00dcNEN legt Wert auf Diversit\u00e4t unter den Mitarbeitenden. Wir freuen uns deshalb \u00fcber Bewerbungen von Personen, unabh\u00e4ngig von deren kultureller und sozialer Herkunft, Alter, Religion, Geschlecht, sexueller Identit\u00e4t oder Behinderung. Schwerbehinderte Bewerber*innen werden bei ansonsten im Wesentlichen gleicher Eignung bevorzugt eingestellt.<br><br>Bitte sende Deine schriftliche Bewerbung mit aussagekr\u00e4ftigen Unterlagen (Motivationsschreiben, Lebenslauf und relevante Zeugnisse; gemeinsam in einem PDF) ausschlie\u00dflich in digitaler Form bis zum 21. M\u00e4rz 2025 an theresa.gothe@gruene-emsland.de. <br>R\u00fcckfragen sind m\u00f6glich bei Theresa Gothe 0176-60187265.<br><br>Bewerbungsschluss ist der 21. M\u00e4rz 2025.<\/li>\n<\/ul>\n\n\n\n<div data-wp-interactive=\"core\/file\" class=\"wp-block-file\"><object data-wp-bind--hidden=\"!state.hasPdfPreview\" hidden class=\"wp-block-file__embed\" data=\"https:\/\/gruene-emsland.de\/wp-content\/uploads\/2025\/02\/Stellenausschreibung-Buerokraft-Gruene-KV-Emsland.pdf\" type=\"application\/pdf\" style=\"width:100%;height:600px\" aria-label=\"Einbettung von Stellenausschreibung B\u00fcrokraft Gr\u00fcne KV Emsland.\"><\/object><a id=\"wp-block-file--media-f93c0cdf-5d52-4820-bad2-ba0e6c583530\" href=\"https:\/\/gruene-emsland.de\/wp-content\/uploads\/2025\/02\/Stellenausschreibung-Buerokraft-Gruene-KV-Emsland.pdf\">Stellenausschreibung B\u00fcrokraft Gr\u00fcne KV Emsland<\/a><a href=\"https:\/\/gruene-emsland.de\/wp-content\/uploads\/2025\/02\/Stellenausschreibung-Buerokraft-Gruene-KV-Emsland.pdf\" class=\"wp-block-file__button wp-element-button\" download aria-describedby=\"wp-block-file--media-f93c0cdf-5d52-4820-bad2-ba0e6c583530\">Herunterladen<\/a><\/div>\n","protected":false},"excerpt":{"rendered":"<p>Wir, der Kreisverband Emsland von B\u00dcNDNIS 90\/DIE GR\u00dcNEN, suchen zum n\u00e4chstm\u00f6glichen Zeitpunkt eine B\u00fcrokraft (m\/d\/w) Dein Profil:<\/p>\n","protected":false},"author":-1,"featured_media":730,"comment_status":"closed","ping_status":"open","sticky":false,"template":"","format":"standard","meta":{"footnotes":""},"categories":[1],"tags":[],"class_list":["post-728","post","type-post","status-publish","format-standard","has-post-thumbnail","hentry","category-uncategorized"],"_links":{"self":[{"href":"https:\/\/gruene-emsland.de\/index.php?rest_route=\/wp\/v2\/posts\/728","targetHints":{"allow":["GET"]}}],"collection":[{"href":"https:\/\/gruene-emsland.de\/index.php?rest_route=\/wp\/v2\/posts"}],"about":[{"href":"https:\/\/gruene-emsland.de\/index.php?rest_route=\/wp\/v2\/types\/post"}],"author":[{"embeddable":true,"href":"https:\/\/gruene-emsland.de\/index.php?rest_route=\/wp\/v2\/users\/1"}],"replies":[{"embeddable":true,"href":"https:\/\/gruene-emsland.de\/index.php?rest_route=%2Fwp%2Fv2%2Fcomments&post=728"}],"version-history":[{"count":1,"href":"https:\/\/gruene-emsland.de\/index.php?rest_route=\/wp\/v2\/posts\/728\/revisions"}],"predecessor-version":[{"id":731,"href":"https:\/\/gruene-emsland.de\/index.php?rest_route=\/wp\/v2\/posts\/728\/revisions\/731"}],"wp:featuredmedia":[{"embeddable":true,"href":"https:\/\/gruene-emsland.de\/index.php?rest_route=\/wp\/v2\/media\/730"}],"wp:attachment":[{"href":"https:\/\/gruene-emsland.de\/index.php?rest_route=%2Fwp%2Fv2%2Fmedia&parent=728"}],"wp:term":[{"taxonomy":"category","embeddable":true,"href":"https:\/\/gruene-emsland.de\/index.php?rest_route=%2Fwp%2Fv2%2Fcategories&post=728"},{"taxonomy":"post_tag","embeddable":true,"href":"https:\/\/gruene-emsland.de\/index.php?rest_route=%2Fwp%2Fv2%2Ftags&post=728"}],"curies":[{"name":"wp","href":"https:\/\/api.w.org\/{rel}","templated":true}]}}