{"id":707,"date":"2025-01-30T09:19:29","date_gmt":"2025-01-30T09:19:29","guid":{"rendered":"https:\/\/gruene-emsland.de\/?p=707"},"modified":"2025-02-04T09:24:25","modified_gmt":"2025-02-04T09:24:25","slug":"ausserordentliche-bdk-26-01-2025","status":"publish","type":"post","link":"https:\/\/gruene-emsland.de\/?p=707","title":{"rendered":"Au\u00dferordentliche BDK 26.01.2025"},"content":{"rendered":"\n<p><\/p>\n\n\n\n<p>Heute haben unsere Delegierte Hanna und unser Ersatzsedeligierter Lukas unser finales Wahlprogramm mit beschlossen.<br>Dabei war nat\u00fcrlich auch unser super BT-Kandidat @j_zgrzebski und unser MdL @nicolas.Breer. &#x1f44d;<br>Nach interessanten Reden, spannenden Beitr\u00e4gen und Abstimmungen k\u00f6nnen wir jetzt gest\u00e4rkt in den Wahlkampf starten. &#x1f49a;<\/p>\n\n\n\n<p>Die Kernbotschaften des Programms sind:<\/p>\n\n\n\n<ol class=\"wp-block-list\">\n<li>In die Zukunft wachsen \u2013 \u00f6kologisch und \u00f6konomisch<\/li>\n<\/ol>\n\n\n\n<p>Dazu soll u.a. die Schuldenbremse reformiert werden und eine Investitionspr\u00e4mie eingef\u00fchrt werden. Infrastrukturprojekte, wie die Sanierung von Br\u00fccken, Bahn und Schulen sollen vorangetrieben werden. Auch die Einf\u00fchrung des Klimageldes f\u00fcr einen effektiven und sozialgerechten Klimaschutz ist beschlossen.<\/p>\n\n\n\n<ol start=\"2\" class=\"wp-block-list\">\n<li>Einfach dabei sein \u2013 fair und bezahlt<\/li>\n<\/ol>\n\n\n\n<p>Starke Schultern sollen einen gerechten Anteil an der Finanzierung des Gemeinwohls tragen: Schlupfl\u00f6cher f\u00fcr Superreiche und Immobilienkonzerne sollen geschlossen und eine globale Milliard\u00e4rssteuer eingef\u00fchrt werden. Zudem soll der Mindestlohn schrittweise angehoben werden. Auch die St\u00e4rkung der Tarifbindung soll f\u00fcr bessere L\u00f6hne sorgen.<\/p>\n\n\n\n<ol start=\"3\" class=\"wp-block-list\">\n<li>Frieden in Freiheit sicher \u2013 innen und au\u00dfen<\/li>\n<\/ol>\n\n\n\n<p>Es soll st\u00e4rker gegen Ausgrenzung und Diskrimierung vorgegangen werden, Sicherheitsbeh\u00f6rden gest\u00e4rkt und der Kampf gegen organisierte Kriminalit\u00e4t intensiviert.<br>Europe United ist unsere richtige Antwort auf Trumps America First.<br>F\u00fcr den Schutz der europ\u00e4ischen Friedensordnung und der Demokratie insgesamt stehen wir weiter geschlossen an der Seite der angegriffenen Ukraine.<br>Daf\u00fcr braucht es Diplomatie und eine deutliche Erh\u00f6hung des Verteidigungsetats.<\/p>\n\n\n\n<p>Selbstverst\u00e4ndlich gab es w\u00e4hrend der gesamten BDK deutliche Worte f\u00fcr das Aufrechthalten der Brandmauer!<\/p>\n\n\n\n<p>Die St\u00e4rkste Kraft im Land: Zuversicht!<\/p>\n\n\n\n<h6 class=\"wp-block-heading\">zuversicht #haltung #aufbruch #23.02gruenw\u00e4hlen #bdk<\/h6>\n\n\n\n<figure class=\"wp-block-gallery has-nested-images columns-default is-cropped wp-block-gallery-1 is-layout-flex wp-block-gallery-is-layout-flex\">\n<figure class=\"wp-block-image size-large\"><img loading=\"lazy\" decoding=\"async\" width=\"800\" height=\"600\" data-id=\"712\" src=\"https:\/\/gruene-emsland.de\/wp-content\/uploads\/2025\/02\/244cabe3-9ae1-4f3c-91b8-c896814bcba7-800x600.jpg\" alt=\"\" class=\"wp-image-712\" srcset=\"https:\/\/gruene-emsland.de\/wp-content\/uploads\/2025\/02\/244cabe3-9ae1-4f3c-91b8-c896814bcba7-800x600.jpg 800w, https:\/\/gruene-emsland.de\/wp-content\/uploads\/2025\/02\/244cabe3-9ae1-4f3c-91b8-c896814bcba7-400x300.jpg 400w, https:\/\/gruene-emsland.de\/wp-content\/uploads\/2025\/02\/244cabe3-9ae1-4f3c-91b8-c896814bcba7-768x576.jpg 768w, https:\/\/gruene-emsland.de\/wp-content\/uploads\/2025\/02\/244cabe3-9ae1-4f3c-91b8-c896814bcba7-1536x1152.jpg 1536w, https:\/\/gruene-emsland.de\/wp-content\/uploads\/2025\/02\/244cabe3-9ae1-4f3c-91b8-c896814bcba7-150x113.jpg 150w, https:\/\/gruene-emsland.de\/wp-content\/uploads\/2025\/02\/244cabe3-9ae1-4f3c-91b8-c896814bcba7.jpg 2048w\" sizes=\"auto, (max-width: 800px) 100vw, 800px\" \/><\/figure>\n\n\n\n<figure class=\"wp-block-image size-large\"><img loading=\"lazy\" decoding=\"async\" width=\"800\" height=\"565\" data-id=\"708\" src=\"https:\/\/gruene-emsland.de\/wp-content\/uploads\/2025\/02\/7c113bd0-0327-4159-a2bd-7edcab07328e-800x565.jpg\" alt=\"\" class=\"wp-image-708\" srcset=\"https:\/\/gruene-emsland.de\/wp-content\/uploads\/2025\/02\/7c113bd0-0327-4159-a2bd-7edcab07328e-800x565.jpg 800w, https:\/\/gruene-emsland.de\/wp-content\/uploads\/2025\/02\/7c113bd0-0327-4159-a2bd-7edcab07328e-400x282.jpg 400w, https:\/\/gruene-emsland.de\/wp-content\/uploads\/2025\/02\/7c113bd0-0327-4159-a2bd-7edcab07328e-768x542.jpg 768w, https:\/\/gruene-emsland.de\/wp-content\/uploads\/2025\/02\/7c113bd0-0327-4159-a2bd-7edcab07328e-1536x1085.jpg 1536w, https:\/\/gruene-emsland.de\/wp-content\/uploads\/2025\/02\/7c113bd0-0327-4159-a2bd-7edcab07328e-150x106.jpg 150w, https:\/\/gruene-emsland.de\/wp-content\/uploads\/2025\/02\/7c113bd0-0327-4159-a2bd-7edcab07328e.jpg 2048w\" sizes=\"auto, (max-width: 800px) 100vw, 800px\" \/><\/figure>\n\n\n\n<figure class=\"wp-block-image size-large\"><img loading=\"lazy\" decoding=\"async\" width=\"800\" height=\"600\" data-id=\"710\" src=\"https:\/\/gruene-emsland.de\/wp-content\/uploads\/2025\/02\/3aaeac70-dba8-48a5-ac15-4e76a4a92d9d-800x600.jpg\" alt=\"\" class=\"wp-image-710\" srcset=\"https:\/\/gruene-emsland.de\/wp-content\/uploads\/2025\/02\/3aaeac70-dba8-48a5-ac15-4e76a4a92d9d-800x600.jpg 800w, https:\/\/gruene-emsland.de\/wp-content\/uploads\/2025\/02\/3aaeac70-dba8-48a5-ac15-4e76a4a92d9d-400x300.jpg 400w, https:\/\/gruene-emsland.de\/wp-content\/uploads\/2025\/02\/3aaeac70-dba8-48a5-ac15-4e76a4a92d9d-768x576.jpg 768w, https:\/\/gruene-emsland.de\/wp-content\/uploads\/2025\/02\/3aaeac70-dba8-48a5-ac15-4e76a4a92d9d-1536x1152.jpg 1536w, https:\/\/gruene-emsland.de\/wp-content\/uploads\/2025\/02\/3aaeac70-dba8-48a5-ac15-4e76a4a92d9d-150x113.jpg 150w, https:\/\/gruene-emsland.de\/wp-content\/uploads\/2025\/02\/3aaeac70-dba8-48a5-ac15-4e76a4a92d9d.jpg 2048w\" sizes=\"auto, (max-width: 800px) 100vw, 800px\" \/><\/figure>\n\n\n\n<figure class=\"wp-block-image size-large\"><img loading=\"lazy\" decoding=\"async\" width=\"800\" height=\"600\" data-id=\"713\" src=\"https:\/\/gruene-emsland.de\/wp-content\/uploads\/2025\/02\/0b02d2c0-001d-4911-9760-2f5b50e2fea9-800x600.jpg\" alt=\"\" class=\"wp-image-713\" srcset=\"https:\/\/gruene-emsland.de\/wp-content\/uploads\/2025\/02\/0b02d2c0-001d-4911-9760-2f5b50e2fea9-800x600.jpg 800w, https:\/\/gruene-emsland.de\/wp-content\/uploads\/2025\/02\/0b02d2c0-001d-4911-9760-2f5b50e2fea9-400x300.jpg 400w, https:\/\/gruene-emsland.de\/wp-content\/uploads\/2025\/02\/0b02d2c0-001d-4911-9760-2f5b50e2fea9-768x576.jpg 768w, https:\/\/gruene-emsland.de\/wp-content\/uploads\/2025\/02\/0b02d2c0-001d-4911-9760-2f5b50e2fea9-1536x1152.jpg 1536w, https:\/\/gruene-emsland.de\/wp-content\/uploads\/2025\/02\/0b02d2c0-001d-4911-9760-2f5b50e2fea9-150x113.jpg 150w, https:\/\/gruene-emsland.de\/wp-content\/uploads\/2025\/02\/0b02d2c0-001d-4911-9760-2f5b50e2fea9.jpg 2048w\" sizes=\"auto, (max-width: 800px) 100vw, 800px\" \/><\/figure>\n\n\n\n<figure class=\"wp-block-image size-large\"><img loading=\"lazy\" decoding=\"async\" width=\"800\" height=\"370\" data-id=\"709\" src=\"https:\/\/gruene-emsland.de\/wp-content\/uploads\/2025\/02\/567e579d-afb7-4e06-8315-a7256fac58e5-800x370.jpg\" alt=\"\" class=\"wp-image-709\" srcset=\"https:\/\/gruene-emsland.de\/wp-content\/uploads\/2025\/02\/567e579d-afb7-4e06-8315-a7256fac58e5-800x370.jpg 800w, https:\/\/gruene-emsland.de\/wp-content\/uploads\/2025\/02\/567e579d-afb7-4e06-8315-a7256fac58e5-400x185.jpg 400w, https:\/\/gruene-emsland.de\/wp-content\/uploads\/2025\/02\/567e579d-afb7-4e06-8315-a7256fac58e5-768x355.jpg 768w, https:\/\/gruene-emsland.de\/wp-content\/uploads\/2025\/02\/567e579d-afb7-4e06-8315-a7256fac58e5-1536x710.jpg 1536w, https:\/\/gruene-emsland.de\/wp-content\/uploads\/2025\/02\/567e579d-afb7-4e06-8315-a7256fac58e5-150x69.jpg 150w, https:\/\/gruene-emsland.de\/wp-content\/uploads\/2025\/02\/567e579d-afb7-4e06-8315-a7256fac58e5.jpg 2000w\" sizes=\"auto, (max-width: 800px) 100vw, 800px\" \/><\/figure>\n\n\n\n<figure class=\"wp-block-image size-large\"><img loading=\"lazy\" decoding=\"async\" width=\"800\" height=\"600\" data-id=\"711\" src=\"https:\/\/gruene-emsland.de\/wp-content\/uploads\/2025\/02\/886f680d-a72e-4cae-ac23-7c1e5403370f-800x600.jpg\" alt=\"\" class=\"wp-image-711\" srcset=\"https:\/\/gruene-emsland.de\/wp-content\/uploads\/2025\/02\/886f680d-a72e-4cae-ac23-7c1e5403370f-800x600.jpg 800w, https:\/\/gruene-emsland.de\/wp-content\/uploads\/2025\/02\/886f680d-a72e-4cae-ac23-7c1e5403370f-400x300.jpg 400w, https:\/\/gruene-emsland.de\/wp-content\/uploads\/2025\/02\/886f680d-a72e-4cae-ac23-7c1e5403370f-768x576.jpg 768w, https:\/\/gruene-emsland.de\/wp-content\/uploads\/2025\/02\/886f680d-a72e-4cae-ac23-7c1e5403370f-1536x1152.jpg 1536w, https:\/\/gruene-emsland.de\/wp-content\/uploads\/2025\/02\/886f680d-a72e-4cae-ac23-7c1e5403370f-150x113.jpg 150w, https:\/\/gruene-emsland.de\/wp-content\/uploads\/2025\/02\/886f680d-a72e-4cae-ac23-7c1e5403370f.jpg 2048w\" sizes=\"auto, (max-width: 800px) 100vw, 800px\" \/><\/figure>\n<\/figure>\n","protected":false},"excerpt":{"rendered":"<p>Heute haben unsere Delegierte Hanna und unser Ersatzsedeligierter Lukas unser finales Wahlprogramm mit beschlossen.Dabei war nat\u00fcrlich auch unser super BT-Kandidat @j_zgrzebski und unser MdL @nicolas.Breer. &#x1f44d;Nach interessanten Reden, spannenden Beitr\u00e4gen [&hellip;]<\/p>\n","protected":false},"author":-1,"featured_media":711,"comment_status":"closed","ping_status":"open","sticky":false,"template":"","format":"standard","meta":{"footnotes":""},"categories":[1],"tags":[],"class_list":["post-707","post","type-post","status-publish","format-standard","has-post-thumbnail","hentry","category-uncategorized"],"_links":{"self":[{"href":"https:\/\/gruene-emsland.de\/index.php?rest_route=\/wp\/v2\/posts\/707","targetHints":{"allow":["GET"]}}],"collection":[{"href":"https:\/\/gruene-emsland.de\/index.php?rest_route=\/wp\/v2\/posts"}],"about":[{"href":"https:\/\/gruene-emsland.de\/index.php?rest_route=\/wp\/v2\/types\/post"}],"author":[{"embeddable":true,"href":"https:\/\/gruene-emsland.de\/index.php?rest_route=\/wp\/v2\/users\/1"}],"replies":[{"embeddable":true,"href":"https:\/\/gruene-emsland.de\/index.php?rest_route=%2Fwp%2Fv2%2Fcomments&post=707"}],"version-history":[{"count":1,"href":"https:\/\/gruene-emsland.de\/index.php?rest_route=\/wp\/v2\/posts\/707\/revisions"}],"predecessor-version":[{"id":714,"href":"https:\/\/gruene-emsland.de\/index.php?rest_route=\/wp\/v2\/posts\/707\/revisions\/714"}],"wp:featuredmedia":[{"embeddable":true,"href":"https:\/\/gruene-emsland.de\/index.php?rest_route=\/wp\/v2\/media\/711"}],"wp:attachment":[{"href":"https:\/\/gruene-emsland.de\/index.php?rest_route=%2Fwp%2Fv2%2Fmedia&parent=707"}],"wp:term":[{"taxonomy":"category","embeddable":true,"href":"https:\/\/gruene-emsland.de\/index.php?rest_route=%2Fwp%2Fv2%2Fcategories&post=707"},{"taxonomy":"post_tag","embeddable":true,"href":"https:\/\/gruene-emsland.de\/index.php?rest_route=%2Fwp%2Fv2%2Ftags&post=707"}],"curies":[{"name":"wp","href":"https:\/\/api.w.org\/{rel}","templated":true}]}}