{"id":699,"date":"2025-01-09T10:15:19","date_gmt":"2025-01-09T10:15:19","guid":{"rendered":"https:\/\/gruene-emsland.de\/?p=699"},"modified":"2025-01-29T10:19:42","modified_gmt":"2025-01-29T10:19:42","slug":"antrag-der-kreistagsfraktion-zum-haushalt-2025-zur-etablierung-eines-hitzeaktionsplans-im-landkreis-emsland","status":"publish","type":"post","link":"https:\/\/gruene-emsland.de\/?p=699","title":{"rendered":"Antrag der Kreistagsfraktion zum Haushalt 2025 zur Etablierung eines Hitzeaktionsplans im Landkreis Emsland"},"content":{"rendered":"\n<p>Antrag zum Download:\u00a0<a href=\"https:\/\/gruene-emsland.de\/wp-content\/uploads\/2025\/01\/Antrag_Hitzeaktionsplan-3.pdf\" data-type=\"attachment\" data-id=\"664\">Antrag_Hitzeaktionsplan<\/a><\/p>\n\n\n\n<p>Beschlussvorschlag:<br>Der Landkreis Emsland plant f\u00fcr das Haushaltsjahr 2025 sowie f\u00fcr die Jahre 2026 und 2027 je<br>150.000\u20ac je Kalenderjahr zu hinterlegen und entsprechend in den Kommunen f\u00fcr jeweilige<br>F\u00f6rderungsm\u00f6glichkeiten informieren. Sofern m\u00f6glich, sollen zus\u00e4tzlich Landes- und\/oder<br>Bundesmittel akquiriert werden.<br>Begr\u00fcndung \/ Sachverhalt \/ Randbedingungen:<br>Ein Hitzeaktionsplan stellt ein wichtiges kommunales Instrument dar, das darauf abzielt,<br>hitzebedingte Mortalit\u00e4t und Morbidit\u00e4t zu reduzieren. Dieser Plan kann sowohl kurzfristige als<br>auch mittel- und langfristige Ma\u00dfnahmen umfassen, die in verschiedenen Politikfeldern wie<br>Gesundheit, Soziales und Stadtentwicklung entwickelt und umgesetzt werden.<br>Die erste Leitlinie zur Erstellung von sogenannten Heat-Health Action Plans (Hitzeaktionspl\u00e4nen)<br>wurde 2008 von der Weltgesundheitsorganisation (WHO) als Reaktion auf den Hitzesommer 2003<br>entwickelt. In \u00dcbereinstimmung mit diesen WHO-Leitlinien wurden 2017 unter der Leitung der<br>Bundesministerien f\u00fcr Umwelt und Gesundheit durch die Bund\/L\u00e4nder-Ad-hoc Arbeitsgruppe<br>\u201eGesundheitliche Anpassung an die Folgen des Klimawandels (GAK)\u201c Handlungsempfehlungen zur<br>Erstellung von Hitzeaktionspl\u00e4nen in Deutschland ver\u00f6ffentlicht.<br>Seitdem wurden verschiedene Pilotprojekte zur Implementierung von Hitzeaktionspl\u00e4nen auf<br>kommunaler Ebene erfolgreich durchgef\u00fchrt. Im Oktober 2020 forderte die 93.<br>Gesundheitsministerkonferenz mit dem Leitantrag \u201eDer Klimawandel &#8211; eine Herausforderung f\u00fcr<br>das deutsche Gesundheitssystem\u201c die deutschen Kommunen auf, innerhalb von f\u00fcnf Jahren auf<br>Grundlage der Handlungsempfehlungen Hitzeaktionspl\u00e4ne zu erstellen. Diese kommunalen Pl\u00e4ne<br>erm\u00f6glichen es, passgenaue verhaltens- und verh\u00e4ltnispr\u00e4ventive Ma\u00dfnahmen zum Schutz der<br>Bev\u00f6lkerung vor Hitze und UV-Strahlung zu entwickeln und umzusetzen. Oftmals werden<br>Beschl\u00fcsse zur Erstellung von Hitzeaktionspl\u00e4nen im Rahmen von<br>Klimafolgenanpassungskonzepten gefasst.<br><br>Der Landkreis Emsland informiert auf seiner Homepage \u00fcber geeignete Verhaltensweisen und<br>bietet Verlinkungen zu weiterf\u00fchrenden Informationen an. Als Kreistagsfraktion von B\u00fcndnis<br>90\/Die Gr\u00fcnen Emsland begr\u00fc\u00dfen wir diesen Service ausdr\u00fccklich und setzen uns daf\u00fcr ein, dass<br>der Landkreis Emsland weiterhin Projekte zum Hitzeschutz initiiert. St\u00e4dte, Gemeinden und<br>Vereine sollen die M\u00f6glichkeit erhalten, F\u00f6rderungen zu beantragen.<br><\/p>\n\n\n\n<p><strong>Beschluss des Kreistags: <\/strong><br>Der Kreistag beschlie\u00dft einstimmig:<br>Der Antrag zur Etablierung eines Hitzeaktionsplans f\u00fcr den Landkreis Emsland wird abgelehnt.<br>Die vielf\u00e4ltigen Aktivit\u00e4ten und Strategien sollen im Rahmen des laufenden Green-Team Projektes geb\u00fcndelt und dargestellt werden.<br>Die Verwaltung wird beauftragt, einen Entwurf f\u00fcr eine F\u00f6rderrichtlinie zur Planung und von<br>Umsetzungsma\u00dfnahmen im Zusammenhang mit der Klimafolgenanpassung f\u00fcr die Gemeinden<br>zu entwickeln<\/p>\n\n\n\n<p>Antrag zum Download:\u00a0<a href=\"https:\/\/gruene-emsland.de\/wp-content\/uploads\/2025\/01\/Antrag_Hitzeaktionsplan-3.pdf\" data-type=\"attachment\" data-id=\"664\">Antrag_Hitzeaktionsplan<\/a><\/p>\n\n\n\n<p><\/p>\n","protected":false},"excerpt":{"rendered":"<p>Antrag zum Download:\u00a0Antrag_Hitzeaktionsplan Beschlussvorschlag:Der Landkreis Emsland plant f\u00fcr das Haushaltsjahr 2025 sowie f\u00fcr die Jahre 2026 und 2027 je150.000\u20ac je Kalenderjahr zu hinterlegen und entsprechend in den Kommunen f\u00fcr jeweiligeF\u00f6rderungsm\u00f6glichkeiten [&hellip;]<\/p>\n","protected":false},"author":-1,"featured_media":640,"comment_status":"closed","ping_status":"open","sticky":false,"template":"","format":"standard","meta":{"footnotes":""},"categories":[47],"tags":[60,76,72,73,75,53],"class_list":["post-699","post","type-post","status-publish","format-standard","has-post-thumbnail","hentry","category-antraege","tag-antrag","tag-gesundheit","tag-hitzeaktionplan","tag-klimafolgenanpassung","tag-klimakrise","tag-kreistagsfraktion"],"_links":{"self":[{"href":"https:\/\/gruene-emsland.de\/index.php?rest_route=\/wp\/v2\/posts\/699","targetHints":{"allow":["GET"]}}],"collection":[{"href":"https:\/\/gruene-emsland.de\/index.php?rest_route=\/wp\/v2\/posts"}],"about":[{"href":"https:\/\/gruene-emsland.de\/index.php?rest_route=\/wp\/v2\/types\/post"}],"author":[{"embeddable":true,"href":"https:\/\/gruene-emsland.de\/index.php?rest_route=\/wp\/v2\/users\/5"}],"replies":[{"embeddable":true,"href":"https:\/\/gruene-emsland.de\/index.php?rest_route=%2Fwp%2Fv2%2Fcomments&post=699"}],"version-history":[{"count":1,"href":"https:\/\/gruene-emsland.de\/index.php?rest_route=\/wp\/v2\/posts\/699\/revisions"}],"predecessor-version":[{"id":700,"href":"https:\/\/gruene-emsland.de\/index.php?rest_route=\/wp\/v2\/posts\/699\/revisions\/700"}],"wp:featuredmedia":[{"embeddable":true,"href":"https:\/\/gruene-emsland.de\/index.php?rest_route=\/wp\/v2\/media\/640"}],"wp:attachment":[{"href":"https:\/\/gruene-emsland.de\/index.php?rest_route=%2Fwp%2Fv2%2Fmedia&parent=699"}],"wp:term":[{"taxonomy":"category","embeddable":true,"href":"https:\/\/gruene-emsland.de\/index.php?rest_route=%2Fwp%2Fv2%2Fcategories&post=699"},{"taxonomy":"post_tag","embeddable":true,"href":"https:\/\/gruene-emsland.de\/index.php?rest_route=%2Fwp%2Fv2%2Ftags&post=699"}],"curies":[{"name":"wp","href":"https:\/\/api.w.org\/{rel}","templated":true}]}}