{"id":694,"date":"2025-01-09T14:46:21","date_gmt":"2025-01-09T14:46:21","guid":{"rendered":"https:\/\/gruene-emsland.de\/?p=694"},"modified":"2025-01-28T14:56:09","modified_gmt":"2025-01-28T14:56:09","slug":"antrag-der-kreistagsfraktion-zum-haushalt-2025-aenderung-der-foerderrichtlinien-fuer-gewerbegebiete","status":"publish","type":"post","link":"https:\/\/gruene-emsland.de\/?p=694","title":{"rendered":"Antrag der Kreistagsfraktion zum Haushalt 2025 \/ \u00c4nderung der F\u00f6rderrichtlinien f\u00fcr Gewerbegebiete"},"content":{"rendered":"\n<p><\/p>\n\n\n\n<p>Antrag zum Download:\u00a0<a href=\"https:\/\/gruene-emsland.de\/wp-content\/uploads\/2025\/01\/Antrag_Foerderrichtlinie_Gewerbegebiete-3.pdf\" data-type=\"attachment\" data-id=\"663\">Antrag_F\u00f6rderrichtlinie_Gewerbegebiete<\/a><\/p>\n\n\n\n<p>Von Klemens Grolle 16.12.24 Kreistag<\/p>\n\n\n\n<p>&lt;Anrede&gt;<\/p>\n\n\n\n<p>Wir begr\u00fc\u00dfen den Beschlussvorschlag der Verwaltung und freuen uns, dass gem\u00e4\u00df unserem Antrag die Kosten f\u00fcr den Bau von Radwegen bei der Erschlie\u00dfung von Industrie- und Gewerbegebieten als zuwendungsf\u00e4hig anerkannt werden.<\/p>\n\n\n\n<p>Damit setzen wir als Kreis Emsland konsequent die vielen bisherigen Ma\u00dfnahmen zur Unterst\u00fctzung des Radverkehrs fort.<\/p>\n\n\n\n<p>Die Ber\u00fccksichtigung von leistungsf\u00e4higen Fahrradwegen bei der Planung und Erschlie\u00dfung von Gewerbegebieten leistet au\u00dferdem einen wesentlichen Beitrag zur CO\u00b2-Reduzierung!<\/p>\n\n\n\n<p>Sie er\u00f6ffnet zus\u00e4tzlich f\u00fcr viele Menschen die Perspektive den tagt\u00e4glichen Weg zur Arbeit kosteng\u00fcnstig zur\u00fcckzulegen!<\/p>\n\n\n\n<p>Gleichzeitig m\u00f6chten wir darum bitten, dass die emsl\u00e4ndischen Kommunen dar\u00fcber informiert werden, dass in der bestehenden F\u00f6rderkulisse z.B. die Anpflanzung Wallhecken m\u00f6glich ist.<\/p>\n\n\n\n<p>Vielen Dank f\u00fcr die Aufmerksamkeit.<\/p>\n\n\n\n<p><strong>Beschluss des Kreistags: <\/strong><\/p>\n\n\n\n<p>Der Kreistag beschlie\u00dft einstimmig, den Handlungsleitfaden f\u00fcr die Gew\u00e4hrung von Zusch\u00fcssen f\u00fcr Industrieansiedlung und Strukturverbesserung dahingehend zu \u00e4ndern, dass die Kosten f\u00fcr den Bau von Radwegen bei der Erschlie\u00dfung von Industrie-\/Gewerbegebieten als zuwendungsf\u00e4hig anerkannt werden k\u00f6nnen. F\u00fcr das Haushaltsjahr 2025 werden 200.000 \u20ac im Rahmen des Haushaltsansatzes \u201eIndustrieansiedlung und Strukturverbesserung\u201c f\u00fcr die F\u00f6rderung des Radwegebaus in neu zu erschlie\u00dfenden Gewerbegebieten zur Verf\u00fcgung gestellt.<\/p>\n\n\n\n<p>Antrag zum Download:\u00a0<a href=\"https:\/\/gruene-emsland.de\/wp-content\/uploads\/2025\/01\/Antrag_Foerderrichtlinie_Gewerbegebiete-3.pdf\" data-type=\"attachment\" data-id=\"663\">Antrag_F\u00f6rderrichtlinie_Gewerbegebiete<\/a><\/p>\n\n\n\n<p><\/p>\n","protected":false},"excerpt":{"rendered":"<p>Antrag zum Download:\u00a0Antrag_F\u00f6rderrichtlinie_Gewerbegebiete Von Klemens Grolle 16.12.24 Kreistag &lt;Anrede&gt; Wir begr\u00fc\u00dfen den Beschlussvorschlag der Verwaltung und freuen uns, dass gem\u00e4\u00df unserem Antrag die Kosten f\u00fcr den Bau von Radwegen bei [&hellip;]<\/p>\n","protected":false},"author":-1,"featured_media":640,"comment_status":"closed","ping_status":"open","sticky":false,"template":"","format":"standard","meta":{"footnotes":""},"categories":[47],"tags":[60,71,70,52,16,53],"class_list":["post-694","post","type-post","status-publish","format-standard","has-post-thumbnail","hentry","category-antraege","tag-antrag","tag-foerderrichtlinie","tag-gewerbegebiete","tag-haushalt","tag-kreistag","tag-kreistagsfraktion"],"_links":{"self":[{"href":"https:\/\/gruene-emsland.de\/index.php?rest_route=\/wp\/v2\/posts\/694","targetHints":{"allow":["GET"]}}],"collection":[{"href":"https:\/\/gruene-emsland.de\/index.php?rest_route=\/wp\/v2\/posts"}],"about":[{"href":"https:\/\/gruene-emsland.de\/index.php?rest_route=\/wp\/v2\/types\/post"}],"author":[{"embeddable":true,"href":"https:\/\/gruene-emsland.de\/index.php?rest_route=\/wp\/v2\/users\/5"}],"replies":[{"embeddable":true,"href":"https:\/\/gruene-emsland.de\/index.php?rest_route=%2Fwp%2Fv2%2Fcomments&post=694"}],"version-history":[{"count":2,"href":"https:\/\/gruene-emsland.de\/index.php?rest_route=\/wp\/v2\/posts\/694\/revisions"}],"predecessor-version":[{"id":698,"href":"https:\/\/gruene-emsland.de\/index.php?rest_route=\/wp\/v2\/posts\/694\/revisions\/698"}],"wp:featuredmedia":[{"embeddable":true,"href":"https:\/\/gruene-emsland.de\/index.php?rest_route=\/wp\/v2\/media\/640"}],"wp:attachment":[{"href":"https:\/\/gruene-emsland.de\/index.php?rest_route=%2Fwp%2Fv2%2Fmedia&parent=694"}],"wp:term":[{"taxonomy":"category","embeddable":true,"href":"https:\/\/gruene-emsland.de\/index.php?rest_route=%2Fwp%2Fv2%2Fcategories&post=694"},{"taxonomy":"post_tag","embeddable":true,"href":"https:\/\/gruene-emsland.de\/index.php?rest_route=%2Fwp%2Fv2%2Ftags&post=694"}],"curies":[{"name":"wp","href":"https:\/\/api.w.org\/{rel}","templated":true}]}}