{"id":692,"date":"2025-01-09T14:41:51","date_gmt":"2025-01-09T14:41:51","guid":{"rendered":"https:\/\/gruene-emsland.de\/?p=692"},"modified":"2025-01-28T14:47:37","modified_gmt":"2025-01-28T14:47:37","slug":"antrag-der-kreistagsfraktion-zum-kreishaushalt-2025-umweltpreis-des-kreises-emsland","status":"publish","type":"post","link":"https:\/\/gruene-emsland.de\/?p=692","title":{"rendered":"Antrag der Kreistagsfraktion zum Kreishaushalt 2025 \/ Umweltpreis des Kreises Emsland"},"content":{"rendered":"\n<p>Von Klemens Grolle, 16.12.24 Kreistag<\/p>\n\n\n\n<p>Antrag zum Download:&nbsp;<a href=\"https:\/\/gruene-emsland.de\/wp-content\/uploads\/2025\/01\/Antrag_Umweltpreis-3.pdf\" data-type=\"attachment\" data-id=\"661\">Antrag_Umweltpreis<\/a><\/p>\n\n\n\n<p>&lt;Anrede&gt;<\/p>\n\n\n\n<p>Umweltschutz bezeichnet laut Wikipedia die Gesamtheit aller Ma\u00dfnahmen zum Schutze der Umwelt, um die Gesundheit des Menschen zu erhalten. Er hat \u00fcbrigens seit 1993 Verfassungsrang.<\/p>\n\n\n\n<p>Laut der Bundeszentrale f\u00fcr politische Bildung m\u00fcssen Umweltprobleme, um gel\u00f6st werden zu k\u00f6nnen, zun\u00e4chst einmal als solche von den Menschen wahrgenommen werden.<\/p>\n\n\n\n<p>Umweltpreise bieten aus unserer Sicht hier einen guten und effizienten Ansatz, um beide Aspekte Umweltbewu\u00dftsein und Ma\u00dfnahmen zum Umweltschutz anzugehen.<\/p>\n\n\n\n<p>Nat\u00fcrlich kann man sich damit rausreden und zufrieden geben, dass auf lokalen Ebenen schon was gemacht wird, aber insbesondere junge Menschen gilt es in ihrem \u201etagt\u00e4glichen Tun\u201c f\u00fcr das Thema Umwelt und Nachhaltigkeit zu motivieren.<\/p>\n\n\n\n<p>Diese Motivation l\u00e4sst sich mit der Aussicht auf Anerkennung und Belohnung durch einen Preis auf Kreisebene ganz erheblich steigern.<\/p>\n\n\n\n<p>Inhalte und Zielsetzungen der Preisvergabe k\u00f6nnten z.B. in Zusammenarbeit<\/p>\n\n\n\n<ul class=\"wp-block-list\">\n<li>mit den Berufsbildenden Schulen,<\/li>\n\n\n\n<li>mit der Kreishandwerkerschaft,<\/li>\n\n\n\n<li>mit der Landwirtschaftskammer,<\/li>\n\n\n\n<li>mit der IHK und auch<\/li>\n\n\n\n<li>mit den Umweltschutzverb\u00e4nden<\/li>\n<\/ul>\n\n\n\n<p>erarbeitet und festgelegt werden.<\/p>\n\n\n\n<p>Diese Akteure w\u00e4re gleichzeitig in ihren Gremien gute Multiplikatoren f\u00fcr die verst\u00e4rkte Wahrnehmung des Themas Umweltschutz.<\/p>\n\n\n\n<p>Zus\u00e4tzlich st\u00e4nde das Label \u201eUmweltpreis des Kreises Emsland\u201c dem Kreis Emsland auch aus Marketinggr\u00fcnden gut zu Gesicht. &nbsp;<\/p>\n\n\n\n<p>Schade, dass mit dem Beschlussvorschlag der Verwaltung die Chance vertan wird:<\/p>\n\n\n\n<ul class=\"wp-block-list\">\n<li>das Umweltbewu\u00dftsein auf Kreisebene weiter zu st\u00e4rken<\/li>\n\n\n\n<li>und insbesondere unsere jungenen B\u00fcrgerinnen und B\u00fcrger mit konkreten Ma\u00dfnahmen und Projekten daran teilhaben zu lassen.<\/li>\n<\/ul>\n\n\n\n<p>Vielen Dank f\u00fcr die Aufmerksamkeit.<\/p>\n\n\n\n<p><strong>Beschluss des Kreistags: <\/strong><\/p>\n\n\n\n<p>Der Kreistag beschlie\u00dft mehrheitlich, auf die Einf\u00fchrung eines Umweltpreises auf Kreisebene zu verzichten.<\/p>\n\n\n\n<p>Antrag zum Download:&nbsp;<a href=\"https:\/\/gruene-emsland.de\/wp-content\/uploads\/2025\/01\/Antrag_Umweltpreis-3.pdf\" data-type=\"attachment\" data-id=\"661\">Antrag_Umweltpreis<\/a><\/p>\n","protected":false},"excerpt":{"rendered":"<p>Von Klemens Grolle, 16.12.24 Kreistag Antrag zum Download:&nbsp;Antrag_Umweltpreis &lt;Anrede&gt; Umweltschutz bezeichnet laut Wikipedia die Gesamtheit aller Ma\u00dfnahmen zum Schutze der Umwelt, um die Gesundheit des Menschen zu erhalten. Er hat [&hellip;]<\/p>\n","protected":false},"author":-1,"featured_media":640,"comment_status":"closed","ping_status":"open","sticky":false,"template":"","format":"standard","meta":{"footnotes":""},"categories":[47],"tags":[60,69,52,16,53,68],"class_list":["post-692","post","type-post","status-publish","format-standard","has-post-thumbnail","hentry","category-antraege","tag-antrag","tag-emsland","tag-haushalt","tag-kreistag","tag-kreistagsfraktion","tag-umweltpreis"],"_links":{"self":[{"href":"https:\/\/gruene-emsland.de\/index.php?rest_route=\/wp\/v2\/posts\/692","targetHints":{"allow":["GET"]}}],"collection":[{"href":"https:\/\/gruene-emsland.de\/index.php?rest_route=\/wp\/v2\/posts"}],"about":[{"href":"https:\/\/gruene-emsland.de\/index.php?rest_route=\/wp\/v2\/types\/post"}],"author":[{"embeddable":true,"href":"https:\/\/gruene-emsland.de\/index.php?rest_route=\/wp\/v2\/users\/5"}],"replies":[{"embeddable":true,"href":"https:\/\/gruene-emsland.de\/index.php?rest_route=%2Fwp%2Fv2%2Fcomments&post=692"}],"version-history":[{"count":2,"href":"https:\/\/gruene-emsland.de\/index.php?rest_route=\/wp\/v2\/posts\/692\/revisions"}],"predecessor-version":[{"id":695,"href":"https:\/\/gruene-emsland.de\/index.php?rest_route=\/wp\/v2\/posts\/692\/revisions\/695"}],"wp:featuredmedia":[{"embeddable":true,"href":"https:\/\/gruene-emsland.de\/index.php?rest_route=\/wp\/v2\/media\/640"}],"wp:attachment":[{"href":"https:\/\/gruene-emsland.de\/index.php?rest_route=%2Fwp%2Fv2%2Fmedia&parent=692"}],"wp:term":[{"taxonomy":"category","embeddable":true,"href":"https:\/\/gruene-emsland.de\/index.php?rest_route=%2Fwp%2Fv2%2Fcategories&post=692"},{"taxonomy":"post_tag","embeddable":true,"href":"https:\/\/gruene-emsland.de\/index.php?rest_route=%2Fwp%2Fv2%2Ftags&post=692"}],"curies":[{"name":"wp","href":"https:\/\/api.w.org\/{rel}","templated":true}]}}