{"id":690,"date":"2025-01-09T14:34:50","date_gmt":"2025-01-09T14:34:50","guid":{"rendered":"https:\/\/gruene-emsland.de\/?p=690"},"modified":"2025-01-28T14:41:19","modified_gmt":"2025-01-28T14:41:19","slug":"antrag-zum-kreistagshaushalt-2025-ermittlung-von-potentialen-und-foerdermoeglichkeiten-zur-kreislaufwirtschaft-im-emsland","status":"publish","type":"post","link":"https:\/\/gruene-emsland.de\/?p=690","title":{"rendered":"Antrag zum Kreistagshaushalt 2025 \/ Ermittlung von Potentialen und F\u00f6rderm\u00f6glichkeiten zur Kreislaufwirtschaft im Emsland"},"content":{"rendered":"<a class=\"wp-block-read-more\" href=\"https:\/\/gruene-emsland.de\/?p=690\" target=\"_self\">Weiterlesen<span class=\"screen-reader-text\">: Antrag zum Kreistagshaushalt 2025 \/ Ermittlung von Potentialen und F\u00f6rderm\u00f6glichkeiten zur Kreislaufwirtschaft im Emsland<\/span><\/a>\n\n\n<p>Antrag zum Download: <a href=\"https:\/\/gruene-emsland.de\/wp-content\/uploads\/2025\/01\/Antrag_Kreislaufwirtschaft-3.pdf\" data-type=\"attachment\" data-id=\"662\">Antrag Kreislaufwirtschaft<\/a><\/p>\n\n\n\n<p>Von Klemens Grolle 16.12.24, Kreistag<\/p>\n\n\n\n<p>&lt;Anrede&gt;<\/p>\n\n\n\n<p>Als ich den Beschlussvorschlag der Verwaltung zu unserem Antrag gelesen hatte, war ich im ersten Moment sprachlos.<\/p>\n\n\n\n<p>Die Zukunftsregion Emsland verzeichtet darauf,<\/p>\n\n\n\n<ul class=\"wp-block-list\">\n<li>mit wenig Aufwand,<\/li>\n\n\n\n<li>in einem der zukunftstr\u00e4chtigsten Wirtschaftsfelder<\/li>\n<\/ul>\n\n\n\n<p>rechtzeitig m\u00f6gliche Chancen f\u00fcr die hiesige Wirtschaft systematisch auszuloten.<\/p>\n\n\n\n<p>Ja!&nbsp; Wir haben bereits viele Ansatzpunkte und die sind auch gut und erfolgversprechend. Aber die Begr\u00fcndung der Ablehnung, mit der Auflistung der vielen Einzelprojekte an denen bereits gearbeitet wird, stellt aus unserer Sicht genau dar, warum es so wichtig ist in diesem Bereich<\/p>\n\n\n\n<ul class=\"wp-block-list\">\n<li>eine systematische Erfassung,<\/li>\n\n\n\n<li>eine methodische Analyse und<\/li>\n\n\n\n<li>eine strukturierte Bewertung<\/li>\n<\/ul>\n\n\n\n<p>weiterer und zuk\u00fcnftsweisender L\u00f6sungsans\u00e4tze durchzuf\u00fchren.<\/p>\n\n\n\n<p>Liebe Kreistagskolleginnen und Kollegen,<\/p>\n\n\n\n<p>Wer aufh\u00f6rt, besser zu werden, hat aufgeh\u00f6rt, gut zu sein!<\/p>\n\n\n\n<p>Lasst uns die Chance ergreifen,<\/p>\n\n\n\n<ul class=\"wp-block-list\">\n<li>weitere erfolgversprechende L\u00f6sungsans\u00e4tze im Bereich der Kreislaufwirtschaft aktuell zu ermitteln,<\/li>\n\n\n\n<li>den neusten Stand der vielf\u00e4ltigen F\u00f6rdert\u00f6pfe auf europ\u00e4ischer Ebene auszuloten,<\/li>\n<\/ul>\n\n\n\n<p>um damit m\u00f6gliche Zukunftschancen und Perspektiven f\u00fcr die hiesige Wirtschaft aufzuzeigen.<\/p>\n\n\n\n<p>Liebe Kreistagskolleginnen und Kollegen,<\/p>\n\n\n\n<p>Bitte! stimmt dem Vorschlag der Verwaltung nicht zu,<\/p>\n\n\n\n<ul class=\"wp-block-list\">\n<li>sondern lasst uns die Potentiale und F\u00f6rderm\u00f6glicheiten zum Aufbau der Kreislaufwirtschaft im Emsland<\/li>\n\n\n\n<li>auch vor dem Hintergrund der vielen \u00c4nderung auf der europ\u00e4ischen Ebene<\/li>\n<\/ul>\n\n\n\n<p>neu ermitteln!<\/p>\n\n\n\n<p>Und wenn wir dann zum Schluss feststellen, dass wir gut sind: Umso besser!<\/p>\n\n\n\n<p>Vielen Dank f\u00fcr die Aufmerksamkeit.<\/p>\n\n\n\n<p><strong>Beschluss des Kreistags:<\/strong><\/p>\n\n\n\n<p>Der Antrag zur Ermittlung von Potentialen und F\u00f6rderm\u00f6glichkeiten zur Kreislaufwirtschaft im Emsland wird mehrheitlich abgelehnt.<\/p>\n\n\n\n<p>Antrag zum Download: <a href=\"https:\/\/gruene-emsland.de\/wp-content\/uploads\/2025\/01\/Antrag_Kreislaufwirtschaft-3.pdf\" data-type=\"attachment\" data-id=\"662\">Antrag Kreislaufwirtschaft<\/a><\/p>\n","protected":false},"excerpt":{"rendered":"<p>Antrag zum Download: Antrag Kreislaufwirtschaft Von Klemens Grolle 16.12.24, Kreistag &lt;Anrede&gt; Als ich den Beschlussvorschlag der Verwaltung zu unserem Antrag gelesen hatte, war ich im ersten Moment sprachlos. Die Zukunftsregion [&hellip;]<\/p>\n","protected":false},"author":-1,"featured_media":640,"comment_status":"closed","ping_status":"open","sticky":false,"template":"","format":"standard","meta":{"footnotes":""},"categories":[47],"tags":[60,52,67,16,53],"class_list":["post-690","post","type-post","status-publish","format-standard","has-post-thumbnail","hentry","category-antraege","tag-antrag","tag-haushalt","tag-kreislaufwirtschaft","tag-kreistag","tag-kreistagsfraktion"],"_links":{"self":[{"href":"https:\/\/gruene-emsland.de\/index.php?rest_route=\/wp\/v2\/posts\/690","targetHints":{"allow":["GET"]}}],"collection":[{"href":"https:\/\/gruene-emsland.de\/index.php?rest_route=\/wp\/v2\/posts"}],"about":[{"href":"https:\/\/gruene-emsland.de\/index.php?rest_route=\/wp\/v2\/types\/post"}],"author":[{"embeddable":true,"href":"https:\/\/gruene-emsland.de\/index.php?rest_route=\/wp\/v2\/users\/5"}],"replies":[{"embeddable":true,"href":"https:\/\/gruene-emsland.de\/index.php?rest_route=%2Fwp%2Fv2%2Fcomments&post=690"}],"version-history":[{"count":1,"href":"https:\/\/gruene-emsland.de\/index.php?rest_route=\/wp\/v2\/posts\/690\/revisions"}],"predecessor-version":[{"id":691,"href":"https:\/\/gruene-emsland.de\/index.php?rest_route=\/wp\/v2\/posts\/690\/revisions\/691"}],"wp:featuredmedia":[{"embeddable":true,"href":"https:\/\/gruene-emsland.de\/index.php?rest_route=\/wp\/v2\/media\/640"}],"wp:attachment":[{"href":"https:\/\/gruene-emsland.de\/index.php?rest_route=%2Fwp%2Fv2%2Fmedia&parent=690"}],"wp:term":[{"taxonomy":"category","embeddable":true,"href":"https:\/\/gruene-emsland.de\/index.php?rest_route=%2Fwp%2Fv2%2Fcategories&post=690"},{"taxonomy":"post_tag","embeddable":true,"href":"https:\/\/gruene-emsland.de\/index.php?rest_route=%2Fwp%2Fv2%2Ftags&post=690"}],"curies":[{"name":"wp","href":"https:\/\/api.w.org\/{rel}","templated":true}]}}