{"id":684,"date":"2025-01-23T17:12:19","date_gmt":"2025-01-23T17:12:19","guid":{"rendered":"https:\/\/gruene-emsland.de\/?p=684"},"modified":"2026-02-24T12:27:23","modified_gmt":"2026-02-24T12:27:23","slug":"campus-papenburg-bitte-wenden-energie-und-versorgungssicherheit","status":"publish","type":"post","link":"https:\/\/gruene-emsland.de\/?p=684","title":{"rendered":"Campus Papenburg: \u201eBitte wenden: Energie und Versorgungssicherheit\u201c"},"content":{"rendered":"\n<p>Am Dienstag, den 21. Januar 2025, fand im Campus Papenburg, eine Veranstaltung zum Thema \u201eBitte wenden: Energie und Versorgungssicherheit\u201c statt. G\u00e4ste waren Christian Meyer (Gr\u00fcne), Nieders\u00e4chsischer Minister f\u00fcr Umwelt, Energie und Klimaschutz, sowie der Bundestagsabgeordnete Julian Pahlke ebenfalls B\u00fcndnis 90\/Die Gr\u00fcnen. Die Veranstaltung zog \u00fcber 50 interessierte Teilnehmerinnen und Teilnehmer in den Campus Papenburg.<\/p>\n\n\n\n<p>Der Minister Christian Meyer berichtete ausf\u00fchrlich \u00fcber seine Arbeit im Landtag und gab Einblicke in aktuelle Projekte und Herausforderungen der nieders\u00e4chsischen Energiepolitik. Dabei stand er den G\u00e4sten Rede und Antwort und diskutierte offen \u00fcber zentrale Aspekte wie erneuerbare Energien, Versorgungssicherheit und die Klimaneutralit\u00e4t des Landes.<\/p>\n\n\n\n<p>Der Abgeordnete Julian Pahlke widmete sich in seiner Rede dem Thema kritische Infrastrukturen und betonte die Bedeutung ihres Schutzes f\u00fcr die Zukunft. Er hob hervor, wie wichtig stabile und resiliente Systeme f\u00fcr die Sicherstellung der Energieversorgung in Deutschland sind und sprach \u00fcber konkrete Ma\u00dfnahmen, die hierf\u00fcr notwendig sind.<\/p>\n\n\n\n<p>Die Teilnehmerinnen und Teilnehmer nutzten die Gelegenheit, um in einem offenen Dialog mit den Referenten Ideen und Anregungen auszutauschen. Die Veranstaltung bot Raum f\u00fcr kontroverse und zukunftsweisende Diskussionen \u00fcber die Gestaltung einer nachhaltigen Energiepolitik in Niedersachsen.<\/p>\n\n\n\n<p>Der Abend zeigte eindrucksvoll, wie wichtig der Austausch zwischen Politik und Gesellschaft f\u00fcr die Bew\u00e4ltigung der aktuellen Herausforderungen im Energiebereich ist. Die Veranstaltung wurde von den G\u00e4sten als wertvoller Beitrag zur Zukunftsgestaltung der Energiepolitik in Niedersachsen gew\u00fcrdigt und unterstreicht die Bedeutung eines kontinuierlichen Dialogs \u00fcber zentrale gesellschaftliche Themen.<\/p>\n\n\n\n<figure class=\"wp-block-image size-large\"><img loading=\"lazy\" decoding=\"async\" width=\"800\" height=\"533\" src=\"https:\/\/gruene-emsland.de\/wp-content\/uploads\/2025\/01\/e608a57e-61a1-465c-b90f-6bca020b5233-800x533.jpg\" alt=\"\" class=\"wp-image-685\" srcset=\"https:\/\/gruene-emsland.de\/wp-content\/uploads\/2025\/01\/e608a57e-61a1-465c-b90f-6bca020b5233-800x533.jpg 800w, https:\/\/gruene-emsland.de\/wp-content\/uploads\/2025\/01\/e608a57e-61a1-465c-b90f-6bca020b5233-400x267.jpg 400w, https:\/\/gruene-emsland.de\/wp-content\/uploads\/2025\/01\/e608a57e-61a1-465c-b90f-6bca020b5233-768x512.jpg 768w, https:\/\/gruene-emsland.de\/wp-content\/uploads\/2025\/01\/e608a57e-61a1-465c-b90f-6bca020b5233-150x100.jpg 150w, https:\/\/gruene-emsland.de\/wp-content\/uploads\/2025\/01\/e608a57e-61a1-465c-b90f-6bca020b5233.jpg 1280w\" sizes=\"auto, (max-width: 800px) 100vw, 800px\" \/><\/figure>\n","protected":false},"excerpt":{"rendered":"<p>Am Dienstag, den 21. Januar 2025, fand im Campus Papenburg, eine Veranstaltung zum Thema \u201eBitte wenden: Energie und Versorgungssicherheit\u201c statt. G\u00e4ste waren Christian Meyer (Gr\u00fcne), Nieders\u00e4chsischer Minister f\u00fcr Umwelt, Energie [&hellip;]<\/p>\n","protected":false},"author":-1,"featured_media":685,"comment_status":"closed","ping_status":"open","sticky":false,"template":"","format":"standard","meta":{"footnotes":""},"categories":[118,1],"tags":[],"class_list":["post-684","post","type-post","status-publish","format-standard","has-post-thumbnail","hentry","category-ortsverband-emsland-nord","category-uncategorized"],"_links":{"self":[{"href":"https:\/\/gruene-emsland.de\/index.php?rest_route=\/wp\/v2\/posts\/684","targetHints":{"allow":["GET"]}}],"collection":[{"href":"https:\/\/gruene-emsland.de\/index.php?rest_route=\/wp\/v2\/posts"}],"about":[{"href":"https:\/\/gruene-emsland.de\/index.php?rest_route=\/wp\/v2\/types\/post"}],"author":[{"embeddable":true,"href":"https:\/\/gruene-emsland.de\/index.php?rest_route=\/wp\/v2\/users\/1"}],"replies":[{"embeddable":true,"href":"https:\/\/gruene-emsland.de\/index.php?rest_route=%2Fwp%2Fv2%2Fcomments&post=684"}],"version-history":[{"count":1,"href":"https:\/\/gruene-emsland.de\/index.php?rest_route=\/wp\/v2\/posts\/684\/revisions"}],"predecessor-version":[{"id":686,"href":"https:\/\/gruene-emsland.de\/index.php?rest_route=\/wp\/v2\/posts\/684\/revisions\/686"}],"wp:featuredmedia":[{"embeddable":true,"href":"https:\/\/gruene-emsland.de\/index.php?rest_route=\/wp\/v2\/media\/685"}],"wp:attachment":[{"href":"https:\/\/gruene-emsland.de\/index.php?rest_route=%2Fwp%2Fv2%2Fmedia&parent=684"}],"wp:term":[{"taxonomy":"category","embeddable":true,"href":"https:\/\/gruene-emsland.de\/index.php?rest_route=%2Fwp%2Fv2%2Fcategories&post=684"},{"taxonomy":"post_tag","embeddable":true,"href":"https:\/\/gruene-emsland.de\/index.php?rest_route=%2Fwp%2Fv2%2Ftags&post=684"}],"curies":[{"name":"wp","href":"https:\/\/api.w.org\/{rel}","templated":true}]}}