{"id":678,"date":"2025-01-08T13:20:17","date_gmt":"2025-01-08T13:20:17","guid":{"rendered":"https:\/\/gruene-emsland.de\/?p=678"},"modified":"2025-01-22T13:21:47","modified_gmt":"2025-01-22T13:21:47","slug":"678","status":"publish","type":"post","link":"https:\/\/gruene-emsland.de\/?p=678","title":{"rendered":"Antrag zum Kreishaushalt 2025\/ Fortbildungskonzept Rettungsdienst &#8211; medizinisches Qualit\u00e4tsmanagement"},"content":{"rendered":"\n<p><\/p>\n\n\n\n<p>Antrag zum Download: <a href=\"https:\/\/gruene-emsland.de\/wp-content\/uploads\/2025\/01\/Antrag_Rettungsdienst-3.pdf\" data-type=\"attachment\" data-id=\"666\">Antrag_Rettungsdienst.pdf<\/a><\/p>\n\n\n\n<p>Von Martina Pellny, Kreistag 16.12.24, Kreistag <\/p>\n\n\n\n<p>Sehr geehrter Vorsitzender, Herr Landrat und liebe Kolleg*Innen,<\/p>\n\n\n\n<p>Die Rettungsdienste im Emsland sind extrem wichtig f\u00fcr unsere Bev\u00f6lkerung \u2013 denn, wie der Name schon sagt \u2013 sie retten Leben. Dabei kann es sich um v\u00f6llig unterschiedliche Not-Situationen handeln: Knochenbr\u00fcche durch einen Sturz oder Unfall, einen Herzinfarkt, einen Schlaganfall, einen Kreislaufzusammen-bruch oder viele andere Notsituationen mehr.<\/p>\n\n\n\n<p>Unsere Rettungsdienste verdienen, auf solche Situationen bestm\u00f6glich vorbereitet zu sein \u2013 genauso wie unsere Bev\u00f6lkerung verdient \u2013 und darauf vertraut, dass alle Mitarbeitenden daf\u00fcr bestm\u00f6glich ausgebildet sind.<\/p>\n\n\n\n<p>Jetzt haben wir ein neues Fortbildungskonzept f\u00fcr unsere Rettungsdienste \u2013 was ich sehr begr\u00fc\u00dfe und unbedingt unterst\u00fctze. Wir m\u00fcssen also schnellstm\u00f6glich sicherstellen, dass es 1. Gut finanziert ist und umgesetzt werden kann, und 2. Auch mit entsprechenden regionalen Daten wissenschaftlich unterf\u00fcttert ist. Und daf\u00fcr brauchen wir ein medizinisches Qualit\u00e4tsmanagement, das im Emsland noch in den Kinderschuhen steckt.<\/p>\n\n\n\n<p>Zum ersten Punkt, die Finanzierung: Hier wissen wir, dass die Haushaltsans\u00e4tze der Leitstelle f\u00fcr das Fortbildungskonzept und das medizinische Qualit\u00e4ts-management mit den gesetzlichen Krankenkassen als Kostentr\u00e4ger im Rettungsdienst verhandelt werden. Die anerkannten Kosten werden dann \u00fcber die Entgelte im Rettungsdienst den Landkreisen erstattet.<\/p>\n\n\n\n<p>Leider wissen wir auch, dass die gesetzlichen Krankenkassen f\u00fcr 2025 bereits enorme Einsparungen angek\u00fcndigt haben.<\/p>\n\n\n\n<p>Und zu meinem zweiten Punkt, das medizinisches Qualit\u00e4tsmanagement: Das ist etwas relativ Neues f\u00fcr das Emsland. Aber, es ist echt wichtig, und wird leider oft noch nicht gut genug verstanden. Denn: es macht wirklich den Unterschied \u2013 das habe ich in meiner T\u00e4tigkeit bei der WHO gelernt: je mehr wir regionale Echtdaten auswerten und in die Fortbildung integrieren, desto besser sind die Rettungskr\u00e4fte vorbereitet und die Patienten versorgt. Das bisherige System, die Versorgungsqualit\u00e4t immer nur im nachhinein zu betrachten, zum Beispiel bei Beschwerden, ist veraltet.&nbsp; Wir m\u00fcssen hin zur anlassunabh\u00e4ngigen Qualit\u00e4ts\u00fcberpr\u00fcfung durch die Auswertung der im Emsland stattgefundenen Notfallrettungen kommen. Bisher findet bei uns eine kontinuierliche Qualit\u00e4tssteuerung nur bei der Tracerdiagnose \u201ePl\u00f6tzlicher Kreislaufstillstand\u201c statt. Wir brauchen aber Prozess- und Ergebnisdaten f\u00fcr alle wichtigen Tracerdiagnosen im Emsland.<\/p>\n\n\n\n<p>Und daf\u00fcr m\u00fcssen wir Geld in die Hand nehmen, denn es kann den kleinen, aber feinen Unterschied bei der Rettung von Leben im Emsland machen!!!<\/p>\n\n\n\n<p>Sie sagen nun liebe Verwaltung: daf\u00fcr haben wir genug Geld in den HH 25 eingestellt. Das freut mich, das freut mich wirklich sehr!! Und lieber Herr Landrat: ich nehme Sie hier beim Wort!!<\/p>\n\n\n\n<p>Ich werde im Fachausschuss im n\u00e4chsten Jahr kontinuierlich erfragen, wie weit wir mit der Umsetzung der medizinischen Qualit\u00e4tssicherung sind und Sie dann ggfs an ihr Wort erinnern, wenn Sie erlauben.<\/p>\n\n\n\n<p>Mir w\u00e4re jedoch wesentlich wohler, wenn wir hier und heute einen finanziellen Puffer von 40.000 Euro beschlie\u00dfen, was auch eine bessere Planbarkeit beinhaltet.<\/p>\n\n\n\n<p>Daher werden wir dem Beschlussvorschlag der Verwaltung nicht zustimmen.<\/p>\n\n\n\n<p>Antrag zum Download: <a href=\"https:\/\/gruene-emsland.de\/wp-content\/uploads\/2025\/01\/Antrag_Rettungsdienst-3.pdf\" data-type=\"attachment\" data-id=\"666\">Antrag_Rettungsdienst.pdf<\/a><\/p>\n","protected":false},"excerpt":{"rendered":"<p>Antrag zum Download: Antrag_Rettungsdienst.pdf Von Martina Pellny, Kreistag 16.12.24, Kreistag Sehr geehrter Vorsitzender, Herr Landrat und liebe Kolleg*Innen, Die Rettungsdienste im Emsland sind extrem wichtig f\u00fcr unsere Bev\u00f6lkerung \u2013 denn, [&hellip;]<\/p>\n","protected":false},"author":-1,"featured_media":640,"comment_status":"closed","ping_status":"open","sticky":false,"template":"","format":"standard","meta":{"footnotes":""},"categories":[47],"tags":[60,61,53,59],"class_list":["post-678","post","type-post","status-publish","format-standard","has-post-thumbnail","hentry","category-antraege","tag-antrag","tag-kreishaushalt","tag-kreistagsfraktion","tag-rettungsdienst"],"_links":{"self":[{"href":"https:\/\/gruene-emsland.de\/index.php?rest_route=\/wp\/v2\/posts\/678","targetHints":{"allow":["GET"]}}],"collection":[{"href":"https:\/\/gruene-emsland.de\/index.php?rest_route=\/wp\/v2\/posts"}],"about":[{"href":"https:\/\/gruene-emsland.de\/index.php?rest_route=\/wp\/v2\/types\/post"}],"author":[{"embeddable":true,"href":"https:\/\/gruene-emsland.de\/index.php?rest_route=\/wp\/v2\/users\/5"}],"replies":[{"embeddable":true,"href":"https:\/\/gruene-emsland.de\/index.php?rest_route=%2Fwp%2Fv2%2Fcomments&post=678"}],"version-history":[{"count":2,"href":"https:\/\/gruene-emsland.de\/index.php?rest_route=\/wp\/v2\/posts\/678\/revisions"}],"predecessor-version":[{"id":682,"href":"https:\/\/gruene-emsland.de\/index.php?rest_route=\/wp\/v2\/posts\/678\/revisions\/682"}],"wp:featuredmedia":[{"embeddable":true,"href":"https:\/\/gruene-emsland.de\/index.php?rest_route=\/wp\/v2\/media\/640"}],"wp:attachment":[{"href":"https:\/\/gruene-emsland.de\/index.php?rest_route=%2Fwp%2Fv2%2Fmedia&parent=678"}],"wp:term":[{"taxonomy":"category","embeddable":true,"href":"https:\/\/gruene-emsland.de\/index.php?rest_route=%2Fwp%2Fv2%2Fcategories&post=678"},{"taxonomy":"post_tag","embeddable":true,"href":"https:\/\/gruene-emsland.de\/index.php?rest_route=%2Fwp%2Fv2%2Ftags&post=678"}],"curies":[{"name":"wp","href":"https:\/\/api.w.org\/{rel}","templated":true}]}}