{"id":676,"date":"2025-01-08T13:14:43","date_gmt":"2025-01-08T13:14:43","guid":{"rendered":"https:\/\/gruene-emsland.de\/?p=676"},"modified":"2025-01-22T13:22:25","modified_gmt":"2025-01-22T13:22:25","slug":"antrag-zum-kreishaushalt-2025-weiterfuehrung-der-am-pflegestuetzpunkt-angesiedelten-stellen-aus-demprojekt-regionales-pflegekompetenzzentrum-im-landkreis-emsland","status":"publish","type":"post","link":"https:\/\/gruene-emsland.de\/?p=676","title":{"rendered":"Antrag  zum Kreishaushalt 2025\/ Weiterf\u00fchrung der am Pflegest\u00fctzpunkt angesiedelten Stellen aus dem Projekt \u201eRegionales Pflegekompetenzzentrum\u201c im Landkreis Emsland"},"content":{"rendered":"\n<p> <\/p>\n\n\n\n<p>Antrag zum Download: <a href=\"https:\/\/gruene-emsland.de\/wp-content\/uploads\/2025\/01\/Antrag_Reko-3.pdf\" data-type=\"attachment\" data-id=\"665\">Antrag_Reko.pdf<\/a><\/p>\n\n\n\n<p>Von Martina Pellny,  Kreistag 16.12.24, <\/p>\n\n\n\n<p>Sehr geehrter Herr Vorsitzender, Herr Landrat und Kolleg*innen,<\/p>\n\n\n\n<p>Liebe CDU \u2013 wir sind uns in diesem Antrag zu REKO so nah \u2013 und doch so fern.<\/p>\n\n\n\n<p>Wir sind uns dar\u00fcber einig, dass das ReKO Projekt mit seinen am Pflegest\u00fctz-punkt angesiedelten Stellen aus 3 Vollzeit\u00e4quivalenten sehr wichtig f\u00fcr das Emsland sind. Die Reko Stellen bieten die M\u00f6glichkeit, durch ein qualifiziertes Case Management komplexe F\u00e4lle umfassender zu begleiten. Sie haben zum Ziel, dass Menschen, insbesondere Senior*Innen, weitgehend unabh\u00e4ngig von professioneller bzw. station\u00e4rer Pflege im h\u00e4uslichen Umfeld bleiben k\u00f6nnen.<\/p>\n\n\n\n<p>Es geht hier um Pr\u00e4vention, um eine gute h\u00e4usliche Beratung und direkte Umsetzung von Hilfen. Das ist das, was wir alle wollen. Wir wollen kompetente K\u00fcmmer*Innen vor Ort, wenn wir alt sind und Hilfe brauchen. Denn es geht ja nicht nur um das jetzt. Es geht auch um Strukturen f\u00fcr die n\u00e4chsten 25 Jahre. Das Reko Projekt kommt meinem urspr\u00fcnglichen Antrag am Anfang der Legislatur sehr nahe. Diese Art der Unterst\u00fctzung und Arbeit im Pflegebereich wird durch den demografischen Wandel und die ge\u00e4nderten Familienkonstellationen noch dringlicher. Der Bedarf wird steigen.<\/p>\n\n\n\n<p>Wir sind hier Vorreiter im Emsland, wir haben aus einem Forschungsprojekt mit Geldern vom Bund ein eigenes Projekt gemacht und werden daf\u00fcr Deutschland-weit gelobt. Und jetzt, liebe CDU, wollen sie Ihren eigenen Antrag auf Verl\u00e4ngerung von 2022 nicht hier und heute verl\u00e4ngern? Wo bleibt der Mut zur eigenen \u00dcberzeugung?<\/p>\n\n\n\n<p>Ja, die Stellen sind noch immer nicht in der Regelversorgung angekommen. Wir brauchen noch ein wenig Zeit, Geld und Durchhalteverm\u00f6gen. Wissenschaftlich und realpolitisch wissen wir doch alle, dass dies der richtige Weg ist.<\/p>\n\n\n\n<p>Und besonders die Anbindung an die verschiedenen, dezentralen Familienzentren im Emsland in den vergangenen zwei Jahren hat sich als erfolgreich herausgestellt und wird von der Bev\u00f6lkerung angenommen. Dies kann auch zu einer Entlastung weiterer Akteure, wie Haus\u00e4rzte, Pflegedienste und pflegende Angeh\u00f6rige f\u00fchren. Auch die Erfahrung aus der Grafschaft, die uns im dezentralen Ansatz schon einige Jahre voraus sind, hat gezeigt, dass die Reko-Stellen einen Unterschied machen und dringend gebraucht werden. Wir m\u00fcssen vielleicht auch noch mehr Werbung f\u00fcr das Angebot machen.<\/p>\n\n\n\n<p>Soweit \u2013 so nah.<\/p>\n\n\n\n<p>Wo wir uns tats\u00e4chlich sehr fern sind, ist, dass Sie die hochqualifizierten Mitarbeitenden des Reko-Projektes, die Case-Manager*innen jetzt in der vorweihnachtlichen Zeit buchst\u00e4blich im Regen stehen lassen. Sie sagen, ja wir wollen Geld reservieren. Aber das bedeutet keine Arbeitsplatzgarantie. Und wenn wir uns den Zeitplan anschauen, dann wird der ASOFI mit einer Evaluierung erst Ende Januar 2025 stattfinden \u2013 und ein Kreistagbeschluss f\u00fcr die Fortf\u00fchrung der Arbeitsvertr\u00e4ge w\u00e4re erst Ende M\u00e4rz m\u00f6glich.<\/p>\n\n\n\n<p>Glauben Sie, dass diese hochqualifizierten Fachkr\u00e4fte, die nur noch einen Arbeitsvertrag bis Ende August 2025 haben, sich darauf einlassen?<\/p>\n\n\n\n<p>Die ganze Arbeit, die ganzen Netzwerke sind gef\u00e4hrdet. So kann man mit wichtigen Mitarbeitenden nicht umgehen. Es handelt sich hier um 3 Vollzeitstellen, das sollte f\u00fcr den Landkreis allemal finanzierbar sein.<\/p>\n\n\n\n<p>Wir beantragen also hier und heute, das wir uns zur guten Arbeit der Reko Leute bekennen und ihren Arbeitsvertrag \u00fcber den 31.08.25 hinaus f\u00fcr mindestens ein Jahr weiter finanzieren. Hier und heute &#8211; geben Sie sich alle einen Ruck!<\/p>\n\n\n\n<p>Wir bitten um getrennte Abstimmung der Antr\u00e4ge.<\/p>\n\n\n\n<p>Antrag zum Download: <a href=\"https:\/\/gruene-emsland.de\/wp-content\/uploads\/2025\/01\/Antrag_Reko-3.pdf\" data-type=\"attachment\" data-id=\"665\">Antrag_Reko.pdf<\/a><\/p>\n\n\n\n<p><\/p>\n\n\n\n<p><\/p>\n","protected":false},"excerpt":{"rendered":"<p>Antrag zum Download: Antrag_Reko.pdf Von Martina Pellny, Kreistag 16.12.24, Sehr geehrter Herr Vorsitzender, Herr Landrat und Kolleg*innen, Liebe CDU \u2013 wir sind uns in diesem Antrag zu REKO so nah [&hellip;]<\/p>\n","protected":false},"author":-1,"featured_media":640,"comment_status":"closed","ping_status":"open","sticky":false,"template":"","format":"standard","meta":{"footnotes":""},"categories":[47],"tags":[60,16,53,63,62],"class_list":["post-676","post","type-post","status-publish","format-standard","has-post-thumbnail","hentry","category-antraege","tag-antrag","tag-kreistag","tag-kreistagsfraktion","tag-pflege","tag-reko"],"_links":{"self":[{"href":"https:\/\/gruene-emsland.de\/index.php?rest_route=\/wp\/v2\/posts\/676","targetHints":{"allow":["GET"]}}],"collection":[{"href":"https:\/\/gruene-emsland.de\/index.php?rest_route=\/wp\/v2\/posts"}],"about":[{"href":"https:\/\/gruene-emsland.de\/index.php?rest_route=\/wp\/v2\/types\/post"}],"author":[{"embeddable":true,"href":"https:\/\/gruene-emsland.de\/index.php?rest_route=\/wp\/v2\/users\/5"}],"replies":[{"embeddable":true,"href":"https:\/\/gruene-emsland.de\/index.php?rest_route=%2Fwp%2Fv2%2Fcomments&post=676"}],"version-history":[{"count":2,"href":"https:\/\/gruene-emsland.de\/index.php?rest_route=\/wp\/v2\/posts\/676\/revisions"}],"predecessor-version":[{"id":683,"href":"https:\/\/gruene-emsland.de\/index.php?rest_route=\/wp\/v2\/posts\/676\/revisions\/683"}],"wp:featuredmedia":[{"embeddable":true,"href":"https:\/\/gruene-emsland.de\/index.php?rest_route=\/wp\/v2\/media\/640"}],"wp:attachment":[{"href":"https:\/\/gruene-emsland.de\/index.php?rest_route=%2Fwp%2Fv2%2Fmedia&parent=676"}],"wp:term":[{"taxonomy":"category","embeddable":true,"href":"https:\/\/gruene-emsland.de\/index.php?rest_route=%2Fwp%2Fv2%2Fcategories&post=676"},{"taxonomy":"post_tag","embeddable":true,"href":"https:\/\/gruene-emsland.de\/index.php?rest_route=%2Fwp%2Fv2%2Ftags&post=676"}],"curies":[{"name":"wp","href":"https:\/\/api.w.org\/{rel}","templated":true}]}}