{"id":669,"date":"2025-01-08T13:05:31","date_gmt":"2025-01-08T13:05:31","guid":{"rendered":"https:\/\/gruene-emsland.de\/?p=669"},"modified":"2025-01-28T14:33:49","modified_gmt":"2025-01-28T14:33:49","slug":"antrag-zur-entwicklung-eines-notfallplanes-fuer-das-besondere-szenario-einer-unbeabsichtigten-freisetzung-von-uf6-in-dicht-besiedeltem-gebiet","status":"publish","type":"post","link":"https:\/\/gruene-emsland.de\/?p=669","title":{"rendered":"Antrag zur Entwicklung eines Notfallplanes f\u00fcr das besondere Szenario einer unbeabsichtigten Freisetzung von UF6 in dicht besiedeltem Gebiet"},"content":{"rendered":"\n<p><\/p>\n\n\n\n<p>Antrag zum Download: <a href=\"https:\/\/gruene-emsland.de\/wp-content\/uploads\/2025\/01\/20240904_Antrag_Notfallplan_final-1.pdf\" data-type=\"link\" data-id=\"https:\/\/gruene-emsland.de\/wp-content\/uploads\/2025\/01\/20240904_Antrag_Notfallplan_final-1.pdf\">Antrag notfallplanUF6.pdf<\/a><\/p>\n\n\n\n<p>Von Martina Pellny,  Kreistag, 16.12.24 <\/p>\n\n\n\n<p>Sehr geehrter Herr Vorsitzender, Herr Landrat, liebe Verwaltung und Kolleg*Innen,<\/p>\n\n\n\n<p>Wir haben den Antrag gestellt einen Notfallplan f\u00fcr die unbeabsichtigte Freisetzung von UF6 in dicht besiedeltem Gebiet zu erstellen.<\/p>\n\n\n\n<p>Hintergrund ist, dass wir sicherstellen m\u00f6chten, dass m\u00f6glichst viele Menschenleben im Falle eines worst-case Szenarios gerettet werden k\u00f6nnen.<\/p>\n\n\n\n<p>Warum m\u00fcssen wir uns im Emsland \u00fcberhaupt mit diesem Thema besch\u00e4ftigen? UF6 oder Uranhexaflorid wird ben\u00f6tigt f\u00fcr die Herstellung von Brennst\u00e4ben in Atomkraftwerken. ANF in Lingen stellt solche Brennst\u00e4be her.<\/p>\n\n\n\n<p>Allein im Jahr 2023 gab es 40 LKW-Transporte mit UF6 von und zu ANF in Lingen.<\/p>\n\n\n\n<p>Sollte die Genehmigung zur Herstellung von hexagonalen Brennst\u00e4ben russischer Bauart erteilt werden \u2013 Sie wissen, es gab dazu einen Antrag der ANF und hierzu gab es auch eine \u00d6ffentlichkeitsbeteiligung und vor 4 Wochen eine Anh\u00f6rung in Lingen durch das NMU \u2013 dann wird sich die Anzahl dieser Transporte mit UF6 von und zu ANF weiter erh\u00f6hen.<\/p>\n\n\n\n<p>Es fahren also regelm\u00e4\u00dfig Transporter mit UF6 \u00fcber emsl\u00e4ndische Stra\u00dfen.<\/p>\n\n\n\n<p>Was ist, wenn da einmal ein Unfall passiert? Hierzu hat eine Studie aus Frankreich vom Institut de Protection et de S\u00fbret\u00e9 Nucl\u00e9aire ein m\u00f6gliches worst-case-Szenario errechnet:<\/p>\n\n\n\n<p>Durch einen Unfall des Transporters entsteht ein Feuer und kurz darauf eine Explosion. Der Castor-\u00e4hnliche Schutz des Transportbeh\u00e4ltnisses wird gro\u00dffl\u00e4chig an der \u00d6ffnung besch\u00e4digt. Das bei Raumtemperatur feste UF6 sublimiert und wird zu einem farblosen Gas, das entweicht. Es reagiert mit dem Wasser in der Luft und wird zu Flusss\u00e4ure (HF) die hoch\u00e4tzend ist.<\/p>\n\n\n\n<p>Es entsteht eine gro\u00dfe, unsichtbare Giftwolke. Diese Giftwolke greift jetzt \u00fcberall da an, wo der Mensch verwundbar ist: durch Mund und Nase zerst\u00f6rt es die Lunge, ver\u00e4zt die Atemwege, es greift die Haut an und kann zu gro\u00dfen offenen Wunden f\u00fchren, es greift die Augen an und kann zur Blindheit f\u00fchren.<\/p>\n\n\n\n<p>Uranoxide, die dabei auch entstehen und leicht radioaktiv sind, sind schwer l\u00f6slich und k\u00f6nnen B\u00f6den und Wasser kontaminieren. Trinkt man das Wasser kann es zu lebensgef\u00e4hrlichen Nierensch\u00e4den kommen.<\/p>\n\n\n\n<p>Im direkten Freisetzungsbereich, also zwischen 0\u20131 km sind wahrscheinlich 100\u2013500 Personen sofort oder innerhalb von Stunden tot. In der Zone 1\u20133 km k\u00f6nnten 1.000\u20135.000 Personen durch Flusss\u00e4ure-Gas schwere Atemwegsprobleme oder Hautverletzungen entwickeln. Wenn sie nicht schnellstens gesundheitlich versorgt werden, schweben auch sie in Lebensgefahr. Und zus\u00e4tzlich k\u00f6nnten 5.000\u201315.000 Personen Symptome wie Husten, Augenreizungen oder leichten Schwermetallstress zeigen.<\/p>\n\n\n\n<p>Insgesamt k\u00f6nnen also zwischen <strong>6.000 und 20.000 Menschen<\/strong> betroffen sein. Wir sehen nicht, dass die emsl\u00e4ndischen Krankenh\u00e4user im Moment darauf vorbereitet und in der Lage sind, eine solche gro\u00dfe Menge an Menschen in kurzer Zeit zu dekontaminieren und die Wunden zu versorgen.<\/p>\n\n\n\n<p>Und es geht uns auch um den Selbstschutz der Bev\u00f6lkerung: wenn diese wissen, bei Alarm UF6 &#8211; sie m\u00fcssen sofort nach Hause oder im Haus, in der Schule, in der Firma etc. bleiben, T\u00fcren und Fenster schlie\u00dfen, alles abdichten, dann w\u00e4re mir wirklich wohler. Wir m\u00fcssen einfach viel pr\u00e4ventiver eine solch m\u00f6gliche Katastrophe angehen und die Bev\u00f6lkerung erm\u00e4chtigen, sich selbst zu sch\u00fctzen. Mein Eindruck bisher: kaum jemand im Emsland hat je von UF6 geh\u00f6rt.<\/p>\n\n\n\n<p>UF6 ist kein normales Gefahrengut. Es ist hochtoxisch und wirkt innerhalb von Minuten. Daher greifen nach unserer Sicht auch die allgemeinen Notfallpl\u00e4ne nicht. Wir fordern daher, zum Schutz der Bev\u00f6lkerung, sowie aller Feuerwehren, Rettungsdienste und Krankenhausmitarbeitenden einen gesonderten Notfallplan, der alle Elemente, die wir im Antrag aufgef\u00fchrt haben, gleicherma\u00dfen umfasst.<\/p>\n\n\n\n<p>Wir lehnen den Beschlussvorschlag der Verwaltung ab.<\/p>\n\n\n\n<p>Antrag zum Download: <a href=\"https:\/\/gruene-emsland.de\/wp-content\/uploads\/2025\/01\/20240904_Antrag_Notfallplan_final-1.pdf\" data-type=\"link\" data-id=\"https:\/\/gruene-emsland.de\/wp-content\/uploads\/2025\/01\/20240904_Antrag_Notfallplan_final-1.pdf\">Antrag notfallplanUF6.pdf<\/a><\/p>\n\n\n\n<p><strong>Zus\u00e4tzlich zur Einbringung des Antrags hat die Kreistagsfraktion der Gr\u00fcnen, vertreten durch Klemens Grolle, folgende Fragen gestellt<\/strong>: <br><\/p>\n\n\n\n<ul class=\"wp-block-list\">\n<li>1.  Hat das Bonifatius Hospital bereits an \u00dcbungen zur Dekontaminierung und Behandlung von<br>Patienten mit Uranhexafluorid-Vergiftungen unter Einsatz von Calciumgluconat teilgenommen?<\/li>\n<\/ul>\n\n\n\n<ul class=\"wp-block-list\">\n<li>2. Wie viele Patienten mit Uranhexafluorid-Vergiftungen kann das Bonifatius Hospital aufnehmen?<\/li>\n<\/ul>\n\n\n\n<ul class=\"wp-block-list\">\n<li>3. Welche anderen Krankenh\u00e4user in der Region, einschlie\u00dflich solcher in Nordrhein-Westfalen, sind im Rahmen des Notfallplans involviert und durch Trainingsma\u00dfnahmen entsprechend ert\u00fcchtigt?<\/li>\n<\/ul>\n\n\n\n<ul class=\"wp-block-list\">\n<li>4. Welche Unterst\u00fctzung k\u00f6nnten Krankenh\u00e4user in der Grafschaft Bentheim oder den Niederlanden leisten? Gibt es hierf\u00fcr bereits Kooperationsabkommen?<\/li>\n<\/ul>\n\n\n\n<p>Die Fragen wurden im Nachhinein mit dem Protokoll durch die Verwaltung beantwortet.<\/p>\n\n\n\n<p><\/p>\n","protected":false},"excerpt":{"rendered":"<p>Antrag zum Download: Antrag notfallplanUF6.pdf Von Martina Pellny, Kreistag, 16.12.24 Sehr geehrter Herr Vorsitzender, Herr Landrat, liebe Verwaltung und Kolleg*Innen, Wir haben den Antrag gestellt einen Notfallplan f\u00fcr die unbeabsichtigte [&hellip;]<\/p>\n","protected":false},"author":-1,"featured_media":640,"comment_status":"closed","ping_status":"open","sticky":false,"template":"","format":"standard","meta":{"footnotes":""},"categories":[47],"tags":[60,3,57,16,53,55,54,56],"class_list":["post-669","post","type-post","status-publish","format-standard","has-post-thumbnail","hentry","category-antraege","tag-antrag","tag-atomkraft","tag-brennstaebe","tag-kreistag","tag-kreistagsfraktion","tag-notfallplan","tag-uf6","tag-uranhexaflourid"],"_links":{"self":[{"href":"https:\/\/gruene-emsland.de\/index.php?rest_route=\/wp\/v2\/posts\/669","targetHints":{"allow":["GET"]}}],"collection":[{"href":"https:\/\/gruene-emsland.de\/index.php?rest_route=\/wp\/v2\/posts"}],"about":[{"href":"https:\/\/gruene-emsland.de\/index.php?rest_route=\/wp\/v2\/types\/post"}],"author":[{"embeddable":true,"href":"https:\/\/gruene-emsland.de\/index.php?rest_route=\/wp\/v2\/users\/5"}],"replies":[{"embeddable":true,"href":"https:\/\/gruene-emsland.de\/index.php?rest_route=%2Fwp%2Fv2%2Fcomments&post=669"}],"version-history":[{"count":6,"href":"https:\/\/gruene-emsland.de\/index.php?rest_route=\/wp\/v2\/posts\/669\/revisions"}],"predecessor-version":[{"id":689,"href":"https:\/\/gruene-emsland.de\/index.php?rest_route=\/wp\/v2\/posts\/669\/revisions\/689"}],"wp:featuredmedia":[{"embeddable":true,"href":"https:\/\/gruene-emsland.de\/index.php?rest_route=\/wp\/v2\/media\/640"}],"wp:attachment":[{"href":"https:\/\/gruene-emsland.de\/index.php?rest_route=%2Fwp%2Fv2%2Fmedia&parent=669"}],"wp:term":[{"taxonomy":"category","embeddable":true,"href":"https:\/\/gruene-emsland.de\/index.php?rest_route=%2Fwp%2Fv2%2Fcategories&post=669"},{"taxonomy":"post_tag","embeddable":true,"href":"https:\/\/gruene-emsland.de\/index.php?rest_route=%2Fwp%2Fv2%2Ftags&post=669"}],"curies":[{"name":"wp","href":"https:\/\/api.w.org\/{rel}","templated":true}]}}