{"id":635,"date":"2024-12-18T12:50:47","date_gmt":"2024-12-18T12:50:47","guid":{"rendered":"https:\/\/gruene-emsland.de\/?p=635"},"modified":"2025-01-22T13:22:48","modified_gmt":"2025-01-22T13:22:48","slug":"gruene-kreistagsfraktion-gestaltet-den-haushalt-2025-fuer-den-landkreis-emsland-aktiv-mit","status":"publish","type":"post","link":"https:\/\/gruene-emsland.de\/?p=635","title":{"rendered":"Gr\u00fcne Kreistagsfraktion gestaltet den Haushalt 2025 f\u00fcr den Landkreis Emsland aktiv mit"},"content":{"rendered":"\n<p>Am Montag verabschiedete der Landkreis Emsland den Haushalt f\u00fcr das Jahr 2025. Die Kreistagsfraktion von B\u00fcndnis 90\/ Die Gr\u00fcnen brachte sechs Antr\u00e4ge ein, die alle abgelehnt wurden. Dies war einer der Gr\u00fcnde, warum die Fraktion den Haushalt 2025 als Ganzes abgelehnte.<br>Positiv war zu verzeichnen, dass drei Antr\u00e4ge trotz formaler Ablehnung inhaltliche Zustimmung erhielten und somit weiter beraten und bearbeitet werden.<br>Von CDU wurden zwei und von der SPD drei Antr\u00e4ge eingebracht. Die FDP, die UWG und das B\u00fcndnis f\u00fcr Deutschland brachten keine eigenen Antr\u00e4ge ein.<\/p>\n\n\n\n<p>Die drei Antr\u00e4ge, die auch von anderen Parteien Zustimmung erfuhren bezogen sich auf die Bereiche Gesundheit, Wirtschaft und Umweltschutz. Zum einen werden auf Initiative der Gr\u00fcnen Fraktion die F\u00f6rderrichtlinien f\u00fcr Gewerbegebiete angepasst und Fo\u0308rderrichtlinien zur Planung und Umsetzung im Zusammenhang mit der Klimafolgenanpassung fu\u0308r die Gemeinden entwickelt. Zum anderen werden Mittel im Personalbudget fu\u0308r eine mo\u0308gliche Weiterfu\u0308hrung der Projekt-Idee \u201eReko \u2013 Regionales Pflegekompetenzzentrum\u201c u\u0308ber den 31.08.2025 hinaus reserviert.<\/p>\n\n\n\n<p>Die Fraktionsvorsitzende Melanie Kuipers f\u00fchrt dazu aus: &#8222;Wir haben unsere Angebote gemacht, bei denen mit verh\u00e4ltnism\u00e4\u00dfig geringen Mitteln gute Investitionen in die Zukunft h\u00e4tten get\u00e4tigt werden k\u00f6nnen. Selbst mit der inhaltlichen Zustimmung zu drei unserer sechs Antr\u00e4ge, fehlte uns am Ende zu sehr ein Bekenntnis f\u00fcr eine richtungsweisende und \u00f6kologisch vertr\u00e4gliche Zukunft im Emsland.&#8220;<br>Besonders den Vorschlag abzulehnen, einen emslandweiten Umweltpreis auszuloben war f\u00fcr die Fraktion kaum nachvollziehbar.<br>Kuipers weiter: \u201eWir werden weiterhin unsere Angebote machen und unsere Themen f\u00fcr das Emsland auf die Agenda setzen.&#8220;<\/p>\n","protected":false},"excerpt":{"rendered":"<p>Am Montag verabschiedete der Landkreis Emsland den Haushalt f\u00fcr das Jahr 2025. Die Kreistagsfraktion von B\u00fcndnis 90\/ Die Gr\u00fcnen brachte sechs Antr\u00e4ge ein, die alle abgelehnt wurden. Dies war einer [&hellip;]<\/p>\n","protected":false},"author":-1,"featured_media":642,"comment_status":"closed","ping_status":"open","sticky":false,"template":"","format":"standard","meta":{"footnotes":""},"categories":[41],"tags":[52,16,53,39],"class_list":["post-635","post","type-post","status-publish","format-standard","has-post-thumbnail","hentry","category-kreistagsfraktion","tag-haushalt","tag-kreistag","tag-kreistagsfraktion","tag-pressemitteilung"],"_links":{"self":[{"href":"https:\/\/gruene-emsland.de\/index.php?rest_route=\/wp\/v2\/posts\/635","targetHints":{"allow":["GET"]}}],"collection":[{"href":"https:\/\/gruene-emsland.de\/index.php?rest_route=\/wp\/v2\/posts"}],"about":[{"href":"https:\/\/gruene-emsland.de\/index.php?rest_route=\/wp\/v2\/types\/post"}],"author":[{"embeddable":true,"href":"https:\/\/gruene-emsland.de\/index.php?rest_route=\/wp\/v2\/users\/5"}],"replies":[{"embeddable":true,"href":"https:\/\/gruene-emsland.de\/index.php?rest_route=%2Fwp%2Fv2%2Fcomments&post=635"}],"version-history":[{"count":1,"href":"https:\/\/gruene-emsland.de\/index.php?rest_route=\/wp\/v2\/posts\/635\/revisions"}],"predecessor-version":[{"id":636,"href":"https:\/\/gruene-emsland.de\/index.php?rest_route=\/wp\/v2\/posts\/635\/revisions\/636"}],"wp:featuredmedia":[{"embeddable":true,"href":"https:\/\/gruene-emsland.de\/index.php?rest_route=\/wp\/v2\/media\/642"}],"wp:attachment":[{"href":"https:\/\/gruene-emsland.de\/index.php?rest_route=%2Fwp%2Fv2%2Fmedia&parent=635"}],"wp:term":[{"taxonomy":"category","embeddable":true,"href":"https:\/\/gruene-emsland.de\/index.php?rest_route=%2Fwp%2Fv2%2Fcategories&post=635"},{"taxonomy":"post_tag","embeddable":true,"href":"https:\/\/gruene-emsland.de\/index.php?rest_route=%2Fwp%2Fv2%2Ftags&post=635"}],"curies":[{"name":"wp","href":"https:\/\/api.w.org\/{rel}","templated":true}]}}