{"id":611,"date":"2025-01-20T19:25:25","date_gmt":"2025-01-20T19:25:25","guid":{"rendered":"https:\/\/gruene-emsland.de\/?p=611"},"modified":"2026-02-24T12:29:05","modified_gmt":"2026-02-24T12:29:05","slug":"neujahrsempfang-der-gruenen-emsland","status":"publish","type":"post","link":"https:\/\/gruene-emsland.de\/?p=611","title":{"rendered":"Neujahrsempfang der Gr\u00fcnen Emsland."},"content":{"rendered":"\n<p>B\u00fcndnis 90\/Die Gr\u00fcnen \u2013 Kreisverband Emsland<\/p>\n\n\n\n<p>Pressemitteilung<\/p>\n\n\n\n<p>Emsl\u00e4ndische Gr\u00fcne feiern Mitgliederwachstum von 20 Prozent<br>Erfolgreicher Neujahrsempfang in Meppen<\/p>\n\n\n\n<p>Meppen, 20. Januar 2025 &#8211; Die Gr\u00fcnen im Emsland verzeichneten ein Mitgliederwachstum von rund 20 Prozent im Jahr 2024. Sie reihen sich somit in den bundesweiten Trend ein. Dies und andere Themen standen im Vordergrund des Neujahrsempfang der emsl\u00e4ndischen Gr\u00fcnen am 18. Januar im Kossehof in Meppen.<\/p>\n\n\n\n<p>Besondere G\u00e4ste waren Filiz Polat, Mitglied des Deutschen Bundestages und Spitzenkandidatin auf der nieders\u00e4chsischen Landesliste. Sowie Nicolas Breer aus Hasel\u00fcnne, seit einem Jahr Mitglied des Nieders\u00e4chsischen Landtages, und Jeremy Zgrzebski, der als Kandidat im Wahlkreis Mittelems in den kommenden Bundestagswahlkampf zieht. Die Redner:innen gingen auf regionale Themen wie z.B. den Mangel von Fachpersonal in der Gesundheits- und Pflegebereich und das Problem der langen Anerkennung von ausl\u00e4ndischen Abschl\u00fcssen. Ebenso wie auf die Werte unserer Demokratie und die Wichtigkeit von R\u00e4umen zum Dialog.<br>Neben vielen Mitgliedern aus dem Emsland waren auch G\u00e4ste aus dem Osnabr\u00fccker Land und der Grafschaft Bentheim sowie der B\u00fcrgerinitiative Exit 233 vor Ort.<\/p>\n\n\n\n<p>Die Vorstandsvorsitzenden der Gr\u00fcnen im Emsland, Hannah Thomann und Theresa Gothe, schauten nochmal auf das vergangene Jahr zur\u00fcck: Der Planungsstopp des vierspurigen Ausbaus der E233 und die erfolgreiche Klage des Nabu, ebenso wie das neue Raumordnungsprogramm im Emsland sowie das Joint Venture von ANF mit dem russischen Staatskonzern Rosatom waren einige Themen im Emsland. Theresa Gothe bedankte sich noch explizit bei allen Mandatstr\u00e4ger:innen der Gr\u00fcnen im Emsland: \u201eWir danken euch sehr f\u00fcr euer Engagement und euren Einsatz vor Ort. Eure ehrenamtliche Arbeit ist so wichtig, weil ihr euch mit eurem Mandat f\u00fcr die Demokratie einsetzt und sie lebt. In diesen Zeiten ist das wichtiger denn je.\u201c<\/p>\n\n\n\n<p>F\u00fcr das neue Jahr hat sich der Kreisverband Emsland der Gr\u00fcnen viel vorgenommen. Der seit Mai 2024 amtierende neue Vorstand strebt eine Professionalisierung des Kreisverbandes an, unter anderem durch den Aufbau neuer Strukturen, die St\u00e4rkung der internen Vernetzung und eine engere Zusammenarbeit mit benachbarten Kreisverb\u00e4nden. Auch die Kommunikation nach innen und au\u00dfen soll intensiviert werden, um gr\u00fcne Politik im Emsland noch sichtbarer zu machen.<\/p>\n\n\n\n<p>Zum Mitgliederwachstum sagte Vorstandsvorsitzende Hannah Thomann: \u201eIm vergangenen Jahr konnten wir ein Wachstum von 20 Prozent verzeichnen und wir haben schon wieder weitere Anfragen. Dieser Zuwachs unterstreicht das zunehmende Interesse und Engagement f\u00fcr gr\u00fcne Politik in unserer Region und wir freuen uns sehr \u00fcber alle, die nun dabei sind.\u201c<\/p>\n\n\n\n<figure class=\"wp-block-gallery has-nested-images columns-default is-cropped wp-block-gallery-1 is-layout-flex wp-block-gallery-is-layout-flex\">\n<figure class=\"wp-block-image size-large\"><img loading=\"lazy\" decoding=\"async\" width=\"800\" height=\"533\" data-id=\"615\" src=\"https:\/\/gruene-emsland.de\/wp-content\/uploads\/2025\/01\/55383956-ff4b-4762-9589-a1272c832769-800x533.jpg\" alt=\"\" class=\"wp-image-615\" srcset=\"https:\/\/gruene-emsland.de\/wp-content\/uploads\/2025\/01\/55383956-ff4b-4762-9589-a1272c832769-800x533.jpg 800w, https:\/\/gruene-emsland.de\/wp-content\/uploads\/2025\/01\/55383956-ff4b-4762-9589-a1272c832769-400x267.jpg 400w, https:\/\/gruene-emsland.de\/wp-content\/uploads\/2025\/01\/55383956-ff4b-4762-9589-a1272c832769-768x512.jpg 768w, https:\/\/gruene-emsland.de\/wp-content\/uploads\/2025\/01\/55383956-ff4b-4762-9589-a1272c832769-1536x1023.jpg 1536w, https:\/\/gruene-emsland.de\/wp-content\/uploads\/2025\/01\/55383956-ff4b-4762-9589-a1272c832769-150x100.jpg 150w, https:\/\/gruene-emsland.de\/wp-content\/uploads\/2025\/01\/55383956-ff4b-4762-9589-a1272c832769.jpg 1600w\" sizes=\"auto, (max-width: 800px) 100vw, 800px\" \/><\/figure>\n\n\n\n<figure class=\"wp-block-image size-large\"><img loading=\"lazy\" decoding=\"async\" width=\"800\" height=\"533\" data-id=\"616\" src=\"https:\/\/gruene-emsland.de\/wp-content\/uploads\/2025\/01\/c93e6532-0a57-4d76-92c0-1a4964882061-800x533.jpg\" alt=\"\" class=\"wp-image-616\" srcset=\"https:\/\/gruene-emsland.de\/wp-content\/uploads\/2025\/01\/c93e6532-0a57-4d76-92c0-1a4964882061-800x533.jpg 800w, https:\/\/gruene-emsland.de\/wp-content\/uploads\/2025\/01\/c93e6532-0a57-4d76-92c0-1a4964882061-400x267.jpg 400w, https:\/\/gruene-emsland.de\/wp-content\/uploads\/2025\/01\/c93e6532-0a57-4d76-92c0-1a4964882061-768x512.jpg 768w, https:\/\/gruene-emsland.de\/wp-content\/uploads\/2025\/01\/c93e6532-0a57-4d76-92c0-1a4964882061-1536x1023.jpg 1536w, https:\/\/gruene-emsland.de\/wp-content\/uploads\/2025\/01\/c93e6532-0a57-4d76-92c0-1a4964882061-150x100.jpg 150w, https:\/\/gruene-emsland.de\/wp-content\/uploads\/2025\/01\/c93e6532-0a57-4d76-92c0-1a4964882061.jpg 1600w\" sizes=\"auto, (max-width: 800px) 100vw, 800px\" \/><\/figure>\n\n\n\n<figure class=\"wp-block-image size-large\"><img loading=\"lazy\" decoding=\"async\" width=\"800\" height=\"533\" data-id=\"612\" src=\"https:\/\/gruene-emsland.de\/wp-content\/uploads\/2025\/01\/8c22861f-03af-421b-a027-98be566dba84-800x533.jpg\" alt=\"\" class=\"wp-image-612\" srcset=\"https:\/\/gruene-emsland.de\/wp-content\/uploads\/2025\/01\/8c22861f-03af-421b-a027-98be566dba84-800x533.jpg 800w, https:\/\/gruene-emsland.de\/wp-content\/uploads\/2025\/01\/8c22861f-03af-421b-a027-98be566dba84-400x267.jpg 400w, https:\/\/gruene-emsland.de\/wp-content\/uploads\/2025\/01\/8c22861f-03af-421b-a027-98be566dba84-768x512.jpg 768w, https:\/\/gruene-emsland.de\/wp-content\/uploads\/2025\/01\/8c22861f-03af-421b-a027-98be566dba84-1536x1023.jpg 1536w, https:\/\/gruene-emsland.de\/wp-content\/uploads\/2025\/01\/8c22861f-03af-421b-a027-98be566dba84-150x100.jpg 150w, https:\/\/gruene-emsland.de\/wp-content\/uploads\/2025\/01\/8c22861f-03af-421b-a027-98be566dba84.jpg 1600w\" sizes=\"auto, (max-width: 800px) 100vw, 800px\" \/><\/figure>\n\n\n\n<figure class=\"wp-block-image size-large\"><img loading=\"lazy\" decoding=\"async\" width=\"800\" height=\"533\" data-id=\"617\" src=\"https:\/\/gruene-emsland.de\/wp-content\/uploads\/2025\/01\/c8be7490-02eb-4f07-9ca3-2b24082c2d46-800x533.jpg\" alt=\"\" class=\"wp-image-617\" srcset=\"https:\/\/gruene-emsland.de\/wp-content\/uploads\/2025\/01\/c8be7490-02eb-4f07-9ca3-2b24082c2d46-800x533.jpg 800w, https:\/\/gruene-emsland.de\/wp-content\/uploads\/2025\/01\/c8be7490-02eb-4f07-9ca3-2b24082c2d46-400x267.jpg 400w, https:\/\/gruene-emsland.de\/wp-content\/uploads\/2025\/01\/c8be7490-02eb-4f07-9ca3-2b24082c2d46-768x512.jpg 768w, https:\/\/gruene-emsland.de\/wp-content\/uploads\/2025\/01\/c8be7490-02eb-4f07-9ca3-2b24082c2d46-1536x1023.jpg 1536w, https:\/\/gruene-emsland.de\/wp-content\/uploads\/2025\/01\/c8be7490-02eb-4f07-9ca3-2b24082c2d46-150x100.jpg 150w, https:\/\/gruene-emsland.de\/wp-content\/uploads\/2025\/01\/c8be7490-02eb-4f07-9ca3-2b24082c2d46.jpg 1600w\" sizes=\"auto, (max-width: 800px) 100vw, 800px\" \/><\/figure>\n\n\n\n<figure class=\"wp-block-image size-large\"><img loading=\"lazy\" decoding=\"async\" width=\"800\" height=\"533\" data-id=\"613\" src=\"https:\/\/gruene-emsland.de\/wp-content\/uploads\/2025\/01\/cc8c740d-21e5-4915-9e70-9230e8922bfd-800x533.jpg\" alt=\"\" class=\"wp-image-613\" srcset=\"https:\/\/gruene-emsland.de\/wp-content\/uploads\/2025\/01\/cc8c740d-21e5-4915-9e70-9230e8922bfd-800x533.jpg 800w, https:\/\/gruene-emsland.de\/wp-content\/uploads\/2025\/01\/cc8c740d-21e5-4915-9e70-9230e8922bfd-400x267.jpg 400w, https:\/\/gruene-emsland.de\/wp-content\/uploads\/2025\/01\/cc8c740d-21e5-4915-9e70-9230e8922bfd-768x512.jpg 768w, https:\/\/gruene-emsland.de\/wp-content\/uploads\/2025\/01\/cc8c740d-21e5-4915-9e70-9230e8922bfd-1536x1023.jpg 1536w, https:\/\/gruene-emsland.de\/wp-content\/uploads\/2025\/01\/cc8c740d-21e5-4915-9e70-9230e8922bfd-150x100.jpg 150w, https:\/\/gruene-emsland.de\/wp-content\/uploads\/2025\/01\/cc8c740d-21e5-4915-9e70-9230e8922bfd.jpg 1600w\" sizes=\"auto, (max-width: 800px) 100vw, 800px\" \/><\/figure>\n\n\n\n<figure class=\"wp-block-image size-large\"><img loading=\"lazy\" decoding=\"async\" width=\"800\" height=\"534\" data-id=\"614\" src=\"https:\/\/gruene-emsland.de\/wp-content\/uploads\/2025\/01\/6a216b61-f4af-4e58-a39a-e2da56a304cf-800x534.jpg\" alt=\"\" class=\"wp-image-614\" srcset=\"https:\/\/gruene-emsland.de\/wp-content\/uploads\/2025\/01\/6a216b61-f4af-4e58-a39a-e2da56a304cf-800x534.jpg 800w, https:\/\/gruene-emsland.de\/wp-content\/uploads\/2025\/01\/6a216b61-f4af-4e58-a39a-e2da56a304cf-400x267.jpg 400w, https:\/\/gruene-emsland.de\/wp-content\/uploads\/2025\/01\/6a216b61-f4af-4e58-a39a-e2da56a304cf-768x513.jpg 768w, https:\/\/gruene-emsland.de\/wp-content\/uploads\/2025\/01\/6a216b61-f4af-4e58-a39a-e2da56a304cf-1536x1025.jpg 1536w, https:\/\/gruene-emsland.de\/wp-content\/uploads\/2025\/01\/6a216b61-f4af-4e58-a39a-e2da56a304cf-150x100.jpg 150w, https:\/\/gruene-emsland.de\/wp-content\/uploads\/2025\/01\/6a216b61-f4af-4e58-a39a-e2da56a304cf.jpg 1600w\" sizes=\"auto, (max-width: 800px) 100vw, 800px\" \/><\/figure>\n\n\n\n<figure class=\"wp-block-image size-large\"><img loading=\"lazy\" decoding=\"async\" width=\"800\" height=\"1200\" data-id=\"628\" src=\"https:\/\/gruene-emsland.de\/wp-content\/uploads\/2025\/01\/aff33209-138c-49a4-9573-8ba2d701aba3-800x1200.jpg\" alt=\"\" class=\"wp-image-628\" srcset=\"https:\/\/gruene-emsland.de\/wp-content\/uploads\/2025\/01\/aff33209-138c-49a4-9573-8ba2d701aba3-800x1200.jpg 800w, https:\/\/gruene-emsland.de\/wp-content\/uploads\/2025\/01\/aff33209-138c-49a4-9573-8ba2d701aba3-400x600.jpg 400w, https:\/\/gruene-emsland.de\/wp-content\/uploads\/2025\/01\/aff33209-138c-49a4-9573-8ba2d701aba3-768x1153.jpg 768w, https:\/\/gruene-emsland.de\/wp-content\/uploads\/2025\/01\/aff33209-138c-49a4-9573-8ba2d701aba3-1023x1536.jpg 1023w, https:\/\/gruene-emsland.de\/wp-content\/uploads\/2025\/01\/aff33209-138c-49a4-9573-8ba2d701aba3-100x150.jpg 100w, https:\/\/gruene-emsland.de\/wp-content\/uploads\/2025\/01\/aff33209-138c-49a4-9573-8ba2d701aba3.jpg 1066w\" sizes=\"auto, (max-width: 800px) 100vw, 800px\" \/><\/figure>\n\n\n\n<figure class=\"wp-block-image size-large\"><img loading=\"lazy\" decoding=\"async\" width=\"800\" height=\"533\" data-id=\"621\" src=\"https:\/\/gruene-emsland.de\/wp-content\/uploads\/2025\/01\/dfe0a661-4b4c-4e4c-b823-ab119e9286b4-800x533.jpg\" alt=\"\" class=\"wp-image-621\" srcset=\"https:\/\/gruene-emsland.de\/wp-content\/uploads\/2025\/01\/dfe0a661-4b4c-4e4c-b823-ab119e9286b4-800x533.jpg 800w, https:\/\/gruene-emsland.de\/wp-content\/uploads\/2025\/01\/dfe0a661-4b4c-4e4c-b823-ab119e9286b4-400x267.jpg 400w, https:\/\/gruene-emsland.de\/wp-content\/uploads\/2025\/01\/dfe0a661-4b4c-4e4c-b823-ab119e9286b4-768x512.jpg 768w, https:\/\/gruene-emsland.de\/wp-content\/uploads\/2025\/01\/dfe0a661-4b4c-4e4c-b823-ab119e9286b4-1536x1023.jpg 1536w, https:\/\/gruene-emsland.de\/wp-content\/uploads\/2025\/01\/dfe0a661-4b4c-4e4c-b823-ab119e9286b4-150x100.jpg 150w, https:\/\/gruene-emsland.de\/wp-content\/uploads\/2025\/01\/dfe0a661-4b4c-4e4c-b823-ab119e9286b4.jpg 1600w\" sizes=\"auto, (max-width: 800px) 100vw, 800px\" \/><\/figure>\n\n\n\n<figure class=\"wp-block-image size-large\"><img loading=\"lazy\" decoding=\"async\" width=\"800\" height=\"533\" data-id=\"624\" src=\"https:\/\/gruene-emsland.de\/wp-content\/uploads\/2025\/01\/027431ab-bc4e-4cc3-92d5-af30bf242936-800x533.jpg\" alt=\"\" class=\"wp-image-624\" srcset=\"https:\/\/gruene-emsland.de\/wp-content\/uploads\/2025\/01\/027431ab-bc4e-4cc3-92d5-af30bf242936-800x533.jpg 800w, https:\/\/gruene-emsland.de\/wp-content\/uploads\/2025\/01\/027431ab-bc4e-4cc3-92d5-af30bf242936-400x267.jpg 400w, https:\/\/gruene-emsland.de\/wp-content\/uploads\/2025\/01\/027431ab-bc4e-4cc3-92d5-af30bf242936-768x512.jpg 768w, https:\/\/gruene-emsland.de\/wp-content\/uploads\/2025\/01\/027431ab-bc4e-4cc3-92d5-af30bf242936-1536x1023.jpg 1536w, https:\/\/gruene-emsland.de\/wp-content\/uploads\/2025\/01\/027431ab-bc4e-4cc3-92d5-af30bf242936-150x100.jpg 150w, https:\/\/gruene-emsland.de\/wp-content\/uploads\/2025\/01\/027431ab-bc4e-4cc3-92d5-af30bf242936.jpg 1600w\" sizes=\"auto, (max-width: 800px) 100vw, 800px\" \/><\/figure>\n\n\n\n<figure class=\"wp-block-image size-large\"><img loading=\"lazy\" decoding=\"async\" width=\"800\" height=\"533\" data-id=\"622\" src=\"https:\/\/gruene-emsland.de\/wp-content\/uploads\/2025\/01\/b78f5f8f-f981-4514-98fd-3b6d9174e1fa-800x533.jpg\" alt=\"\" class=\"wp-image-622\" srcset=\"https:\/\/gruene-emsland.de\/wp-content\/uploads\/2025\/01\/b78f5f8f-f981-4514-98fd-3b6d9174e1fa-800x533.jpg 800w, https:\/\/gruene-emsland.de\/wp-content\/uploads\/2025\/01\/b78f5f8f-f981-4514-98fd-3b6d9174e1fa-400x267.jpg 400w, https:\/\/gruene-emsland.de\/wp-content\/uploads\/2025\/01\/b78f5f8f-f981-4514-98fd-3b6d9174e1fa-768x512.jpg 768w, https:\/\/gruene-emsland.de\/wp-content\/uploads\/2025\/01\/b78f5f8f-f981-4514-98fd-3b6d9174e1fa-1536x1023.jpg 1536w, https:\/\/gruene-emsland.de\/wp-content\/uploads\/2025\/01\/b78f5f8f-f981-4514-98fd-3b6d9174e1fa-150x100.jpg 150w, https:\/\/gruene-emsland.de\/wp-content\/uploads\/2025\/01\/b78f5f8f-f981-4514-98fd-3b6d9174e1fa.jpg 1600w\" sizes=\"auto, (max-width: 800px) 100vw, 800px\" \/><\/figure>\n\n\n\n<figure class=\"wp-block-image size-large\"><img loading=\"lazy\" decoding=\"async\" width=\"800\" height=\"1200\" data-id=\"618\" src=\"https:\/\/gruene-emsland.de\/wp-content\/uploads\/2025\/01\/f708ddfa-2812-405a-b0cd-0b6ea591f3c3-800x1200.jpg\" alt=\"\" class=\"wp-image-618\" srcset=\"https:\/\/gruene-emsland.de\/wp-content\/uploads\/2025\/01\/f708ddfa-2812-405a-b0cd-0b6ea591f3c3-800x1200.jpg 800w, https:\/\/gruene-emsland.de\/wp-content\/uploads\/2025\/01\/f708ddfa-2812-405a-b0cd-0b6ea591f3c3-400x600.jpg 400w, https:\/\/gruene-emsland.de\/wp-content\/uploads\/2025\/01\/f708ddfa-2812-405a-b0cd-0b6ea591f3c3-768x1153.jpg 768w, https:\/\/gruene-emsland.de\/wp-content\/uploads\/2025\/01\/f708ddfa-2812-405a-b0cd-0b6ea591f3c3-1023x1536.jpg 1023w, https:\/\/gruene-emsland.de\/wp-content\/uploads\/2025\/01\/f708ddfa-2812-405a-b0cd-0b6ea591f3c3-100x150.jpg 100w, https:\/\/gruene-emsland.de\/wp-content\/uploads\/2025\/01\/f708ddfa-2812-405a-b0cd-0b6ea591f3c3.jpg 1066w\" sizes=\"auto, (max-width: 800px) 100vw, 800px\" \/><\/figure>\n\n\n\n<figure class=\"wp-block-image size-large\"><img loading=\"lazy\" decoding=\"async\" width=\"800\" height=\"533\" data-id=\"620\" src=\"https:\/\/gruene-emsland.de\/wp-content\/uploads\/2025\/01\/8a5bc6b7-9e84-4ed2-9ec7-0701098b1476-800x533.jpg\" alt=\"\" class=\"wp-image-620\" srcset=\"https:\/\/gruene-emsland.de\/wp-content\/uploads\/2025\/01\/8a5bc6b7-9e84-4ed2-9ec7-0701098b1476-800x533.jpg 800w, https:\/\/gruene-emsland.de\/wp-content\/uploads\/2025\/01\/8a5bc6b7-9e84-4ed2-9ec7-0701098b1476-400x267.jpg 400w, https:\/\/gruene-emsland.de\/wp-content\/uploads\/2025\/01\/8a5bc6b7-9e84-4ed2-9ec7-0701098b1476-768x512.jpg 768w, https:\/\/gruene-emsland.de\/wp-content\/uploads\/2025\/01\/8a5bc6b7-9e84-4ed2-9ec7-0701098b1476-1536x1023.jpg 1536w, https:\/\/gruene-emsland.de\/wp-content\/uploads\/2025\/01\/8a5bc6b7-9e84-4ed2-9ec7-0701098b1476-150x100.jpg 150w, https:\/\/gruene-emsland.de\/wp-content\/uploads\/2025\/01\/8a5bc6b7-9e84-4ed2-9ec7-0701098b1476.jpg 1600w\" sizes=\"auto, (max-width: 800px) 100vw, 800px\" \/><\/figure>\n\n\n\n<figure class=\"wp-block-image size-large\"><img loading=\"lazy\" decoding=\"async\" width=\"800\" height=\"533\" data-id=\"619\" src=\"https:\/\/gruene-emsland.de\/wp-content\/uploads\/2025\/01\/2377f507-1120-49ba-8879-c17ded5107df-800x533.jpg\" alt=\"\" class=\"wp-image-619\" srcset=\"https:\/\/gruene-emsland.de\/wp-content\/uploads\/2025\/01\/2377f507-1120-49ba-8879-c17ded5107df-800x533.jpg 800w, https:\/\/gruene-emsland.de\/wp-content\/uploads\/2025\/01\/2377f507-1120-49ba-8879-c17ded5107df-400x267.jpg 400w, https:\/\/gruene-emsland.de\/wp-content\/uploads\/2025\/01\/2377f507-1120-49ba-8879-c17ded5107df-768x512.jpg 768w, https:\/\/gruene-emsland.de\/wp-content\/uploads\/2025\/01\/2377f507-1120-49ba-8879-c17ded5107df-1536x1023.jpg 1536w, https:\/\/gruene-emsland.de\/wp-content\/uploads\/2025\/01\/2377f507-1120-49ba-8879-c17ded5107df-150x100.jpg 150w, https:\/\/gruene-emsland.de\/wp-content\/uploads\/2025\/01\/2377f507-1120-49ba-8879-c17ded5107df.jpg 1600w\" sizes=\"auto, (max-width: 800px) 100vw, 800px\" \/><\/figure>\n\n\n\n<figure class=\"wp-block-image size-large\"><img loading=\"lazy\" decoding=\"async\" width=\"800\" height=\"1200\" data-id=\"623\" src=\"https:\/\/gruene-emsland.de\/wp-content\/uploads\/2025\/01\/aec9e1b9-bbea-4d04-95a8-9acc83c65834-800x1200.jpg\" alt=\"\" class=\"wp-image-623\" srcset=\"https:\/\/gruene-emsland.de\/wp-content\/uploads\/2025\/01\/aec9e1b9-bbea-4d04-95a8-9acc83c65834-800x1200.jpg 800w, https:\/\/gruene-emsland.de\/wp-content\/uploads\/2025\/01\/aec9e1b9-bbea-4d04-95a8-9acc83c65834-400x600.jpg 400w, https:\/\/gruene-emsland.de\/wp-content\/uploads\/2025\/01\/aec9e1b9-bbea-4d04-95a8-9acc83c65834-768x1153.jpg 768w, https:\/\/gruene-emsland.de\/wp-content\/uploads\/2025\/01\/aec9e1b9-bbea-4d04-95a8-9acc83c65834-1023x1536.jpg 1023w, https:\/\/gruene-emsland.de\/wp-content\/uploads\/2025\/01\/aec9e1b9-bbea-4d04-95a8-9acc83c65834-100x150.jpg 100w, https:\/\/gruene-emsland.de\/wp-content\/uploads\/2025\/01\/aec9e1b9-bbea-4d04-95a8-9acc83c65834.jpg 1066w\" sizes=\"auto, (max-width: 800px) 100vw, 800px\" \/><\/figure>\n\n\n\n<figure class=\"wp-block-image size-large\"><img loading=\"lazy\" decoding=\"async\" width=\"800\" height=\"533\" data-id=\"625\" src=\"https:\/\/gruene-emsland.de\/wp-content\/uploads\/2025\/01\/5722bf44-ec39-4b37-a1c1-7d871cc7eda4-800x533.jpg\" alt=\"\" class=\"wp-image-625\" srcset=\"https:\/\/gruene-emsland.de\/wp-content\/uploads\/2025\/01\/5722bf44-ec39-4b37-a1c1-7d871cc7eda4-800x533.jpg 800w, https:\/\/gruene-emsland.de\/wp-content\/uploads\/2025\/01\/5722bf44-ec39-4b37-a1c1-7d871cc7eda4-400x267.jpg 400w, https:\/\/gruene-emsland.de\/wp-content\/uploads\/2025\/01\/5722bf44-ec39-4b37-a1c1-7d871cc7eda4-768x512.jpg 768w, https:\/\/gruene-emsland.de\/wp-content\/uploads\/2025\/01\/5722bf44-ec39-4b37-a1c1-7d871cc7eda4-1536x1023.jpg 1536w, https:\/\/gruene-emsland.de\/wp-content\/uploads\/2025\/01\/5722bf44-ec39-4b37-a1c1-7d871cc7eda4-150x100.jpg 150w, https:\/\/gruene-emsland.de\/wp-content\/uploads\/2025\/01\/5722bf44-ec39-4b37-a1c1-7d871cc7eda4.jpg 1600w\" sizes=\"auto, (max-width: 800px) 100vw, 800px\" \/><\/figure>\n\n\n\n<figure class=\"wp-block-image size-large\"><img loading=\"lazy\" decoding=\"async\" width=\"800\" height=\"533\" data-id=\"626\" src=\"https:\/\/gruene-emsland.de\/wp-content\/uploads\/2025\/01\/76065388-17f9-4e93-81b1-80932c67d3cc-800x533.jpg\" alt=\"\" class=\"wp-image-626\" srcset=\"https:\/\/gruene-emsland.de\/wp-content\/uploads\/2025\/01\/76065388-17f9-4e93-81b1-80932c67d3cc-800x533.jpg 800w, https:\/\/gruene-emsland.de\/wp-content\/uploads\/2025\/01\/76065388-17f9-4e93-81b1-80932c67d3cc-400x267.jpg 400w, https:\/\/gruene-emsland.de\/wp-content\/uploads\/2025\/01\/76065388-17f9-4e93-81b1-80932c67d3cc-768x512.jpg 768w, https:\/\/gruene-emsland.de\/wp-content\/uploads\/2025\/01\/76065388-17f9-4e93-81b1-80932c67d3cc-1536x1023.jpg 1536w, https:\/\/gruene-emsland.de\/wp-content\/uploads\/2025\/01\/76065388-17f9-4e93-81b1-80932c67d3cc-150x100.jpg 150w, https:\/\/gruene-emsland.de\/wp-content\/uploads\/2025\/01\/76065388-17f9-4e93-81b1-80932c67d3cc.jpg 1600w\" sizes=\"auto, (max-width: 800px) 100vw, 800px\" \/><\/figure>\n\n\n\n<figure class=\"wp-block-image size-large\"><img loading=\"lazy\" decoding=\"async\" width=\"800\" height=\"534\" data-id=\"627\" src=\"https:\/\/gruene-emsland.de\/wp-content\/uploads\/2025\/01\/5a971a6a-950d-42b8-8d6c-9ec039db092b-800x534.jpg\" alt=\"\" class=\"wp-image-627\" srcset=\"https:\/\/gruene-emsland.de\/wp-content\/uploads\/2025\/01\/5a971a6a-950d-42b8-8d6c-9ec039db092b-800x534.jpg 800w, https:\/\/gruene-emsland.de\/wp-content\/uploads\/2025\/01\/5a971a6a-950d-42b8-8d6c-9ec039db092b-400x267.jpg 400w, https:\/\/gruene-emsland.de\/wp-content\/uploads\/2025\/01\/5a971a6a-950d-42b8-8d6c-9ec039db092b-768x513.jpg 768w, https:\/\/gruene-emsland.de\/wp-content\/uploads\/2025\/01\/5a971a6a-950d-42b8-8d6c-9ec039db092b-1536x1025.jpg 1536w, https:\/\/gruene-emsland.de\/wp-content\/uploads\/2025\/01\/5a971a6a-950d-42b8-8d6c-9ec039db092b-150x100.jpg 150w, https:\/\/gruene-emsland.de\/wp-content\/uploads\/2025\/01\/5a971a6a-950d-42b8-8d6c-9ec039db092b.jpg 1600w\" sizes=\"auto, (max-width: 800px) 100vw, 800px\" \/><\/figure>\n\n\n\n<figure class=\"wp-block-image size-large\"><img loading=\"lazy\" decoding=\"async\" width=\"800\" height=\"533\" data-id=\"630\" src=\"https:\/\/gruene-emsland.de\/wp-content\/uploads\/2025\/01\/c80abe2c-edf2-4082-b435-c6a6f632daf6-800x533.jpg\" alt=\"\" class=\"wp-image-630\" srcset=\"https:\/\/gruene-emsland.de\/wp-content\/uploads\/2025\/01\/c80abe2c-edf2-4082-b435-c6a6f632daf6-800x533.jpg 800w, https:\/\/gruene-emsland.de\/wp-content\/uploads\/2025\/01\/c80abe2c-edf2-4082-b435-c6a6f632daf6-400x267.jpg 400w, https:\/\/gruene-emsland.de\/wp-content\/uploads\/2025\/01\/c80abe2c-edf2-4082-b435-c6a6f632daf6-768x512.jpg 768w, https:\/\/gruene-emsland.de\/wp-content\/uploads\/2025\/01\/c80abe2c-edf2-4082-b435-c6a6f632daf6-1536x1023.jpg 1536w, https:\/\/gruene-emsland.de\/wp-content\/uploads\/2025\/01\/c80abe2c-edf2-4082-b435-c6a6f632daf6-150x100.jpg 150w, https:\/\/gruene-emsland.de\/wp-content\/uploads\/2025\/01\/c80abe2c-edf2-4082-b435-c6a6f632daf6.jpg 1600w\" sizes=\"auto, (max-width: 800px) 100vw, 800px\" \/><\/figure>\n\n\n\n<figure class=\"wp-block-image size-large\"><img loading=\"lazy\" decoding=\"async\" width=\"800\" height=\"533\" data-id=\"629\" src=\"https:\/\/gruene-emsland.de\/wp-content\/uploads\/2025\/01\/3909186e-3ed4-4f67-9023-c0992ff7138d-800x533.jpg\" alt=\"\" class=\"wp-image-629\" srcset=\"https:\/\/gruene-emsland.de\/wp-content\/uploads\/2025\/01\/3909186e-3ed4-4f67-9023-c0992ff7138d-800x533.jpg 800w, https:\/\/gruene-emsland.de\/wp-content\/uploads\/2025\/01\/3909186e-3ed4-4f67-9023-c0992ff7138d-400x267.jpg 400w, https:\/\/gruene-emsland.de\/wp-content\/uploads\/2025\/01\/3909186e-3ed4-4f67-9023-c0992ff7138d-768x512.jpg 768w, https:\/\/gruene-emsland.de\/wp-content\/uploads\/2025\/01\/3909186e-3ed4-4f67-9023-c0992ff7138d-1536x1023.jpg 1536w, https:\/\/gruene-emsland.de\/wp-content\/uploads\/2025\/01\/3909186e-3ed4-4f67-9023-c0992ff7138d-150x100.jpg 150w, https:\/\/gruene-emsland.de\/wp-content\/uploads\/2025\/01\/3909186e-3ed4-4f67-9023-c0992ff7138d.jpg 1600w\" sizes=\"auto, (max-width: 800px) 100vw, 800px\" \/><\/figure>\n\n\n\n<figure class=\"wp-block-image size-large\"><img loading=\"lazy\" decoding=\"async\" width=\"800\" height=\"534\" data-id=\"631\" src=\"https:\/\/gruene-emsland.de\/wp-content\/uploads\/2025\/01\/5df371b1-4397-4490-9a62-3273b72a915d-800x534.jpg\" alt=\"\" class=\"wp-image-631\" srcset=\"https:\/\/gruene-emsland.de\/wp-content\/uploads\/2025\/01\/5df371b1-4397-4490-9a62-3273b72a915d-800x534.jpg 800w, https:\/\/gruene-emsland.de\/wp-content\/uploads\/2025\/01\/5df371b1-4397-4490-9a62-3273b72a915d-400x267.jpg 400w, https:\/\/gruene-emsland.de\/wp-content\/uploads\/2025\/01\/5df371b1-4397-4490-9a62-3273b72a915d-768x513.jpg 768w, https:\/\/gruene-emsland.de\/wp-content\/uploads\/2025\/01\/5df371b1-4397-4490-9a62-3273b72a915d-1536x1025.jpg 1536w, https:\/\/gruene-emsland.de\/wp-content\/uploads\/2025\/01\/5df371b1-4397-4490-9a62-3273b72a915d-150x100.jpg 150w, https:\/\/gruene-emsland.de\/wp-content\/uploads\/2025\/01\/5df371b1-4397-4490-9a62-3273b72a915d.jpg 1600w\" sizes=\"auto, (max-width: 800px) 100vw, 800px\" \/><\/figure>\n<\/figure>\n","protected":false},"excerpt":{"rendered":"<p>B\u00fcndnis 90\/Die Gr\u00fcnen \u2013 Kreisverband Emsland Pressemitteilung Emsl\u00e4ndische Gr\u00fcne feiern Mitgliederwachstum von 20 ProzentErfolgreicher Neujahrsempfang in Meppen Meppen, 20. Januar 2025 &#8211; Die Gr\u00fcnen im Emsland verzeichneten ein Mitgliederwachstum von [&hellip;]<\/p>\n","protected":false},"author":-1,"featured_media":613,"comment_status":"closed","ping_status":"open","sticky":false,"template":"","format":"standard","meta":{"footnotes":""},"categories":[4,117,1],"tags":[],"class_list":["post-611","post","type-post","status-publish","format-standard","has-post-thumbnail","hentry","category-emsland","category-ortsverband-emsland-mitte","category-uncategorized"],"_links":{"self":[{"href":"https:\/\/gruene-emsland.de\/index.php?rest_route=\/wp\/v2\/posts\/611","targetHints":{"allow":["GET"]}}],"collection":[{"href":"https:\/\/gruene-emsland.de\/index.php?rest_route=\/wp\/v2\/posts"}],"about":[{"href":"https:\/\/gruene-emsland.de\/index.php?rest_route=\/wp\/v2\/types\/post"}],"author":[{"embeddable":true,"href":"https:\/\/gruene-emsland.de\/index.php?rest_route=\/wp\/v2\/users\/1"}],"replies":[{"embeddable":true,"href":"https:\/\/gruene-emsland.de\/index.php?rest_route=%2Fwp%2Fv2%2Fcomments&post=611"}],"version-history":[{"count":1,"href":"https:\/\/gruene-emsland.de\/index.php?rest_route=\/wp\/v2\/posts\/611\/revisions"}],"predecessor-version":[{"id":632,"href":"https:\/\/gruene-emsland.de\/index.php?rest_route=\/wp\/v2\/posts\/611\/revisions\/632"}],"wp:featuredmedia":[{"embeddable":true,"href":"https:\/\/gruene-emsland.de\/index.php?rest_route=\/wp\/v2\/media\/613"}],"wp:attachment":[{"href":"https:\/\/gruene-emsland.de\/index.php?rest_route=%2Fwp%2Fv2%2Fmedia&parent=611"}],"wp:term":[{"taxonomy":"category","embeddable":true,"href":"https:\/\/gruene-emsland.de\/index.php?rest_route=%2Fwp%2Fv2%2Fcategories&post=611"},{"taxonomy":"post_tag","embeddable":true,"href":"https:\/\/gruene-emsland.de\/index.php?rest_route=%2Fwp%2Fv2%2Ftags&post=611"}],"curies":[{"name":"wp","href":"https:\/\/api.w.org\/{rel}","templated":true}]}}