{"id":577,"date":"2024-12-12T14:12:00","date_gmt":"2024-12-12T14:12:00","guid":{"rendered":"https:\/\/gruene-emsland.de\/?p=577"},"modified":"2024-12-19T15:44:59","modified_gmt":"2024-12-19T15:44:59","slug":"unsere-aufstellungsversammlung-wk-31-am-11-12-24-in-bildern","status":"publish","type":"post","link":"https:\/\/gruene-emsland.de\/?p=577","title":{"rendered":"Unsere Aufstellungsversammlung WK 31 am 11.12.24 in Bildern"},"content":{"rendered":"\n<p>Am 11.12. trafen wir uns im Ludwig Windhorst Haus in Lingen, um unsere Aufstellungsversammlung f\u00fcr den Wahlkreis 31 durchzuf\u00fchren.<br><br>Der Wahlkreis 31 erstreckt sich \u00fcber Ortsverb\u00e4nde der Grafschaft Bentheim, Emsland S\u00fcd und Teile von Emsland Mitte.<br><br>Dem Aufruf folgten \u00fcber 40 Mitglieder aus dem Wahlkreis 31, so dass der Saal gut besetzt war.<br><br>Zur Wahl stellten sich der Physiker Erich G\u00fclzow aus Emlichheim sowie der Jurist Jeremy Zgrzebski aus Lingen.<br><br>Nachdem sich beide vorstellten (Jeremy konnte leider nur via Zoom zugeschaltet werden), gingen sie auf Fragen der Mitglieder ein. Jeremy konnte am Ende die Wahl f\u00fcr sich entscheiden und ist nun unser Bundestagskandidat. Herzlichen Gl\u00fcckwunsch, Jeremey.<br><br>Siehe hier: <a href=\"https:\/\/gruene-emsland.de\/?p=573\">https:\/\/gruene-emsland.de\/?p=573<\/a><\/p>\n\n\n\n<figure class=\"wp-block-gallery has-nested-images columns-default is-cropped wp-block-gallery-1 is-layout-flex wp-block-gallery-is-layout-flex\">\n<figure class=\"wp-block-image size-large\"><img loading=\"lazy\" decoding=\"async\" width=\"800\" height=\"534\" data-id=\"579\" src=\"https:\/\/gruene-emsland.de\/wp-content\/uploads\/2024\/12\/G-258-800x534.jpg\" alt=\"\" class=\"wp-image-579\" srcset=\"https:\/\/gruene-emsland.de\/wp-content\/uploads\/2024\/12\/G-258-800x534.jpg 800w, https:\/\/gruene-emsland.de\/wp-content\/uploads\/2024\/12\/G-258-400x267.jpg 400w, https:\/\/gruene-emsland.de\/wp-content\/uploads\/2024\/12\/G-258-768x512.jpg 768w, https:\/\/gruene-emsland.de\/wp-content\/uploads\/2024\/12\/G-258-150x100.jpg 150w, https:\/\/gruene-emsland.de\/wp-content\/uploads\/2024\/12\/G-258.jpg 1000w\" sizes=\"auto, (max-width: 800px) 100vw, 800px\" \/><\/figure>\n\n\n\n<figure class=\"wp-block-image size-large\"><img loading=\"lazy\" decoding=\"async\" width=\"800\" height=\"534\" data-id=\"582\" src=\"https:\/\/gruene-emsland.de\/wp-content\/uploads\/2024\/12\/G-234-800x534.jpg\" alt=\"\" class=\"wp-image-582\" srcset=\"https:\/\/gruene-emsland.de\/wp-content\/uploads\/2024\/12\/G-234-800x534.jpg 800w, https:\/\/gruene-emsland.de\/wp-content\/uploads\/2024\/12\/G-234-400x267.jpg 400w, https:\/\/gruene-emsland.de\/wp-content\/uploads\/2024\/12\/G-234-768x513.jpg 768w, https:\/\/gruene-emsland.de\/wp-content\/uploads\/2024\/12\/G-234-150x100.jpg 150w, https:\/\/gruene-emsland.de\/wp-content\/uploads\/2024\/12\/G-234.jpg 1000w\" sizes=\"auto, (max-width: 800px) 100vw, 800px\" \/><\/figure>\n\n\n\n<figure class=\"wp-block-image size-large\"><img loading=\"lazy\" decoding=\"async\" width=\"800\" height=\"1198\" data-id=\"583\" src=\"https:\/\/gruene-emsland.de\/wp-content\/uploads\/2024\/12\/G-189-800x1198.jpg\" alt=\"\" class=\"wp-image-583\" srcset=\"https:\/\/gruene-emsland.de\/wp-content\/uploads\/2024\/12\/G-189-800x1198.jpg 800w, https:\/\/gruene-emsland.de\/wp-content\/uploads\/2024\/12\/G-189-400x600.jpg 400w, https:\/\/gruene-emsland.de\/wp-content\/uploads\/2024\/12\/G-189-768x1150.jpg 768w, https:\/\/gruene-emsland.de\/wp-content\/uploads\/2024\/12\/G-189-100x150.jpg 100w, https:\/\/gruene-emsland.de\/wp-content\/uploads\/2024\/12\/G-189.jpg 1000w\" sizes=\"auto, (max-width: 800px) 100vw, 800px\" \/><\/figure>\n\n\n\n<figure class=\"wp-block-image size-large\"><img loading=\"lazy\" decoding=\"async\" width=\"800\" height=\"534\" data-id=\"580\" src=\"https:\/\/gruene-emsland.de\/wp-content\/uploads\/2024\/12\/G-170-800x534.jpg\" alt=\"\" class=\"wp-image-580\" srcset=\"https:\/\/gruene-emsland.de\/wp-content\/uploads\/2024\/12\/G-170-800x534.jpg 800w, https:\/\/gruene-emsland.de\/wp-content\/uploads\/2024\/12\/G-170-400x267.jpg 400w, https:\/\/gruene-emsland.de\/wp-content\/uploads\/2024\/12\/G-170-768x513.jpg 768w, https:\/\/gruene-emsland.de\/wp-content\/uploads\/2024\/12\/G-170-150x100.jpg 150w, https:\/\/gruene-emsland.de\/wp-content\/uploads\/2024\/12\/G-170.jpg 1000w\" sizes=\"auto, (max-width: 800px) 100vw, 800px\" \/><\/figure>\n\n\n\n<figure class=\"wp-block-image size-large\"><img loading=\"lazy\" decoding=\"async\" width=\"800\" height=\"534\" data-id=\"578\" src=\"https:\/\/gruene-emsland.de\/wp-content\/uploads\/2024\/12\/G-150-800x534.jpg\" alt=\"\" class=\"wp-image-578\" srcset=\"https:\/\/gruene-emsland.de\/wp-content\/uploads\/2024\/12\/G-150-800x534.jpg 800w, https:\/\/gruene-emsland.de\/wp-content\/uploads\/2024\/12\/G-150-400x267.jpg 400w, https:\/\/gruene-emsland.de\/wp-content\/uploads\/2024\/12\/G-150-768x513.jpg 768w, https:\/\/gruene-emsland.de\/wp-content\/uploads\/2024\/12\/G-150-150x100.jpg 150w, https:\/\/gruene-emsland.de\/wp-content\/uploads\/2024\/12\/G-150.jpg 1000w\" sizes=\"auto, (max-width: 800px) 100vw, 800px\" \/><\/figure>\n\n\n\n<figure class=\"wp-block-image size-large\"><img loading=\"lazy\" decoding=\"async\" width=\"800\" height=\"534\" data-id=\"581\" src=\"https:\/\/gruene-emsland.de\/wp-content\/uploads\/2024\/12\/G-128-800x534.jpg\" alt=\"\" class=\"wp-image-581\" srcset=\"https:\/\/gruene-emsland.de\/wp-content\/uploads\/2024\/12\/G-128-800x534.jpg 800w, https:\/\/gruene-emsland.de\/wp-content\/uploads\/2024\/12\/G-128-400x267.jpg 400w, https:\/\/gruene-emsland.de\/wp-content\/uploads\/2024\/12\/G-128-768x513.jpg 768w, https:\/\/gruene-emsland.de\/wp-content\/uploads\/2024\/12\/G-128-150x100.jpg 150w, https:\/\/gruene-emsland.de\/wp-content\/uploads\/2024\/12\/G-128.jpg 1000w\" sizes=\"auto, (max-width: 800px) 100vw, 800px\" \/><\/figure>\n\n\n\n<figure class=\"wp-block-image size-large\"><img loading=\"lazy\" decoding=\"async\" width=\"800\" height=\"534\" data-id=\"585\" src=\"https:\/\/gruene-emsland.de\/wp-content\/uploads\/2024\/12\/G-100-800x534.jpg\" alt=\"\" class=\"wp-image-585\" srcset=\"https:\/\/gruene-emsland.de\/wp-content\/uploads\/2024\/12\/G-100-800x534.jpg 800w, https:\/\/gruene-emsland.de\/wp-content\/uploads\/2024\/12\/G-100-400x267.jpg 400w, https:\/\/gruene-emsland.de\/wp-content\/uploads\/2024\/12\/G-100-768x512.jpg 768w, https:\/\/gruene-emsland.de\/wp-content\/uploads\/2024\/12\/G-100-150x100.jpg 150w, https:\/\/gruene-emsland.de\/wp-content\/uploads\/2024\/12\/G-100.jpg 1000w\" sizes=\"auto, (max-width: 800px) 100vw, 800px\" \/><\/figure>\n\n\n\n<figure class=\"wp-block-image size-large\"><img loading=\"lazy\" decoding=\"async\" width=\"800\" height=\"534\" data-id=\"584\" src=\"https:\/\/gruene-emsland.de\/wp-content\/uploads\/2024\/12\/G-39-800x534.jpg\" alt=\"\" class=\"wp-image-584\" srcset=\"https:\/\/gruene-emsland.de\/wp-content\/uploads\/2024\/12\/G-39-800x534.jpg 800w, https:\/\/gruene-emsland.de\/wp-content\/uploads\/2024\/12\/G-39-400x267.jpg 400w, https:\/\/gruene-emsland.de\/wp-content\/uploads\/2024\/12\/G-39-768x512.jpg 768w, https:\/\/gruene-emsland.de\/wp-content\/uploads\/2024\/12\/G-39-150x100.jpg 150w, https:\/\/gruene-emsland.de\/wp-content\/uploads\/2024\/12\/G-39.jpg 1000w\" sizes=\"auto, (max-width: 800px) 100vw, 800px\" \/><\/figure>\n<\/figure>\n\n\n\n<figure class=\"wp-block-gallery has-nested-images columns-default is-cropped wp-block-gallery-2 is-layout-flex wp-block-gallery-is-layout-flex\">\n<figure class=\"wp-block-image size-large\"><img loading=\"lazy\" decoding=\"async\" width=\"800\" height=\"534\" data-id=\"590\" src=\"https:\/\/gruene-emsland.de\/wp-content\/uploads\/2024\/12\/fb626a70-b3bd-4847-9cb0-814990407847-800x534.jpg\" alt=\"\" class=\"wp-image-590\" srcset=\"https:\/\/gruene-emsland.de\/wp-content\/uploads\/2024\/12\/fb626a70-b3bd-4847-9cb0-814990407847-800x534.jpg 800w, https:\/\/gruene-emsland.de\/wp-content\/uploads\/2024\/12\/fb626a70-b3bd-4847-9cb0-814990407847-400x267.jpg 400w, https:\/\/gruene-emsland.de\/wp-content\/uploads\/2024\/12\/fb626a70-b3bd-4847-9cb0-814990407847-768x513.jpg 768w, https:\/\/gruene-emsland.de\/wp-content\/uploads\/2024\/12\/fb626a70-b3bd-4847-9cb0-814990407847-1536x1025.jpg 1536w, https:\/\/gruene-emsland.de\/wp-content\/uploads\/2024\/12\/fb626a70-b3bd-4847-9cb0-814990407847-150x100.jpg 150w, https:\/\/gruene-emsland.de\/wp-content\/uploads\/2024\/12\/fb626a70-b3bd-4847-9cb0-814990407847.jpg 1600w\" sizes=\"auto, (max-width: 800px) 100vw, 800px\" \/><\/figure>\n\n\n\n<figure class=\"wp-block-image size-large\"><img loading=\"lazy\" decoding=\"async\" width=\"800\" height=\"534\" data-id=\"588\" src=\"https:\/\/gruene-emsland.de\/wp-content\/uploads\/2024\/12\/16e4e453-1824-4516-b1c2-d51bcdb24c3b-800x534.jpg\" alt=\"\" class=\"wp-image-588\" srcset=\"https:\/\/gruene-emsland.de\/wp-content\/uploads\/2024\/12\/16e4e453-1824-4516-b1c2-d51bcdb24c3b-800x534.jpg 800w, https:\/\/gruene-emsland.de\/wp-content\/uploads\/2024\/12\/16e4e453-1824-4516-b1c2-d51bcdb24c3b-400x267.jpg 400w, https:\/\/gruene-emsland.de\/wp-content\/uploads\/2024\/12\/16e4e453-1824-4516-b1c2-d51bcdb24c3b-768x513.jpg 768w, https:\/\/gruene-emsland.de\/wp-content\/uploads\/2024\/12\/16e4e453-1824-4516-b1c2-d51bcdb24c3b-1536x1025.jpg 1536w, https:\/\/gruene-emsland.de\/wp-content\/uploads\/2024\/12\/16e4e453-1824-4516-b1c2-d51bcdb24c3b-150x100.jpg 150w, https:\/\/gruene-emsland.de\/wp-content\/uploads\/2024\/12\/16e4e453-1824-4516-b1c2-d51bcdb24c3b.jpg 1600w\" sizes=\"auto, (max-width: 800px) 100vw, 800px\" \/><\/figure>\n\n\n\n<figure class=\"wp-block-image size-large\"><img loading=\"lazy\" decoding=\"async\" width=\"800\" height=\"534\" data-id=\"592\" src=\"https:\/\/gruene-emsland.de\/wp-content\/uploads\/2024\/12\/8ff2a75a-acde-4552-b608-20e1856530ea-800x534.jpg\" alt=\"\" class=\"wp-image-592\" srcset=\"https:\/\/gruene-emsland.de\/wp-content\/uploads\/2024\/12\/8ff2a75a-acde-4552-b608-20e1856530ea-800x534.jpg 800w, https:\/\/gruene-emsland.de\/wp-content\/uploads\/2024\/12\/8ff2a75a-acde-4552-b608-20e1856530ea-400x267.jpg 400w, https:\/\/gruene-emsland.de\/wp-content\/uploads\/2024\/12\/8ff2a75a-acde-4552-b608-20e1856530ea-768x513.jpg 768w, https:\/\/gruene-emsland.de\/wp-content\/uploads\/2024\/12\/8ff2a75a-acde-4552-b608-20e1856530ea-1536x1025.jpg 1536w, https:\/\/gruene-emsland.de\/wp-content\/uploads\/2024\/12\/8ff2a75a-acde-4552-b608-20e1856530ea-150x100.jpg 150w, https:\/\/gruene-emsland.de\/wp-content\/uploads\/2024\/12\/8ff2a75a-acde-4552-b608-20e1856530ea.jpg 1600w\" sizes=\"auto, (max-width: 800px) 100vw, 800px\" \/><\/figure>\n\n\n\n<figure class=\"wp-block-image size-large\"><img loading=\"lazy\" decoding=\"async\" width=\"800\" height=\"533\" data-id=\"591\" src=\"https:\/\/gruene-emsland.de\/wp-content\/uploads\/2024\/12\/466fe9b0-cd53-494f-a598-3a5f73c342b5-1-800x533.jpg\" alt=\"\" class=\"wp-image-591\" srcset=\"https:\/\/gruene-emsland.de\/wp-content\/uploads\/2024\/12\/466fe9b0-cd53-494f-a598-3a5f73c342b5-1-800x533.jpg 800w, https:\/\/gruene-emsland.de\/wp-content\/uploads\/2024\/12\/466fe9b0-cd53-494f-a598-3a5f73c342b5-1-400x267.jpg 400w, https:\/\/gruene-emsland.de\/wp-content\/uploads\/2024\/12\/466fe9b0-cd53-494f-a598-3a5f73c342b5-1-768x512.jpg 768w, https:\/\/gruene-emsland.de\/wp-content\/uploads\/2024\/12\/466fe9b0-cd53-494f-a598-3a5f73c342b5-1-1536x1023.jpg 1536w, https:\/\/gruene-emsland.de\/wp-content\/uploads\/2024\/12\/466fe9b0-cd53-494f-a598-3a5f73c342b5-1-150x100.jpg 150w, https:\/\/gruene-emsland.de\/wp-content\/uploads\/2024\/12\/466fe9b0-cd53-494f-a598-3a5f73c342b5-1.jpg 1600w\" sizes=\"auto, (max-width: 800px) 100vw, 800px\" \/><\/figure>\n\n\n\n<figure class=\"wp-block-image size-large\"><img loading=\"lazy\" decoding=\"async\" width=\"800\" height=\"534\" data-id=\"593\" src=\"https:\/\/gruene-emsland.de\/wp-content\/uploads\/2024\/12\/2467ed84-927b-470c-95e1-594e8c8d382a-1-800x534.jpg\" alt=\"\" class=\"wp-image-593\" srcset=\"https:\/\/gruene-emsland.de\/wp-content\/uploads\/2024\/12\/2467ed84-927b-470c-95e1-594e8c8d382a-1-800x534.jpg 800w, https:\/\/gruene-emsland.de\/wp-content\/uploads\/2024\/12\/2467ed84-927b-470c-95e1-594e8c8d382a-1-400x267.jpg 400w, https:\/\/gruene-emsland.de\/wp-content\/uploads\/2024\/12\/2467ed84-927b-470c-95e1-594e8c8d382a-1-768x513.jpg 768w, https:\/\/gruene-emsland.de\/wp-content\/uploads\/2024\/12\/2467ed84-927b-470c-95e1-594e8c8d382a-1-1536x1025.jpg 1536w, https:\/\/gruene-emsland.de\/wp-content\/uploads\/2024\/12\/2467ed84-927b-470c-95e1-594e8c8d382a-1-150x100.jpg 150w, https:\/\/gruene-emsland.de\/wp-content\/uploads\/2024\/12\/2467ed84-927b-470c-95e1-594e8c8d382a-1.jpg 1600w\" sizes=\"auto, (max-width: 800px) 100vw, 800px\" \/><\/figure>\n\n\n\n<figure class=\"wp-block-image size-large\"><img loading=\"lazy\" decoding=\"async\" width=\"800\" height=\"533\" data-id=\"589\" src=\"https:\/\/gruene-emsland.de\/wp-content\/uploads\/2024\/12\/0a88c8fd-a346-40ab-889a-18300ef2daf0-1-800x533.jpg\" alt=\"\" class=\"wp-image-589\" srcset=\"https:\/\/gruene-emsland.de\/wp-content\/uploads\/2024\/12\/0a88c8fd-a346-40ab-889a-18300ef2daf0-1-800x533.jpg 800w, https:\/\/gruene-emsland.de\/wp-content\/uploads\/2024\/12\/0a88c8fd-a346-40ab-889a-18300ef2daf0-1-400x267.jpg 400w, https:\/\/gruene-emsland.de\/wp-content\/uploads\/2024\/12\/0a88c8fd-a346-40ab-889a-18300ef2daf0-1-768x512.jpg 768w, https:\/\/gruene-emsland.de\/wp-content\/uploads\/2024\/12\/0a88c8fd-a346-40ab-889a-18300ef2daf0-1-1536x1023.jpg 1536w, https:\/\/gruene-emsland.de\/wp-content\/uploads\/2024\/12\/0a88c8fd-a346-40ab-889a-18300ef2daf0-1-150x100.jpg 150w, https:\/\/gruene-emsland.de\/wp-content\/uploads\/2024\/12\/0a88c8fd-a346-40ab-889a-18300ef2daf0-1.jpg 1600w\" sizes=\"auto, (max-width: 800px) 100vw, 800px\" \/><\/figure>\n<\/figure>\n","protected":false},"excerpt":{"rendered":"<p>Am 11.12. trafen wir uns im Ludwig Windhorst Haus in Lingen, um unsere Aufstellungsversammlung f\u00fcr den Wahlkreis 31 durchzuf\u00fchren. Der Wahlkreis 31 erstreckt sich \u00fcber Ortsverb\u00e4nde der Grafschaft Bentheim, Emsland [&hellip;]<\/p>\n","protected":false},"author":-1,"featured_media":589,"comment_status":"closed","ping_status":"open","sticky":false,"template":"","format":"standard","meta":{"footnotes":""},"categories":[1],"tags":[],"class_list":["post-577","post","type-post","status-publish","format-standard","has-post-thumbnail","hentry","category-uncategorized"],"_links":{"self":[{"href":"https:\/\/gruene-emsland.de\/index.php?rest_route=\/wp\/v2\/posts\/577","targetHints":{"allow":["GET"]}}],"collection":[{"href":"https:\/\/gruene-emsland.de\/index.php?rest_route=\/wp\/v2\/posts"}],"about":[{"href":"https:\/\/gruene-emsland.de\/index.php?rest_route=\/wp\/v2\/types\/post"}],"author":[{"embeddable":true,"href":"https:\/\/gruene-emsland.de\/index.php?rest_route=\/wp\/v2\/users\/1"}],"replies":[{"embeddable":true,"href":"https:\/\/gruene-emsland.de\/index.php?rest_route=%2Fwp%2Fv2%2Fcomments&post=577"}],"version-history":[{"count":3,"href":"https:\/\/gruene-emsland.de\/index.php?rest_route=\/wp\/v2\/posts\/577\/revisions"}],"predecessor-version":[{"id":598,"href":"https:\/\/gruene-emsland.de\/index.php?rest_route=\/wp\/v2\/posts\/577\/revisions\/598"}],"wp:featuredmedia":[{"embeddable":true,"href":"https:\/\/gruene-emsland.de\/index.php?rest_route=\/wp\/v2\/media\/589"}],"wp:attachment":[{"href":"https:\/\/gruene-emsland.de\/index.php?rest_route=%2Fwp%2Fv2%2Fmedia&parent=577"}],"wp:term":[{"taxonomy":"category","embeddable":true,"href":"https:\/\/gruene-emsland.de\/index.php?rest_route=%2Fwp%2Fv2%2Fcategories&post=577"},{"taxonomy":"post_tag","embeddable":true,"href":"https:\/\/gruene-emsland.de\/index.php?rest_route=%2Fwp%2Fv2%2Ftags&post=577"}],"curies":[{"name":"wp","href":"https:\/\/api.w.org\/{rel}","templated":true}]}}