{"id":573,"date":"2024-12-12T15:06:29","date_gmt":"2024-12-12T15:06:29","guid":{"rendered":"https:\/\/gruene-emsland.de\/?p=573"},"modified":"2025-02-04T09:26:58","modified_gmt":"2025-02-04T09:26:58","slug":"die-gruenen-gehen-mit-jeremy-zgrzebski-ins-rennen","status":"publish","type":"post","link":"https:\/\/gruene-emsland.de\/?p=573","title":{"rendered":"Die Gr\u00fcnen gehen mit Jeremy Zgrzebski ins Rennen"},"content":{"rendered":"\n<p>Direktkandidat von B\u00dcNDNIS 90\/DIE GR\u00dcNEN im Wahlkreis Mittelems f\u00fcr die Bundestagswahl<br>2025 gew\u00e4hlt<\/p>\n\n\n\n<p><br>Meppen, 12. Dezember 2024 \u2013 Auf der gestrigen Aufstellungsveranstaltung im Ludwig<br>Windthorst Haus in Lingen wurde Jeremy Zgrzebski als Direktkandidat von B\u00dcNDNIS 90\/DIE<br>GR\u00dcNEN f\u00fcr den Wahlkreis Mittelems f\u00fcr die bevorstehende Bundestagswahl 2025 gew\u00e4hlt.<br>Erich G\u00fclzow aus Emlichheim hatte ebenso in der Aufstellungsversammlung kandidiert. Die<br>Veranstaltung, die Mitglieder der Ortsverb\u00e4nde Emsland Mitte und Emsland S\u00fcd sowie des<br>Kreisverbands Grafschaft Bentheim zusammenbrachte, endete mit einem klaren Votum: Mit<br>60 Prozent der Stimmen setzte sich Jeremy Zgrzebski aus Lingen als Direktkandidat durch.<br>Zgrzebski war bereits im Jahr 2022 der Wahlkreiskandidat f\u00fcr die Landtagswahl im<br>Wahlkreis Lingen. Der inzwischen 27-J\u00e4hrige ist seit seinem 15. Lebensjahr bei den Gr\u00fcnen<br>und hat unl\u00e4ngst sein zweites Staatsexamen in Jura abgeschlossen. In seiner Rede betonte<br>Zgrzebski: \u201eWir brauchen keine Politik mit angezogener Handbremse, sondern endlich<br>Zukunftsinvestitionen f\u00fcr unseren Wirtschaftsstandort. Ich freue mich auf den Wahlkampf<br>im Emsland und in der Grafschaft. Diese Region bietet immense Chancen und<br>M\u00f6glichkeiten, die wir gemeinsam gestalten wollen, um eine gr\u00fcne und nachhaltige<br>Zukunft zu sichern.\u201c<br>Unterst\u00fctzung erh\u00e4lt Jeremy Zgrzebski auch von den Vorst\u00e4nden aus dem Emsland und der<br>Grafschaft. Theresa Gothe, Vorsitzende der Gr\u00fcnen Emsland Mitte sagte: \u201eWir freuen uns<br>sehr \u00fcber die Kandidatur von Jeremy. Wir sind davon \u00fcberzeugt, dass wir mit ihm und<br>unseren Mitgliedern stark in den Wahlkampf vor Ort gehen werden. Wir werden beim<br>Stra\u00dfenwahlkampf ebenso aktiv sein wie bei verschiedenen Veranstaltungen und wollen so<br>mit den Menschen ins Gespr\u00e4ch kommen.\u201c<br>Die Wahl von Jeremy Zgrzebski markiert einen wichtigen Schritt f\u00fcr die Gr\u00fcnen in der<br>Region, da sie bestrebt sind, die politischen Herausforderungen mit innovativen und<br>nachhaltigen L\u00f6sungen anzugehen. Der Weg zur Klimaneutralit\u00e4t, die St\u00e4rkung des<br>europ\u00e4ischen Zusammenhalts, eine zukunftsgerichtete Finanzpolitik, aber auch regionale<br>Themen wie der Ausbau der E233 werden im Wahlkampf eine zentrale Rolle spielen.<\/p>\n\n\n\n<figure class=\"wp-block-image size-large\"><img loading=\"lazy\" decoding=\"async\" width=\"800\" height=\"533\" src=\"https:\/\/gruene-emsland.de\/wp-content\/uploads\/2024\/12\/Jeremy-Zgrzebski_Gruene-800x533.jpg\" alt=\"\" class=\"wp-image-574\" srcset=\"https:\/\/gruene-emsland.de\/wp-content\/uploads\/2024\/12\/Jeremy-Zgrzebski_Gruene-800x533.jpg 800w, https:\/\/gruene-emsland.de\/wp-content\/uploads\/2024\/12\/Jeremy-Zgrzebski_Gruene-400x267.jpg 400w, https:\/\/gruene-emsland.de\/wp-content\/uploads\/2024\/12\/Jeremy-Zgrzebski_Gruene-768x512.jpg 768w, https:\/\/gruene-emsland.de\/wp-content\/uploads\/2024\/12\/Jeremy-Zgrzebski_Gruene-1536x1024.jpg 1536w, https:\/\/gruene-emsland.de\/wp-content\/uploads\/2024\/12\/Jeremy-Zgrzebski_Gruene-2048x1366.jpg 2048w, https:\/\/gruene-emsland.de\/wp-content\/uploads\/2024\/12\/Jeremy-Zgrzebski_Gruene-150x100.jpg 150w\" sizes=\"auto, (max-width: 800px) 100vw, 800px\" \/><\/figure>\n\n\n\n<p>Bildunterschrift: Jeremy Zgrzebski ist Kandidat der Gr\u00fcnen im Wahlkreis Mittelems<br>Bildquelle: DIE GR\u00dcNEN<br>Kontakt f\u00fcr die Presse:<br>B\u00dcNDNIS 90\/DIE GR\u00dcNEN<br>Ortsverband Emsland Mitte<br>Theresa Gothe<\/p>\n\n\n\n<p>Kontakt Jeremy:<br>mail@jeremy-zgrzebski.de<\/p>\n","protected":false},"excerpt":{"rendered":"<p>Direktkandidat von B\u00dcNDNIS 90\/DIE GR\u00dcNEN im Wahlkreis Mittelems f\u00fcr die Bundestagswahl2025 gew\u00e4hlt Meppen, 12. Dezember 2024 \u2013 Auf der gestrigen Aufstellungsveranstaltung im LudwigWindthorst Haus in Lingen wurde Jeremy Zgrzebski als [&hellip;]<\/p>\n","protected":false},"author":-1,"featured_media":574,"comment_status":"closed","ping_status":"open","sticky":false,"template":"","format":"standard","meta":{"footnotes":""},"categories":[1],"tags":[],"class_list":["post-573","post","type-post","status-publish","format-standard","has-post-thumbnail","hentry","category-uncategorized"],"_links":{"self":[{"href":"https:\/\/gruene-emsland.de\/index.php?rest_route=\/wp\/v2\/posts\/573","targetHints":{"allow":["GET"]}}],"collection":[{"href":"https:\/\/gruene-emsland.de\/index.php?rest_route=\/wp\/v2\/posts"}],"about":[{"href":"https:\/\/gruene-emsland.de\/index.php?rest_route=\/wp\/v2\/types\/post"}],"author":[{"embeddable":true,"href":"https:\/\/gruene-emsland.de\/index.php?rest_route=\/wp\/v2\/users\/1"}],"replies":[{"embeddable":true,"href":"https:\/\/gruene-emsland.de\/index.php?rest_route=%2Fwp%2Fv2%2Fcomments&post=573"}],"version-history":[{"count":2,"href":"https:\/\/gruene-emsland.de\/index.php?rest_route=\/wp\/v2\/posts\/573\/revisions"}],"predecessor-version":[{"id":587,"href":"https:\/\/gruene-emsland.de\/index.php?rest_route=\/wp\/v2\/posts\/573\/revisions\/587"}],"wp:featuredmedia":[{"embeddable":true,"href":"https:\/\/gruene-emsland.de\/index.php?rest_route=\/wp\/v2\/media\/574"}],"wp:attachment":[{"href":"https:\/\/gruene-emsland.de\/index.php?rest_route=%2Fwp%2Fv2%2Fmedia&parent=573"}],"wp:term":[{"taxonomy":"category","embeddable":true,"href":"https:\/\/gruene-emsland.de\/index.php?rest_route=%2Fwp%2Fv2%2Fcategories&post=573"},{"taxonomy":"post_tag","embeddable":true,"href":"https:\/\/gruene-emsland.de\/index.php?rest_route=%2Fwp%2Fv2%2Ftags&post=573"}],"curies":[{"name":"wp","href":"https:\/\/api.w.org\/{rel}","templated":true}]}}