{"id":568,"date":"2024-12-05T14:51:08","date_gmt":"2024-12-05T14:51:08","guid":{"rendered":"https:\/\/gruene-emsland.de\/?p=568"},"modified":"2025-01-22T17:49:06","modified_gmt":"2025-01-22T17:49:06","slug":"klausurtagung-der-kreistagsfraktion-buendnis-90-die-gruenen-emsland","status":"publish","type":"post","link":"https:\/\/gruene-emsland.de\/?p=568","title":{"rendered":"Klausurtagung der Kreistagsfraktion B\u00fcndnis 90 \/ Die Gr\u00fcnen Emsland"},"content":{"rendered":"\n<p>Pressemitteilung<br>Klausurtagung der Kreistagsfraktion B\u00fcndnis 90 \/ Die Gr\u00fcnen Emsland<br><br>Die Kreistagsfraktion B\u00fcndnis 90 \/ Die Gr\u00fcnen des Emslands kam zu ihrer diesj\u00e4hrigen Klausurtagung in den R\u00e4umlichkeiten des Kubus Tagungshauses in Rheine \/ Bentlage zusammen. Ziel der zweit\u00e4gigen Sitzung war es, im Hinblick auf die Haushaltsplanungen des Landkreises f\u00fcr das Jahr 2025 Verbesserungsvorschl\u00e4ge zusammenzutragen, zu diskutieren und als Antr\u00e4ge zum Haushalt an den Landkreis zu stellen.<br>Besondere Schwerpunkte setzen die Mitglieder der Gr\u00fcnenfraktion bei der Jugend und den KiTas, aber vor allem lagen den Kommunalpolitker*innen Themen rund um den Umweltschutz und den Klimawandel am Herzen. Gerade die Neuinanspruchnahme von Fl\u00e4chen stellt eine besondere Herausforderung dar. Diese soll lauf Ziel der Bundesregierung bis zum Jahre 2050 bei \u201eNetto-Null\u201c liegen, war jedoch 2021 noch bei rund 55 Hektar pro Tag. Immer wieder werden Bau- oder Gewerbegebiete im Emsland neu ausgewiesen und somit versiegelt. Die Fraktion sieht im Hinblick auf Klimawandel, Hochwasser, Hitzeschutz und Schutz von Natur und Umwelt den Bedarf einer nachhaltigeren Herangehensweise.<br>Als weiteres Thema nahmen die Herausforderungen in Bezug auf das Wohnen im Alter und den Pflegenotstand im Emsland einen gro\u00dfen Raum ein. Dabei r\u00fcckten die Kommunalpolitiker*innen die F\u00f6rderung alternativer Wohnprojekte und Best-Practice-Beispiele in den n\u00e4heren Fokus und schrieben sich diesbez\u00fcglich weitere .Des Weiteren erfolgte im Rahmen der Tagung ein Gespr\u00e4ch mit anschlie\u00dfender Werksbesichtigung beim Windenergieanlagenbauer GE Vernova in Salzbergen. An dem Austausch zum Thema \u201eWindenergiepotential im Emsland\u201c nahmen die Abgeordneten Marie Kollenrott,&nbsp;energie- und klimapolitische Sprecherin sowie Nicolas Breer, Sprecher f\u00fcr Arbeit der Gr\u00fcnen Landtagsfraktion&nbsp;teil.<\/p>\n","protected":false},"excerpt":{"rendered":"<p>PressemitteilungKlausurtagung der Kreistagsfraktion B\u00fcndnis 90 \/ Die Gr\u00fcnen Emsland Die Kreistagsfraktion B\u00fcndnis 90 \/ Die Gr\u00fcnen des Emslands kam zu ihrer diesj\u00e4hrigen Klausurtagung in den R\u00e4umlichkeiten des Kubus Tagungshauses in [&hellip;]<\/p>\n","protected":false},"author":-1,"featured_media":569,"comment_status":"closed","ping_status":"open","sticky":false,"template":"","format":"standard","meta":{"footnotes":""},"categories":[41],"tags":[64,53,39],"class_list":["post-568","post","type-post","status-publish","format-standard","has-post-thumbnail","hentry","category-kreistagsfraktion","tag-klausurtagung","tag-kreistagsfraktion","tag-pressemitteilung"],"_links":{"self":[{"href":"https:\/\/gruene-emsland.de\/index.php?rest_route=\/wp\/v2\/posts\/568","targetHints":{"allow":["GET"]}}],"collection":[{"href":"https:\/\/gruene-emsland.de\/index.php?rest_route=\/wp\/v2\/posts"}],"about":[{"href":"https:\/\/gruene-emsland.de\/index.php?rest_route=\/wp\/v2\/types\/post"}],"author":[{"embeddable":true,"href":"https:\/\/gruene-emsland.de\/index.php?rest_route=\/wp\/v2\/users\/1"}],"replies":[{"embeddable":true,"href":"https:\/\/gruene-emsland.de\/index.php?rest_route=%2Fwp%2Fv2%2Fcomments&post=568"}],"version-history":[{"count":1,"href":"https:\/\/gruene-emsland.de\/index.php?rest_route=\/wp\/v2\/posts\/568\/revisions"}],"predecessor-version":[{"id":570,"href":"https:\/\/gruene-emsland.de\/index.php?rest_route=\/wp\/v2\/posts\/568\/revisions\/570"}],"wp:featuredmedia":[{"embeddable":true,"href":"https:\/\/gruene-emsland.de\/index.php?rest_route=\/wp\/v2\/media\/569"}],"wp:attachment":[{"href":"https:\/\/gruene-emsland.de\/index.php?rest_route=%2Fwp%2Fv2%2Fmedia&parent=568"}],"wp:term":[{"taxonomy":"category","embeddable":true,"href":"https:\/\/gruene-emsland.de\/index.php?rest_route=%2Fwp%2Fv2%2Fcategories&post=568"},{"taxonomy":"post_tag","embeddable":true,"href":"https:\/\/gruene-emsland.de\/index.php?rest_route=%2Fwp%2Fv2%2Ftags&post=568"}],"curies":[{"name":"wp","href":"https:\/\/api.w.org\/{rel}","templated":true}]}}