{"id":565,"date":"2024-12-05T14:48:44","date_gmt":"2024-12-05T14:48:44","guid":{"rendered":"https:\/\/gruene-emsland.de\/?p=565"},"modified":"2025-01-22T17:50:20","modified_gmt":"2025-01-22T17:50:20","slug":"innovationskraft-und-herausforderungen-der-windenergie-mdl","status":"publish","type":"post","link":"https:\/\/gruene-emsland.de\/?p=565","title":{"rendered":"Innovationskraft und Herausforderungen der Windenergie: MdL"},"content":{"rendered":"\n<p><br>Nicolas Breer besucht GE Vernova in Salzbergen<br>Emsland, 15.11.2024 \u2013 Im Rahmen einer Besichtigung der Fertigung von Windenergieanlagen<br>in Salzbergen verschaffte sich Nicolas Breer, Abgeordneter der Gr\u00fcnen Fraktion im<br>Nieders\u00e4chsischen Landtag, zusammen mit der Gr\u00fcnen Kreistagsfraktion Emsland einen<br>Einblick in die aktuelle Entwicklung und Produktion von Windkraftanlagen bei GE Vernova in<br>Salzbergen.<br>W\u00e4hrend des Besuchs fand ein konstruktiver Austausch mit Vertretern der Gesch\u00e4ftsf\u00fchrung des<br>Unternehmens statt. Im Fokus des Gespr\u00e4chs standen die Entwicklung des Unternehmens am<br>Standort Salzbergen sowie die Produktentwicklung.<br>Vertreter von GE Vernova sprachen unter anderem Herausforderungen an, die insbesondere die<br>Infrastruktur betreffen. Oftmals stellt der Transport von Windkraftanlagen aufgrund<br>unzureichender Br\u00fcckeninfrastruktur ein Problem dar, da Umwege von hunderten Kilometern in<br>Kauf genommen werden m\u00fcssen. Zudem wurde die zeitintensive Bearbeitung von Transport-<br>und Baugenehmigungen thematisiert, welche den Fortschritt unn\u00f6tig verz\u00f6gern.<br>Marie Kollenrott, energiepolitische Sprecherin der Gr\u00fcnen im Nieders\u00e4chsischen Landtag, nahm<br>digital am Gespr\u00e4ch teil und unterstrich die Bedeutung einer engen Zusammenarbeit zwischen<br>Politik und Unternehmen. Sie verwies auf das \u201eNieders\u00e4chsische Gesetz \u00fcber die Beteiligung<br>von Kommunen und Bev\u00f6lkerung an der Wertsch\u00f6pfung von Windenergie- und<br>Photovoltaikanlagen\u201c. \u201eDer Dialog mit der Industrie ist entscheidend, um die Energiewende<br>erfolgreich und nachhaltig zu gestalten\u201c, betonte Kollenrott. \u201eGE ist ein wichtiger Produzent<br>von Windenergieanlagen und ein ebenso wichtiger Arbeitgeber\u201c.<br>Beide Seiten waren sich einig, dass eine enge Abstimmung notwendig ist, um die vorgegebenen<br>Ziele im Bereich der Windenergie zu erreichen. Dimitri Schneider, Gesch\u00e4ftsf\u00fchrer des Bereichs<br>Onshore Wind von GE Vernova in Deutschland, unterstrich in seiner internen Kommunikation an<br>die Belegschaft die Bedeutung des Treffens und sicherte zu, in naher Zukunft weitere Gespr\u00e4che<br>auf nieders\u00e4chsischer Landesebene zu f\u00fchren, um die Herausforderungen der Energiewende zu<br>meistern.<br>Im Anschluss an das Gespr\u00e4ch besichtigen der Abgeordnete und die Kreistagsfraktion die<br>Fertigung der Windenergieanlagen.<br> <\/p>\n","protected":false},"excerpt":{"rendered":"<p>Nicolas Breer besucht GE Vernova in SalzbergenEmsland, 15.11.2024 \u2013 Im Rahmen einer Besichtigung der Fertigung von Windenergieanlagenin Salzbergen verschaffte sich Nicolas Breer, Abgeordneter der Gr\u00fcnen Fraktion imNieders\u00e4chsischen Landtag, zusammen mit [&hellip;]<\/p>\n","protected":false},"author":-1,"featured_media":566,"comment_status":"closed","ping_status":"open","sticky":false,"template":"","format":"standard","meta":{"footnotes":""},"categories":[4],"tags":[66,53,39,65],"class_list":["post-565","post","type-post","status-publish","format-standard","has-post-thumbnail","hentry","category-emsland","tag-breer","tag-kreistagsfraktion","tag-pressemitteilung","tag-windenergie"],"_links":{"self":[{"href":"https:\/\/gruene-emsland.de\/index.php?rest_route=\/wp\/v2\/posts\/565","targetHints":{"allow":["GET"]}}],"collection":[{"href":"https:\/\/gruene-emsland.de\/index.php?rest_route=\/wp\/v2\/posts"}],"about":[{"href":"https:\/\/gruene-emsland.de\/index.php?rest_route=\/wp\/v2\/types\/post"}],"author":[{"embeddable":true,"href":"https:\/\/gruene-emsland.de\/index.php?rest_route=\/wp\/v2\/users\/1"}],"replies":[{"embeddable":true,"href":"https:\/\/gruene-emsland.de\/index.php?rest_route=%2Fwp%2Fv2%2Fcomments&post=565"}],"version-history":[{"count":1,"href":"https:\/\/gruene-emsland.de\/index.php?rest_route=\/wp\/v2\/posts\/565\/revisions"}],"predecessor-version":[{"id":567,"href":"https:\/\/gruene-emsland.de\/index.php?rest_route=\/wp\/v2\/posts\/565\/revisions\/567"}],"wp:featuredmedia":[{"embeddable":true,"href":"https:\/\/gruene-emsland.de\/index.php?rest_route=\/wp\/v2\/media\/566"}],"wp:attachment":[{"href":"https:\/\/gruene-emsland.de\/index.php?rest_route=%2Fwp%2Fv2%2Fmedia&parent=565"}],"wp:term":[{"taxonomy":"category","embeddable":true,"href":"https:\/\/gruene-emsland.de\/index.php?rest_route=%2Fwp%2Fv2%2Fcategories&post=565"},{"taxonomy":"post_tag","embeddable":true,"href":"https:\/\/gruene-emsland.de\/index.php?rest_route=%2Fwp%2Fv2%2Ftags&post=565"}],"curies":[{"name":"wp","href":"https:\/\/api.w.org\/{rel}","templated":true}]}}