{"id":546,"date":"2024-08-18T13:49:53","date_gmt":"2024-08-18T13:49:53","guid":{"rendered":"https:\/\/gruene-emsland.de\/?p=546"},"modified":"2024-08-18T20:18:43","modified_gmt":"2024-08-18T20:18:43","slug":"neuer-vorstand-des-kreisverbandes-emsland-der-gruenen-trifft-sich-zur-zukunftsgestaltung-im-woehlehof","status":"publish","type":"post","link":"https:\/\/gruene-emsland.de\/?p=546","title":{"rendered":"Neuer Vorstand des Kreisverbandes Emsland der Gr\u00fcnen trifft sich zur Zukunftsgestaltung im W\u00f6hlehof"},"content":{"rendered":"\n<p>Spelle, 17. August 2024 \u2013 Am vergangenen Samstag traf sich der neu gew\u00e4hlte Vorstand des Kreisverbandes Emsland der Gr\u00fcnen im W\u00f6hlehof in Spelle, um sich einen ganzen Tag lang intensiv mit der zuk\u00fcnftigen Ausrichtung des Verbandes zu besch\u00e4ftigen. In konstruktiven und angeregten Gespr\u00e4chen wurden zahlreiche innovative Ans\u00e4tze entwickelt, die in den kommenden Wochen weiter konkretisiert werden sollen.<\/p>\n\n\n\n<p>Der Tag stand ganz im Zeichen des Austausches und der strategischen Planung. Die Vorstandsmitglieder nutzten die Gelegenheit, um Ideen f\u00fcr die zuk\u00fcnftige politische Arbeit des Kreisverbandes zu sammeln und gemeinsam an einem klaren Profil f\u00fcr die kommenden Jahre zu arbeiten. Im Mittelpunkt standen Themen wie nachhaltige Entwicklung, Schaffung von neuen Angeboten und eine st\u00e4rkere Vernetzung des Kreisverbandes auch \u00fcber dessen Grenzen hinaus.<\/p>\n\n\n\n<p>\u201eEs war ein \u00e4u\u00dferst produktiver Tag. Wir konnten nicht nur viele neue Ideen entwickeln, sondern auch eine starke Vision f\u00fcr die Zukunft unseres Kreisverbandes formulieren,\u201c so Hannah Thomann, Sprecherin des Vorstands. \u201eJetzt geht es darum, diese Ans\u00e4tze weiter auszuarbeiten und gemeinsam mit unseren Mitgliedern zu diskutieren und umzusetzen.\u201c<\/p>\n\n\n\n<p>Die Ergebnisse des Treffens sollen in den kommenden Wochen den Mitgliedern des Kreisverbandes vorgestellt werden, um gemeinsam an der Umsetzung der entwickelten Strategien zu arbeiten.<br><br><\/p>\n\n\n\n<figure class=\"wp-block-image size-large is-resized\"><img loading=\"lazy\" decoding=\"async\" width=\"800\" height=\"600\" src=\"https:\/\/gruene-emsland.de\/wp-content\/uploads\/2024\/08\/f3a9b278-96e3-4d34-b1aa-184ad8c89a63-800x600.jpg\" alt=\"\" class=\"wp-image-547\" style=\"width:840px;height:auto\" srcset=\"https:\/\/gruene-emsland.de\/wp-content\/uploads\/2024\/08\/f3a9b278-96e3-4d34-b1aa-184ad8c89a63-800x600.jpg 800w, https:\/\/gruene-emsland.de\/wp-content\/uploads\/2024\/08\/f3a9b278-96e3-4d34-b1aa-184ad8c89a63-400x300.jpg 400w, https:\/\/gruene-emsland.de\/wp-content\/uploads\/2024\/08\/f3a9b278-96e3-4d34-b1aa-184ad8c89a63-768x576.jpg 768w, https:\/\/gruene-emsland.de\/wp-content\/uploads\/2024\/08\/f3a9b278-96e3-4d34-b1aa-184ad8c89a63-1536x1152.jpg 1536w, https:\/\/gruene-emsland.de\/wp-content\/uploads\/2024\/08\/f3a9b278-96e3-4d34-b1aa-184ad8c89a63-150x113.jpg 150w, https:\/\/gruene-emsland.de\/wp-content\/uploads\/2024\/08\/f3a9b278-96e3-4d34-b1aa-184ad8c89a63.jpg 1600w\" sizes=\"auto, (max-width: 800px) 100vw, 800px\" \/><\/figure>\n\n\n\n<p>V.l.n.r.: Ralf Nehe (Papenburg), Klemens Grolle (Spelle), Heiko Luebben (Meppen), Theresa Gothe (Meppen), Hannah Thomann (Surwold), Anna Hanses (Haren), Martina Markus (Meppen)<\/p>\n","protected":false},"excerpt":{"rendered":"<p>Spelle, 17. August 2024 \u2013 Am vergangenen Samstag traf sich der neu gew\u00e4hlte Vorstand des Kreisverbandes Emsland der Gr\u00fcnen im W\u00f6hlehof in Spelle, um sich einen ganzen Tag lang intensiv [&hellip;]<\/p>\n","protected":false},"author":-1,"featured_media":547,"comment_status":"closed","ping_status":"open","sticky":false,"template":"","format":"standard","meta":{"footnotes":""},"categories":[1],"tags":[],"class_list":["post-546","post","type-post","status-publish","format-standard","has-post-thumbnail","hentry","category-uncategorized"],"_links":{"self":[{"href":"https:\/\/gruene-emsland.de\/index.php?rest_route=\/wp\/v2\/posts\/546","targetHints":{"allow":["GET"]}}],"collection":[{"href":"https:\/\/gruene-emsland.de\/index.php?rest_route=\/wp\/v2\/posts"}],"about":[{"href":"https:\/\/gruene-emsland.de\/index.php?rest_route=\/wp\/v2\/types\/post"}],"author":[{"embeddable":true,"href":"https:\/\/gruene-emsland.de\/index.php?rest_route=\/wp\/v2\/users\/1"}],"replies":[{"embeddable":true,"href":"https:\/\/gruene-emsland.de\/index.php?rest_route=%2Fwp%2Fv2%2Fcomments&post=546"}],"version-history":[{"count":2,"href":"https:\/\/gruene-emsland.de\/index.php?rest_route=\/wp\/v2\/posts\/546\/revisions"}],"predecessor-version":[{"id":549,"href":"https:\/\/gruene-emsland.de\/index.php?rest_route=\/wp\/v2\/posts\/546\/revisions\/549"}],"wp:featuredmedia":[{"embeddable":true,"href":"https:\/\/gruene-emsland.de\/index.php?rest_route=\/wp\/v2\/media\/547"}],"wp:attachment":[{"href":"https:\/\/gruene-emsland.de\/index.php?rest_route=%2Fwp%2Fv2%2Fmedia&parent=546"}],"wp:term":[{"taxonomy":"category","embeddable":true,"href":"https:\/\/gruene-emsland.de\/index.php?rest_route=%2Fwp%2Fv2%2Fcategories&post=546"},{"taxonomy":"post_tag","embeddable":true,"href":"https:\/\/gruene-emsland.de\/index.php?rest_route=%2Fwp%2Fv2%2Ftags&post=546"}],"curies":[{"name":"wp","href":"https:\/\/api.w.org\/{rel}","templated":true}]}}