{"id":537,"date":"2024-08-07T09:29:13","date_gmt":"2024-08-07T09:29:13","guid":{"rendered":"https:\/\/gruene-emsland.de\/?p=537"},"modified":"2024-08-08T14:45:54","modified_gmt":"2024-08-08T14:45:54","slug":"kreisverband-emsland-verurteilt-geplante-gasbohrungen-vor-borkum-und-warnt-vor-gefaehrdung-des-unesco-weltnaturerbes","status":"publish","type":"post","link":"https:\/\/gruene-emsland.de\/?p=537","title":{"rendered":"Kreisverband Emsland verurteilt geplante Gasbohrungen vor Borkum und warnt vor Gef\u00e4hrdung des UNESCO-Weltnaturerbes"},"content":{"rendered":"\n<p><br>Papenburg, 6. August 2024 \u2013 Der Kreisverband Emsland von B\u00fcndnis 90\/Die Gr\u00fcnen spricht sich entschieden gegen die geplanten Gasbohrungen vor der K\u00fcste Borkums aus. Die Bohrungen stellen eine erhebliche Gefahr f\u00fcr das empfindliche \u00d6kosystem des Wattenmeers dar, das von der UNESCO als Weltnaturerbe anerkannt ist.<br>\u201eDas Wattenmeer ist nicht nur ein einzigartiger Lebensraum f\u00fcr zahlreiche Tier- und Pflanzenarten, sondern auch ein unverzichtbares Erbe, das wir f\u00fcr zuk\u00fcnftige Generationen bewahren m\u00fcssen,&#8220; betont Anna Hanses, Mitglied des Vorstands des Kreisverbandes Emsland. \u201eDie geplanten Gasbohrungen gef\u00e4hrden dieses fragile \u00d6kosystem und sind ein unverantwortliches Risiko.&#8220; Au\u00dferdem ist es in diesen Zeiten nicht mehr hinnehmbar, neue F\u00f6rderprojekte f\u00fcr Gas zu starten. Um die Pariser Klimaziele einzuhalten, ben\u00f6tigen wir eine komplette Abkehr von fossilen Brennstoffen \u2013 also auch von fossilem Gas.<br>Die K\u00fcstenregion und insbesondere die Insel Borkum ziehen j\u00e4hrlich zahlreiche Besucherinnen an, die die unber\u00fchrte Natur und die einzigartige Landschaft sch\u00e4tzen. Diese Bohrvorhaben k\u00f6nnten nicht nur das \u00f6kologische Gleichgewicht st\u00f6ren, sondern auch den Tourismus und die Lebensqualit\u00e4t der Inselbewohnerinnen nachhaltig beeintr\u00e4chtigen.<br>&#8222;Wir fordern die Verantwortlichen auf, dieses Vorhaben sofort zu stoppen und alternative, nachhaltigere L\u00f6sungen zur Energiegewinnung in Betracht zu ziehen,&#8220; erkl\u00e4rt Ralf Nehe, ebenfalls Mitglied des Vorstands des Kreisverbandes Emsland. \u201eEs gibt umfangreiche wissenschaftliche Studien, die zeigen, dass solche Eingriffe katastrophale Folgen f\u00fcr das Wattenmeer und seine Bewohner<em>innen haben k\u00f6nnen.&#8220; Der Kreisverband Emsland fordert von den Verantwortlichen, das Vorhaben zu stoppen. Und appelliert gleichzeitig an die B\u00fcrger<\/em>innen, sich gegen die geplanten Gasbohrungen zu stellen und sich aktiv f\u00fcr den Schutz unseres Weltnaturerbes einzusetzen. Eine nachhaltige und umweltfreundliche Energiepolitik ist der Schl\u00fcssel zu einer sicheren Zukunft \u2013 sowohl f\u00fcr die Natur als auch f\u00fcr uns Menschen.<\/p>\n\n\n\n<figure class=\"wp-block-image size-large\"><img decoding=\"async\" src=\"https:\/\/gruene-emsland.de\/wp-content\/uploads\/2024\/08\/1495a0b8-d1fe-4e82-b374-be9f05fc9324-800x800.jpg\" alt=\"\" class=\"wp-image-538\"\/><\/figure>\n","protected":false},"excerpt":{"rendered":"<p>Papenburg, 6. August 2024 \u2013 Der Kreisverband Emsland von B\u00fcndnis 90\/Die Gr\u00fcnen spricht sich entschieden gegen die geplanten Gasbohrungen vor der K\u00fcste Borkums aus. Die Bohrungen stellen eine erhebliche Gefahr [&hellip;]<\/p>\n","protected":false},"author":-1,"featured_media":0,"comment_status":"closed","ping_status":"open","sticky":false,"template":"","format":"standard","meta":{"footnotes":""},"categories":[1],"tags":[],"class_list":["post-537","post","type-post","status-publish","format-standard","hentry","category-uncategorized"],"_links":{"self":[{"href":"https:\/\/gruene-emsland.de\/index.php?rest_route=\/wp\/v2\/posts\/537","targetHints":{"allow":["GET"]}}],"collection":[{"href":"https:\/\/gruene-emsland.de\/index.php?rest_route=\/wp\/v2\/posts"}],"about":[{"href":"https:\/\/gruene-emsland.de\/index.php?rest_route=\/wp\/v2\/types\/post"}],"author":[{"embeddable":true,"href":"https:\/\/gruene-emsland.de\/index.php?rest_route=\/wp\/v2\/users\/1"}],"replies":[{"embeddable":true,"href":"https:\/\/gruene-emsland.de\/index.php?rest_route=%2Fwp%2Fv2%2Fcomments&post=537"}],"version-history":[{"count":2,"href":"https:\/\/gruene-emsland.de\/index.php?rest_route=\/wp\/v2\/posts\/537\/revisions"}],"predecessor-version":[{"id":541,"href":"https:\/\/gruene-emsland.de\/index.php?rest_route=\/wp\/v2\/posts\/537\/revisions\/541"}],"wp:attachment":[{"href":"https:\/\/gruene-emsland.de\/index.php?rest_route=%2Fwp%2Fv2%2Fmedia&parent=537"}],"wp:term":[{"taxonomy":"category","embeddable":true,"href":"https:\/\/gruene-emsland.de\/index.php?rest_route=%2Fwp%2Fv2%2Fcategories&post=537"},{"taxonomy":"post_tag","embeddable":true,"href":"https:\/\/gruene-emsland.de\/index.php?rest_route=%2Fwp%2Fv2%2Ftags&post=537"}],"curies":[{"name":"wp","href":"https:\/\/api.w.org\/{rel}","templated":true}]}}