{"id":533,"date":"2024-08-05T17:12:23","date_gmt":"2024-08-05T17:12:23","guid":{"rendered":"https:\/\/gruene-emsland.de\/?p=533"},"modified":"2024-08-05T17:12:23","modified_gmt":"2024-08-05T17:12:23","slug":"wtd-91-meppen","status":"publish","type":"post","link":"https:\/\/gruene-emsland.de\/?p=533","title":{"rendered":"WTD 91 &#8211; Meppen"},"content":{"rendered":"\n<p>Die Kreistagsfraktion der Gr\u00fcnen im Emsland sieht die Situation auf der WTD 91 nach dem gro\u00dfen Brand wegen der damit verbundenen gro\u00dfen Umweltsch\u00e4den nach wie vor kritisch.<\/p>\n\n\n\n<p>Zwar wurden zwischenzeitlich viele Pr\u00e4ventivma\u00dfnahmen realisiert um den Brandschutz beim Schie\u00dfbetrieb zu verbessern. Aber ein gewisses Risiko verbleibt aufgrund der komplizierten Randbedingungen, weil nach wie viele Munitionsreste vorhanden sind und zuk\u00fcnftig weiterhin D\u00fcrreperioden zu erwarten sind.<\/p>\n\n\n\n<p>Die Ma\u00dfnahmen zur Behebung der entstandenen Sch\u00e4den im Bereich der Natur sind aus unserer Sicht viel zu z\u00f6gerlich angegangen worden. Dies wurde in der Sitzung des Ausschusses f\u00fcr Umwelt und Natur des Kreises Emsland vom 01.03.23 deutlich. Auf Frage von Gr\u00fcnen Ausschussmitglied Klemens Grolle warum man 4 Jahre gebraucht habe, um das vorgestellte Konzept zu entwickeln, antwortete Herr Spath vom Bundesamt f\u00fcr Infrastruktur, Umweltschutz und Dienstleistungen der Bundeswehr (BAIUDBw), dass zun\u00e4chst Experten hinzugezogen werden mussten. Au\u00dferdem wurde das NLWKN und der Landkreis eingebunden. Mit der Situation sei man auch schlichtweg zun\u00e4chst \u00fcberfordert gewesen.<\/p>\n\n\n\n<p>Die Ma\u00dfnahmen, die aktuell durchgef\u00fchrt werden, um die entstandenen Sch\u00e4den zu beheben, sind aus unserer Sicht keineswegs hinreichend. Der immense Birken- und Pappelaufschlag kann nur sehr langsam mit den angeschafften Maschinen beseitigt werden, weil Munitionsreste entsorgt werden m\u00fcssen und die Arbeiten immer wieder unterbrochen werden m\u00fcssen (wie. z.B. zu hohe Wasserst\u00e4nde, Brut-und Setzzeiten, Schie\u00dfbetrieb).<\/p>\n\n\n\n<p>Eine notwendige und effektive Ma\u00dfnahme um die allgemeine Situation des Moores (auch in der Funktion als CO2 &#8211; Senke) wesentlich zu verbessern und um insbesondere dem Birken- und Pappelaufschlag nachhaltig entgegen zu wirken, ist die weitestgehende Wiedervern\u00e4ssung der betroffenen Fl\u00e4chen.<br>Damit sind auch Kosten f\u00fcr den Erwerb von Fl\u00e4chen verbunden. Zum Erwerb dieser Fl\u00e4chen k\u00f6nnten aus unserer Sicht auch die Mittel f\u00fcr Kompensationsma\u00dfnahmen, die beim Ausbau der Windkraft notwendig sind, verwendet werden.<\/p>\n","protected":false},"excerpt":{"rendered":"<p>Die Kreistagsfraktion der Gr\u00fcnen im Emsland sieht die Situation auf der WTD 91 nach dem gro\u00dfen Brand wegen der damit verbundenen gro\u00dfen Umweltsch\u00e4den nach wie vor kritisch. Zwar wurden zwischenzeitlich [&hellip;]<\/p>\n","protected":false},"author":-1,"featured_media":534,"comment_status":"closed","ping_status":"open","sticky":false,"template":"","format":"standard","meta":{"footnotes":""},"categories":[41],"tags":[],"class_list":["post-533","post","type-post","status-publish","format-standard","has-post-thumbnail","hentry","category-kreistagsfraktion"],"_links":{"self":[{"href":"https:\/\/gruene-emsland.de\/index.php?rest_route=\/wp\/v2\/posts\/533","targetHints":{"allow":["GET"]}}],"collection":[{"href":"https:\/\/gruene-emsland.de\/index.php?rest_route=\/wp\/v2\/posts"}],"about":[{"href":"https:\/\/gruene-emsland.de\/index.php?rest_route=\/wp\/v2\/types\/post"}],"author":[{"embeddable":true,"href":"https:\/\/gruene-emsland.de\/index.php?rest_route=\/wp\/v2\/users\/1"}],"replies":[{"embeddable":true,"href":"https:\/\/gruene-emsland.de\/index.php?rest_route=%2Fwp%2Fv2%2Fcomments&post=533"}],"version-history":[{"count":1,"href":"https:\/\/gruene-emsland.de\/index.php?rest_route=\/wp\/v2\/posts\/533\/revisions"}],"predecessor-version":[{"id":535,"href":"https:\/\/gruene-emsland.de\/index.php?rest_route=\/wp\/v2\/posts\/533\/revisions\/535"}],"wp:featuredmedia":[{"embeddable":true,"href":"https:\/\/gruene-emsland.de\/index.php?rest_route=\/wp\/v2\/media\/534"}],"wp:attachment":[{"href":"https:\/\/gruene-emsland.de\/index.php?rest_route=%2Fwp%2Fv2%2Fmedia&parent=533"}],"wp:term":[{"taxonomy":"category","embeddable":true,"href":"https:\/\/gruene-emsland.de\/index.php?rest_route=%2Fwp%2Fv2%2Fcategories&post=533"},{"taxonomy":"post_tag","embeddable":true,"href":"https:\/\/gruene-emsland.de\/index.php?rest_route=%2Fwp%2Fv2%2Ftags&post=533"}],"curies":[{"name":"wp","href":"https:\/\/api.w.org\/{rel}","templated":true}]}}