{"id":478,"date":"2024-05-23T16:46:02","date_gmt":"2024-05-23T16:46:02","guid":{"rendered":"https:\/\/gruene-emsland.de\/?p=478"},"modified":"2024-05-27T11:17:33","modified_gmt":"2024-05-27T11:17:33","slug":"neuer-vorstand-der-gruenen-im-emsland","status":"publish","type":"post","link":"https:\/\/gruene-emsland.de\/?p=478","title":{"rendered":"Neuer Vorstand der Gr\u00fcnen im Emsland"},"content":{"rendered":"\n<p>PRESSEMITTEILUNG<br><br><strong>Neuer Vorstand der Gr\u00fcnen im Emsland<\/strong><br><br><strong>Mitgliederzahl kontinuierlich gewachsen<\/strong><br>Meppen\/Lingen\/Papenburg 23.05.2024 &#8211; Der Kreisverband Emsland von B\u00fcndnis 90\/Die<br>Gr\u00fcnen hat in Lingen seinen neu gew\u00e4hlten Vorstand pr\u00e4sentiert. Neben der amtierenden<br>Vorstandssprecherin Hannah Thomann aus Surwold, wurde Theresa Gothe aus Meppen auf<br>der Kreismitgliederversammlung am 21. Mai 2024 zur Sprecherin des Kreisverbands<br>gew\u00e4hlt.<br>Die Beisitzer Heiko L\u00fcbben aus Meppen und Ralf Nehe aus Papenburg wurden in ihren<br>\u00c4mtern best\u00e4tigt. Neu gew\u00e4hlt wurden Anna Hanses aus Haren als Beisitzerin und Klemens<br>Grolle aus Spelle als Beisitzer. Das Amt der Kassiererin wird fortgef\u00fchrt von Martina Markus<br>aus Meppen.<\/p>\n\n\n\n<p><br>Der Kreisverband Emsland der Gr\u00fcnen verzeichnet seit Anfang des Jahres ein<br>Mitgliederwachstum von rund 12 Prozent. Vorstandssprecherin Hannah Thomann dazu:<br>\u201eWir sehen uns best\u00e4tigt, dass Gr\u00fcne Politik gerade in diesen Zeiten gebraucht wird. Es gibt<br>zahlreiche M\u00f6glichkeiten, sich bei uns Gr\u00fcnen zu engagieren und einzubringen. Viele<br>unserer Mitglieder trifft man in den n\u00e4chsten Wochen auch an den Wahlkampfst\u00e4nden zur<br>kommenden Europawahl am 9. Juni. Bei dieser Wahl geht es um Frieden und Wohlstand in<br>Europa.\u201c Theresa Gothe erg\u00e4nzt: \u201eWir freuen uns sehr, dass alle Regionen des Emslands im<br>neuen Vorstand vertreten sind. Wir werden uns zusammen mit unseren<br>Mandatstr\u00e4ger:innen f\u00fcr eine klimaneutrale, gerechte und zukunftsweisende Politik in der<br>Region einsetzen.\u201c<\/p>\n\n\n\n<p><br>Alaa Alhamwi, Landesvorsitzender der Gr\u00fcnen Niedersachsen, war ebenfalls bei der<br>Kreismitgliederversammlung anwesend und sagt: \u201eIch gratuliere dem neuen Vorstand sehr<br>herzlich und freue mich auf eine gute Zusammenarbeit. Fl\u00e4chenm\u00e4\u00dfig ist das Emsland der<br>gr\u00f6\u00dfte Kreisverband in Niedersachsen mit viel Potenzial f\u00fcr die Erzeugung von gr\u00fcnem<br>Wasserstoff und gr\u00fcnem Strom. Deswegen freut es mich, dass sich unsere Gr\u00fcnen<br>Kommunalpolitiker*innen vor Ort unter anderem stark f\u00fcr die kommunale Energiewende<br>einsetzen.&#8220;<\/p>\n\n\n\n<figure class=\"wp-block-image size-full\"><img loading=\"lazy\" decoding=\"async\" width=\"620\" height=\"826\" src=\"https:\/\/gruene-emsland.de\/wp-content\/uploads\/2024\/05\/image3.jpeg\" alt=\"\" class=\"wp-image-479\" srcset=\"https:\/\/gruene-emsland.de\/wp-content\/uploads\/2024\/05\/image3.jpeg 620w, https:\/\/gruene-emsland.de\/wp-content\/uploads\/2024\/05\/image3-400x533.jpeg 400w, https:\/\/gruene-emsland.de\/wp-content\/uploads\/2024\/05\/image3-113x150.jpeg 113w\" sizes=\"auto, (max-width: 620px) 100vw, 620px\" \/><\/figure>\n\n\n\n<p>BU: Der neue Vorstand des Kreisverbands der Gr\u00fcnen Emsland v.l.n.r.: Martina Markus<br>(Kassenwartin), Anna Hanses (Beisitzerin), Hannah Thomann (Vorstandssprecherin), Ralf<br>Nehe (Beisitzer), Heiko L\u00fcbben (Beisitzer), Klemens Grolle (Beisitzer), Theresa Gothe und unser Gast Alaa Alhamwi (Vorstand Gr\u00fcne Niedersachsen)<strong>.<\/strong><\/p>\n","protected":false},"excerpt":{"rendered":"<p>PRESSEMITTEILUNG Neuer Vorstand der Gr\u00fcnen im Emsland Mitgliederzahl kontinuierlich gewachsenMeppen\/Lingen\/Papenburg 23.05.2024 &#8211; Der Kreisverband Emsland von B\u00fcndnis 90\/DieGr\u00fcnen hat in Lingen seinen neu gew\u00e4hlten Vorstand pr\u00e4sentiert. Neben der amtierendenVorstandssprecherin Hannah [&hellip;]<\/p>\n","protected":false},"author":-1,"featured_media":509,"comment_status":"closed","ping_status":"open","sticky":false,"template":"","format":"standard","meta":{"footnotes":""},"categories":[4],"tags":[51,50],"class_list":["post-478","post","type-post","status-publish","format-standard","has-post-thumbnail","hentry","category-emsland","tag-kv","tag-vorstand"],"_links":{"self":[{"href":"https:\/\/gruene-emsland.de\/index.php?rest_route=\/wp\/v2\/posts\/478","targetHints":{"allow":["GET"]}}],"collection":[{"href":"https:\/\/gruene-emsland.de\/index.php?rest_route=\/wp\/v2\/posts"}],"about":[{"href":"https:\/\/gruene-emsland.de\/index.php?rest_route=\/wp\/v2\/types\/post"}],"author":[{"embeddable":true,"href":"https:\/\/gruene-emsland.de\/index.php?rest_route=\/wp\/v2\/users\/1"}],"replies":[{"embeddable":true,"href":"https:\/\/gruene-emsland.de\/index.php?rest_route=%2Fwp%2Fv2%2Fcomments&post=478"}],"version-history":[{"count":2,"href":"https:\/\/gruene-emsland.de\/index.php?rest_route=\/wp\/v2\/posts\/478\/revisions"}],"predecessor-version":[{"id":512,"href":"https:\/\/gruene-emsland.de\/index.php?rest_route=\/wp\/v2\/posts\/478\/revisions\/512"}],"wp:featuredmedia":[{"embeddable":true,"href":"https:\/\/gruene-emsland.de\/index.php?rest_route=\/wp\/v2\/media\/509"}],"wp:attachment":[{"href":"https:\/\/gruene-emsland.de\/index.php?rest_route=%2Fwp%2Fv2%2Fmedia&parent=478"}],"wp:term":[{"taxonomy":"category","embeddable":true,"href":"https:\/\/gruene-emsland.de\/index.php?rest_route=%2Fwp%2Fv2%2Fcategories&post=478"},{"taxonomy":"post_tag","embeddable":true,"href":"https:\/\/gruene-emsland.de\/index.php?rest_route=%2Fwp%2Fv2%2Ftags&post=478"}],"curies":[{"name":"wp","href":"https:\/\/api.w.org\/{rel}","templated":true}]}}