{"id":469,"date":"2024-03-09T22:29:00","date_gmt":"2024-03-09T22:29:00","guid":{"rendered":"https:\/\/gruene-emsland.de\/?p=469"},"modified":"2024-03-07T15:41:32","modified_gmt":"2024-03-07T15:41:32","slug":"podiumsdiskussion-in-meppen-e233-planfeststellungsbeschluss-und-jetzt-am-13-3","status":"publish","type":"post","link":"https:\/\/gruene-emsland.de\/?p=469","title":{"rendered":"Podiumsdiskussion in Meppen: &#8222;E233-Planfeststellungsbeschluss &#8211; und jetzt?&#8220; am 13.3."},"content":{"rendered":"\n<p>Liebe Gr\u00fcne Freunde,<\/p>\n\n\n\n<p>der Ortsverband Emsland Mitte von B\u00fcndnis 90\/ Die Gr\u00fcnen l\u00e4dt dich zur Podiumsdiskussion \u201eE233- Planfeststellungsbeschluss &#8211; und jetzt?\u201c ein. Die Veranstaltung findet am Mittwoch, 13.03.2024 um 19.00 Uhr im Kossehof in Meppen statt.<br>Um Anmeldung zur Veranstaltung wird unter <a href=\"#\" data-unscramble=\"ed.ettim-dnalsme-eneurg@332e\">e233@gruene-emsland-mitte.de<\/a> gebeten.<\/p>\n\n\n\n<p>Das Podium ist besetzt mit:<br>Frau Dr. Timmer, sie vertritt als Leiterin des Gesch\u00e4ftsbereichs Lingen die Nieders\u00e4chsische Landesbeh\u00f6rde f\u00fcr Stra\u00dfenbau und Verkehr als ausf\u00fchrende Beh\u00f6rde.<br>Frau Menge (MdB B\u00fcndnis 90\/ Die Gr\u00fcnen; digital zugeschaltet) ist als Obfrau des Verkehrsausschusses im Deutschen Bundestag als politische Entscheidungstr\u00e4gerin dabei und wird an diesem Abend die politische Ebene vertreten und von den dort vorhandenen M\u00f6glichkeiten berichten.<br>Als Landesvorsitzender des NABU Niedersachsen wird Dr. Holger Buschmann auf die naturschutzfachlichen Auswirkungen einer solchen Planung und dem m\u00f6glichen Ausbau eingehen. Au\u00dferdem teilte der NABU im Vorfeld mit eine m\u00f6gliche Klage zu pr\u00fcfen.<br>Herr Gerhard Roelfes als Gesch\u00e4ftsf\u00fchrer des St\u00e4dterings Zwolle-Emsland setzt sich seit Jahren f\u00fcr den m\u00f6glichen vierspurigen Ausbau der Stra\u00dfe ein und wird seine Sicht auf die positiven Auswirkungen des Ausbaus auf die Regionen erkl\u00e4ren.<br>Moderiert wird die Veranstaltung von Herrn Dr. Karsten Osmers.<\/p>\n\n\n\n<p>An diesem Abend sollen folgende Fragen gekl\u00e4rt und diskutiert werden: Der Planfeststellungsbeschluss des ersten Bauabschnitts ist nun \u00f6ffentlich ausgelegt worden und daher stellt sich die Frage: Wie geht es jetzt weiter? Beim ersten Abschnitt handelt es sich um die 11,1 km lange Trasse von der A31 bis zur B70 in Meppen. Was bewirkt ein Planfeststellungsbeschluss? Gibt es noch eine M\u00f6glichkeit, dass die Stra\u00dfe nicht ausgebaut wird oder aber, wann wird der Ausbau starten? Auch auf die Fragen der Zuh\u00f6rer*innen soll eingegangen werden.<\/p>\n\n\n\n<p>\u00dcber eine rege Teilnahme w\u00fcrden wir uns sehr freuen.<\/p>\n\n\n\n<p>Gerne kann die Einladung weitergeleitet werden (Anmeldung erbeten).<br>Viele Gr\u00fc\u00dfe<\/p>\n\n\n\n<p>Hanna Wiegmann und Lukas Wiegmann<\/p>\n\n\n\n<figure class=\"wp-block-image size-large\"><img decoding=\"async\" src=\"https:\/\/gruene-emsland.de\/wp-content\/uploads\/2024\/03\/d7a4f730-cd7d-4db9-b37a-75283dd7cbfc-800x600.jpg\" alt=\"\" class=\"wp-image-470\"\/><\/figure>\n","protected":false},"excerpt":{"rendered":"<p>Liebe Gr\u00fcne Freunde, der Ortsverband Emsland Mitte von B\u00fcndnis 90\/ Die Gr\u00fcnen l\u00e4dt dich zur Podiumsdiskussion \u201eE233- Planfeststellungsbeschluss &#8211; und jetzt?\u201c ein. Die Veranstaltung findet am Mittwoch, 13.03.2024 um 19.00 [&hellip;]<\/p>\n","protected":false},"author":-1,"featured_media":0,"comment_status":"closed","ping_status":"open","sticky":false,"template":"","format":"standard","meta":{"footnotes":""},"categories":[1],"tags":[],"class_list":["post-469","post","type-post","status-publish","format-standard","hentry","category-uncategorized"],"_links":{"self":[{"href":"https:\/\/gruene-emsland.de\/index.php?rest_route=\/wp\/v2\/posts\/469","targetHints":{"allow":["GET"]}}],"collection":[{"href":"https:\/\/gruene-emsland.de\/index.php?rest_route=\/wp\/v2\/posts"}],"about":[{"href":"https:\/\/gruene-emsland.de\/index.php?rest_route=\/wp\/v2\/types\/post"}],"author":[{"embeddable":true,"href":"https:\/\/gruene-emsland.de\/index.php?rest_route=\/wp\/v2\/users\/1"}],"replies":[{"embeddable":true,"href":"https:\/\/gruene-emsland.de\/index.php?rest_route=%2Fwp%2Fv2%2Fcomments&post=469"}],"version-history":[{"count":1,"href":"https:\/\/gruene-emsland.de\/index.php?rest_route=\/wp\/v2\/posts\/469\/revisions"}],"predecessor-version":[{"id":471,"href":"https:\/\/gruene-emsland.de\/index.php?rest_route=\/wp\/v2\/posts\/469\/revisions\/471"}],"wp:attachment":[{"href":"https:\/\/gruene-emsland.de\/index.php?rest_route=%2Fwp%2Fv2%2Fmedia&parent=469"}],"wp:term":[{"taxonomy":"category","embeddable":true,"href":"https:\/\/gruene-emsland.de\/index.php?rest_route=%2Fwp%2Fv2%2Fcategories&post=469"},{"taxonomy":"post_tag","embeddable":true,"href":"https:\/\/gruene-emsland.de\/index.php?rest_route=%2Fwp%2Fv2%2Ftags&post=469"}],"curies":[{"name":"wp","href":"https:\/\/api.w.org\/{rel}","templated":true}]}}