{"id":463,"date":"2024-01-19T10:05:04","date_gmt":"2024-01-19T10:05:04","guid":{"rendered":"https:\/\/gruene-emsland.de\/?p=463"},"modified":"2024-01-19T10:05:04","modified_gmt":"2024-01-19T10:05:04","slug":"fraktion-von-buendnis-90-die-gruenen-zufrieden-mit-den-beschluessen-zu-ihren-antraegen","status":"publish","type":"post","link":"https:\/\/gruene-emsland.de\/?p=463","title":{"rendered":"Fraktion von B\u00fcndnis 90 \/ Die Gr\u00fcnen zufrieden mit den Beschl\u00fcssen zu ihren Antr\u00e4gen"},"content":{"rendered":"\n<p>Pressemitteilung<br><strong>Fraktion von B\u00fcndnis 90 \/ Die Gr\u00fcnen zufrieden mit den Beschl\u00fcssen zu ihren Antr\u00e4gen<\/strong><\/p>\n\n\n\n<p><br><strong>Die Fraktion von B\u00fcndnis 90 \/ Die Gr\u00fcnen hatte zwei Antr\u00e4ge zum Haushalt des Kreises Emsland 2024 gestellt. Sie wurden zwar nicht 100-prozentig, so wie beantragt, angenommen, aber die wesentlichen Inhalte wurden \u00fcbernommen und einstimmig beschlossen.<\/strong><br><br>Die Fraktion von B\u00fcndnis 90 \/ Die Gr\u00fcnen begr\u00fc\u00dft den Beschluss des emsl\u00e4ndischen Kreistags, dass die Verwaltung im Rahmen ihrer Klimaaktivit\u00e4ten eine Konzeptentwicklung f\u00fcr ein B\u00fcrgerbeteiligungsmodell zur Nutzung von erneuerbaren Energien veranlassen soll.<br>Basis daf\u00fcr war der entsprechende Antrag der Gr\u00fcnen. \u201eWir k\u00f6nnen gut damit leben, dass die von uns daf\u00fcr beantragten Gelder nicht zus\u00e4tzlich in den Haushalt eingebracht werden, sondern aus dem \u201eKlima-Budget\u201c finanziert werden\u201c, f\u00fchrt der Kreistagsabgeordnete Klemens Grolle aus.<br>F\u00fcr die Akzeptanz von Windkraft und Photovoltaik vor Ort ist es wichtig, dass ein h\u00f6chstm\u00f6gliches Ma\u00df der mit diesen Projekten verbundenen Wertsch\u00f6pfung in der Region verbleibt und vielen Menschen zugutekommt. Die Erfahrungen der Vergangenheit zeigen, dass insbesondere jene Windparks besondere Akzeptanz genie\u00dfen, bei denen es gelungen ist, eine B\u00fcrgerbeteiligung vor Ort zu realisieren wird auch seitens der Verwaltung best\u00e4tigt.<br>\u201eWieweit sp\u00e4ter, wenn die Randbedingungen gekl\u00e4rt sind, ein finanzielle Beteilung des Kreis sinnvoll oder notwendig ist, wird sich dann zeigen. Im Sinne der allgemeinen Akzeptanz m\u00f6chte ich anregen, dass die Klimagruppen vor Ort so fr\u00fch als m\u00f6glich bei der Gestaltung und Realisierung von solchen Beteiligungsmodellen mit einbezogen werden\u201c, so Grolle weiter.<\/p>\n\n\n\n<p>Der 2-te Antrag der Gr\u00fcnen hatte die \u201eSchaffung von bezahlbarem Wohnraum\u201c zum Inhalt. Es wurde beantragt, dass die Verwaltung eine Beratungsstelle auf Kreisebene einrichtet, die mit den emsl\u00e4ndischen Kommunen die Randbedingungen und M\u00f6glichkeiten zur Realisierung von zus\u00e4tzlichen bezahlbarem Wohnraum ermittelt und ggf. bei der Gr\u00fcndung von Baugesellschaften unterst\u00fctzt.\u201c Daf\u00fcr sollte ein Betrag von 200.000 \u20ac bereitgestellt werden, um interessierten Kommunen eine Anschubfinanzierung und Unterst\u00fctzung bei der Realisierung solcher Gesellschaften zu gew\u00e4hren.<br>Die Einrichtung einer zentralen Beratungsstelle f\u00fcr die Kommunen wurde abgelehnt. Um die Kommunen gleichwohl bei Planungen zur Umsetzung des kommunalen Wohnungsbaus bzw. bei der interkommunalen Zusammenarbeit zur Realisierung von Ma\u00dfnahmen zur Schaffung von bezahlbarem Wohnraum zu unterst\u00fctzen, wurde seitens der Verwaltung eine finanzielle Unterst\u00fctzung bei vorbereitenden planerischen Ma\u00dfnahmen vorgeschlagen. Damit soll im Sinne des Antrags der Kreistagsfraktion B\u00fcndnis 90\/Die Gr\u00fcnen auch kleineren Kommunen ein Anreiz gegeben werden, sich mit der Schaffung bezahlbaren Wohnraums f\u00fcr einkommensschw\u00e4chere Haushalte sowie \u00e4ltere und in der Teilhabe eingeschr\u00e4nkte Menschen zu befassen.<br>\u201eAuch wenn unsere Antr\u00e4ge nicht im kompletten Wortlaut angenommen wurden, so sind doch die wesentlichen Inhalte \u00fcbernommen und einstimmig verabschiedet worden. Das betrachten wir als Erfolg f\u00fcr unsere Arbeit im letzten Jahr\u201c, summieren die Fraktionsvorsitzenden Birgit Kemmer und G\u00fcnter Buss f\u00fcr die gesamte Kreistagsfraktion.<\/p>\n","protected":false},"excerpt":{"rendered":"<p>PressemitteilungFraktion von B\u00fcndnis 90 \/ Die Gr\u00fcnen zufrieden mit den Beschl\u00fcssen zu ihren Antr\u00e4gen Die Fraktion von B\u00fcndnis 90 \/ Die Gr\u00fcnen hatte zwei Antr\u00e4ge zum Haushalt des Kreises Emsland [&hellip;]<\/p>\n","protected":false},"author":-1,"featured_media":336,"comment_status":"closed","ping_status":"open","sticky":false,"template":"","format":"standard","meta":{"footnotes":""},"categories":[41],"tags":[],"class_list":["post-463","post","type-post","status-publish","format-standard","has-post-thumbnail","hentry","category-kreistagsfraktion"],"_links":{"self":[{"href":"https:\/\/gruene-emsland.de\/index.php?rest_route=\/wp\/v2\/posts\/463","targetHints":{"allow":["GET"]}}],"collection":[{"href":"https:\/\/gruene-emsland.de\/index.php?rest_route=\/wp\/v2\/posts"}],"about":[{"href":"https:\/\/gruene-emsland.de\/index.php?rest_route=\/wp\/v2\/types\/post"}],"author":[{"embeddable":true,"href":"https:\/\/gruene-emsland.de\/index.php?rest_route=\/wp\/v2\/users\/1"}],"replies":[{"embeddable":true,"href":"https:\/\/gruene-emsland.de\/index.php?rest_route=%2Fwp%2Fv2%2Fcomments&post=463"}],"version-history":[{"count":1,"href":"https:\/\/gruene-emsland.de\/index.php?rest_route=\/wp\/v2\/posts\/463\/revisions"}],"predecessor-version":[{"id":464,"href":"https:\/\/gruene-emsland.de\/index.php?rest_route=\/wp\/v2\/posts\/463\/revisions\/464"}],"wp:featuredmedia":[{"embeddable":true,"href":"https:\/\/gruene-emsland.de\/index.php?rest_route=\/wp\/v2\/media\/336"}],"wp:attachment":[{"href":"https:\/\/gruene-emsland.de\/index.php?rest_route=%2Fwp%2Fv2%2Fmedia&parent=463"}],"wp:term":[{"taxonomy":"category","embeddable":true,"href":"https:\/\/gruene-emsland.de\/index.php?rest_route=%2Fwp%2Fv2%2Fcategories&post=463"},{"taxonomy":"post_tag","embeddable":true,"href":"https:\/\/gruene-emsland.de\/index.php?rest_route=%2Fwp%2Fv2%2Ftags&post=463"}],"curies":[{"name":"wp","href":"https:\/\/api.w.org\/{rel}","templated":true}]}}