{"id":439,"date":"2023-11-24T11:55:13","date_gmt":"2023-11-24T11:55:13","guid":{"rendered":"https:\/\/gruene-emsland.de\/?p=439"},"modified":"2023-11-24T11:55:13","modified_gmt":"2023-11-24T11:55:13","slug":"nicolas-breer-neu-im-landtag","status":"publish","type":"post","link":"https:\/\/gruene-emsland.de\/?p=439","title":{"rendered":"Nicolas Breer neu im Landtag"},"content":{"rendered":"\n<p><\/p>\n\n\n\n<p>Nicolas Breer wird vom 11. Dezember an der Fraktion von B\u00fcndnis 90\/Die Gr\u00fcnen im nieders\u00e4chsischen Landtag angeh\u00f6ren. Er tritt die Nachfolge von Rashmi Grashorn aus Hildesheim an, die aus pers\u00f6nlichen und gesundheitlichen Gr\u00fcnden ihren Mandatsverzicht angek\u00fcndigt hat.<\/p>\n\n\n\n<p>Nicolas Breer ist 31 Jahre jung, geboren und aufgewachsen in Hasel\u00fcnne. Der Gr\u00fcnen-Politiker ist approbierter Kinder- und Jugendlichenpsychotherapeut und seit der vergangenen Kommunalwahl Ratsmitglied der Stadt Hasel\u00fcnne und Kreistagsabgeordneter im Landkreis Emsland.<\/p>\n\n\n\n<p>Zu seinem baldigen Antritt als Landtagsabgeordneter sagt Nicolas Breer:<\/p>\n\n\n\n<p>\u201eIch freue mich sehr auf die neue Herausforderung. Ein gro\u00dfes Anliegen ist es mir, dazu beizutragen, die medizinische Versorgung in l\u00e4ndlichen R\u00e4umen zu verbessern. Dabei geht es mir vor allem auch um die bedarfsgerechte Versorgung psychisch kranker Menschen in Niedersachen, insbesondere um psychiatrische und psychotherapeutische Hilfe f\u00fcr Kinder und Jugendliche.\u201c Er erg\u00e4nzt: \u201eIch freue mich auch, f\u00fcr die Menschen aus der Region Emsland als Ansprechpartner in Sachen gr\u00fcner und zukunftsweisender Landespolitik zur Verf\u00fcgung zu stehen.\u201c<\/p>\n","protected":false},"excerpt":{"rendered":"<p>Nicolas Breer wird vom 11. Dezember an der Fraktion von B\u00fcndnis 90\/Die Gr\u00fcnen im nieders\u00e4chsischen Landtag angeh\u00f6ren. Er tritt die Nachfolge von Rashmi Grashorn aus Hildesheim an, die aus pers\u00f6nlichen [&hellip;]<\/p>\n","protected":false},"author":-1,"featured_media":440,"comment_status":"closed","ping_status":"open","sticky":false,"template":"","format":"standard","meta":{"footnotes":""},"categories":[4],"tags":[49,48],"class_list":["post-439","post","type-post","status-publish","format-standard","has-post-thumbnail","hentry","category-emsland","tag-landtag","tag-nicolas-breer"],"_links":{"self":[{"href":"https:\/\/gruene-emsland.de\/index.php?rest_route=\/wp\/v2\/posts\/439","targetHints":{"allow":["GET"]}}],"collection":[{"href":"https:\/\/gruene-emsland.de\/index.php?rest_route=\/wp\/v2\/posts"}],"about":[{"href":"https:\/\/gruene-emsland.de\/index.php?rest_route=\/wp\/v2\/types\/post"}],"author":[{"embeddable":true,"href":"https:\/\/gruene-emsland.de\/index.php?rest_route=\/wp\/v2\/users\/1"}],"replies":[{"embeddable":true,"href":"https:\/\/gruene-emsland.de\/index.php?rest_route=%2Fwp%2Fv2%2Fcomments&post=439"}],"version-history":[{"count":1,"href":"https:\/\/gruene-emsland.de\/index.php?rest_route=\/wp\/v2\/posts\/439\/revisions"}],"predecessor-version":[{"id":441,"href":"https:\/\/gruene-emsland.de\/index.php?rest_route=\/wp\/v2\/posts\/439\/revisions\/441"}],"wp:featuredmedia":[{"embeddable":true,"href":"https:\/\/gruene-emsland.de\/index.php?rest_route=\/wp\/v2\/media\/440"}],"wp:attachment":[{"href":"https:\/\/gruene-emsland.de\/index.php?rest_route=%2Fwp%2Fv2%2Fmedia&parent=439"}],"wp:term":[{"taxonomy":"category","embeddable":true,"href":"https:\/\/gruene-emsland.de\/index.php?rest_route=%2Fwp%2Fv2%2Fcategories&post=439"},{"taxonomy":"post_tag","embeddable":true,"href":"https:\/\/gruene-emsland.de\/index.php?rest_route=%2Fwp%2Fv2%2Ftags&post=439"}],"curies":[{"name":"wp","href":"https:\/\/api.w.org\/{rel}","templated":true}]}}