{"id":422,"date":"2023-05-05T14:43:05","date_gmt":"2023-05-05T14:43:05","guid":{"rendered":"https:\/\/gruene-emsland.de\/?p=422"},"modified":"2023-05-05T14:43:05","modified_gmt":"2023-05-05T14:43:05","slug":"windenergieausbau-das-emsland-kann-profitieren","status":"publish","type":"post","link":"https:\/\/gruene-emsland.de\/?p=422","title":{"rendered":"Windenergieausbau \u2013 das Emsland kann profitieren"},"content":{"rendered":"\n<p><strong>Erfolgreiche Podiumsdiskussion mit dem Nieders\u00e4chsischen Energieminister Christian Meyer<\/strong><\/p>\n\n\n\n<p>110 Besucher*innen folgten am 26. April 2023 der Einladung des Kreisverbands Emsland und nahmen an der Podiumsdiskussion \u201eWindenergie im Emsland\u201c im Kossehof in Meppen teil. Auf dem Podium waren neben dem Nieders\u00e4chsischen Energieminister Christian Meyer (GR\u00dcNE), die Professorin f\u00fcr Energiemanagement, Prof. Dr. Anne Schierenbeck von der Hochschule Osnabr\u00fcck und Kreisbaurat Dirk Kopmeyer. Theresa Gothe, Sprecherin des Ortsverbands Emsland Mitte der Gr\u00fcnen, moderierte die Veranstaltung.<\/p>\n\n\n\n<p>Zu den G\u00e4sten an diesem Abend vor z\u00e4hlten viele interessierte B\u00fcrger*innen, aber vor allem auch Mitarbeitende aus den Kommunalverwaltungen im Emsland sowie Mandatstr\u00e4ger*innen aus dem Kreistag sowie (Samt-)Gemeinder\u00e4ten.<\/p>\n\n\n\n<p><strong>Energieminister Christian Meyer<\/strong> erl\u00e4uterte die Pl\u00e4ne der Landesregierung in Sachen Windkraftausbau. Er verwies dabei auf die Spitzenposition von Niedersachsen in Sachen Windkraft und erkl\u00e4rte dann das geplante Windenergie-Beschleunigungs-Gesetz f\u00fcr Niedersachsen. Durch dieses sollen die konkreten Fl\u00e4chenanteile, die jede Region bis 2026 als Windenergiefl\u00e4che mindestens ausweisen muss, rechtsverbindlich festgelegt werden. F\u00fcr das Emsland wurde dabei ein Fl\u00e4chenziel von 3,7 % festgelegt. Gleichzeitig verwies Christian Meyer aber auch darauf, dass die Energiewende nur gelingen kann, wenn die daf\u00fcr relevanten Planungs- und Genehmigungsverfahren vereinfacht, beschleunigt und digitalisiert werden. In diesem Zusammenhang stellte er die neue Taskforce Energiewende vor.<\/p>\n\n\n\n<p><strong>Prof. Dr. Anne Schierenbeck, Professorin f\u00fcr Energiemanagement an der Hochschule Osnabr\u00fcck,<\/strong> Campus Lingen erl\u00e4uterte die Rolle von Windenergie im Gesamtenergiesystem und f\u00fcr die Wasserstoffproduktion im Emsland.Anne Schierenbeck erkl\u00e4rte in ihrem Fazit, dass im Emsland noch Potenzial f\u00fcr den Windenergie-Ausbau bestehe, und durch gr\u00f6\u00dfere Anlagen die Anzahl der Anlagen weniger stark steigen werde als die installierte Leistung. Wichtig sei auch festzuhalten, dass Strom aus Windenergie schon heute \u2013 zusammen mit PV-Strom aus Freifl\u00e4chenanlagen &#8211; die g\u00fcnstigste Form der Stromerzeugung sei. Au\u00dferdem k\u00f6nne gr\u00fcner Wasserstoff nur dann wirtschaftlich in Deutschland erzeugt werden, wenn gleichzeitig gen\u00fcgend Windenergie-Anlagen zugebaut werden.<\/p>\n\n\n\n<p><strong>Dirk Kopmeyer, Kreisbaurat des Emslands<\/strong>, erl\u00e4uterte vor allem die Perspektive der Kreisverwaltung. Er ging auf die heutige Situation und den heutigen Stand des Windenergieausbaus im Emsland ein. Weiterhin erkl\u00e4rte er seine Sicht auf die neuen Landespl\u00e4ne und welche Herausforderungen sich dadurch z.B. f\u00fcr die Kreisverwaltung und die Kommunen ergeben. Er mahnte zu Vernunft und warnte vor \u00fcbereiltem Handeln. Gleichzeitig forderte er den Minister auf, schnellstm\u00f6glich das finale Fl\u00e4chenziel f\u00fcr das Emsland zu definieren und wenn m\u00f6glich keine weiteren Gesetzes\u00e4nderungen vorzunehmen.<\/p>\n\n\n\n<p>Theresa Gothe dankte am Ende allen Redner*innen und auch den G\u00e4sten f\u00fcr die Beteiligung und die Fragen. Den Gr\u00fcnen im Emsland ist es ein gro\u00dfes Anliegen, die Bev\u00f6lkerung \u00fcber die Trendwende in der Energiepolitik zu informieren. Die hohe partei\u00fcbergreifende Beteiligung unterstrich die Aktualit\u00e4t des Themas. Dieser fach\u00fcbergreifende, offene und konstruktive Dialog war ein sehr wichtiger Schritt f\u00fcr eine erfolgreiche Energiewende im Emsland.<\/p>\n\n\n\n<figure class=\"wp-block-gallery has-nested-images columns-default is-cropped wp-block-gallery-1 is-layout-flex wp-block-gallery-is-layout-flex\">\n<figure class=\"wp-block-image size-large\"><img loading=\"lazy\" decoding=\"async\" width=\"800\" height=\"533\" data-id=\"424\" src=\"https:\/\/gruene-emsland.de\/wp-content\/uploads\/2023\/05\/web_26-04-23_G-9-800x533.jpg\" alt=\"\" class=\"wp-image-424\" srcset=\"https:\/\/gruene-emsland.de\/wp-content\/uploads\/2023\/05\/web_26-04-23_G-9-800x533.jpg 800w, https:\/\/gruene-emsland.de\/wp-content\/uploads\/2023\/05\/web_26-04-23_G-9-400x267.jpg 400w, https:\/\/gruene-emsland.de\/wp-content\/uploads\/2023\/05\/web_26-04-23_G-9-768x512.jpg 768w, https:\/\/gruene-emsland.de\/wp-content\/uploads\/2023\/05\/web_26-04-23_G-9-1536x1024.jpg 1536w, https:\/\/gruene-emsland.de\/wp-content\/uploads\/2023\/05\/web_26-04-23_G-9-150x100.jpg 150w, https:\/\/gruene-emsland.de\/wp-content\/uploads\/2023\/05\/web_26-04-23_G-9.jpg 1800w\" sizes=\"auto, (max-width: 800px) 100vw, 800px\" \/><\/figure>\n\n\n\n<figure class=\"wp-block-image size-large\"><img loading=\"lazy\" decoding=\"async\" width=\"800\" height=\"534\" data-id=\"426\" src=\"https:\/\/gruene-emsland.de\/wp-content\/uploads\/2023\/05\/web_26-04-23_G-10-800x534.jpg\" alt=\"\" class=\"wp-image-426\" srcset=\"https:\/\/gruene-emsland.de\/wp-content\/uploads\/2023\/05\/web_26-04-23_G-10-800x534.jpg 800w, https:\/\/gruene-emsland.de\/wp-content\/uploads\/2023\/05\/web_26-04-23_G-10-400x267.jpg 400w, https:\/\/gruene-emsland.de\/wp-content\/uploads\/2023\/05\/web_26-04-23_G-10-768x513.jpg 768w, https:\/\/gruene-emsland.de\/wp-content\/uploads\/2023\/05\/web_26-04-23_G-10-1536x1026.jpg 1536w, https:\/\/gruene-emsland.de\/wp-content\/uploads\/2023\/05\/web_26-04-23_G-10-150x100.jpg 150w, https:\/\/gruene-emsland.de\/wp-content\/uploads\/2023\/05\/web_26-04-23_G-10.jpg 1800w\" sizes=\"auto, (max-width: 800px) 100vw, 800px\" \/><\/figure>\n\n\n\n<figure class=\"wp-block-image size-large\"><img loading=\"lazy\" decoding=\"async\" width=\"800\" height=\"534\" data-id=\"427\" src=\"https:\/\/gruene-emsland.de\/wp-content\/uploads\/2023\/05\/web_26-04-23_G-14-800x534.jpg\" alt=\"\" class=\"wp-image-427\" srcset=\"https:\/\/gruene-emsland.de\/wp-content\/uploads\/2023\/05\/web_26-04-23_G-14-800x534.jpg 800w, https:\/\/gruene-emsland.de\/wp-content\/uploads\/2023\/05\/web_26-04-23_G-14-400x267.jpg 400w, https:\/\/gruene-emsland.de\/wp-content\/uploads\/2023\/05\/web_26-04-23_G-14-768x513.jpg 768w, https:\/\/gruene-emsland.de\/wp-content\/uploads\/2023\/05\/web_26-04-23_G-14-1536x1026.jpg 1536w, https:\/\/gruene-emsland.de\/wp-content\/uploads\/2023\/05\/web_26-04-23_G-14-150x100.jpg 150w, https:\/\/gruene-emsland.de\/wp-content\/uploads\/2023\/05\/web_26-04-23_G-14.jpg 1800w\" sizes=\"auto, (max-width: 800px) 100vw, 800px\" \/><\/figure>\n\n\n\n<figure class=\"wp-block-image size-large\"><img loading=\"lazy\" decoding=\"async\" width=\"800\" height=\"534\" data-id=\"423\" src=\"https:\/\/gruene-emsland.de\/wp-content\/uploads\/2023\/05\/web_26-04-23_G-24-800x534.jpg\" alt=\"\" class=\"wp-image-423\" srcset=\"https:\/\/gruene-emsland.de\/wp-content\/uploads\/2023\/05\/web_26-04-23_G-24-800x534.jpg 800w, https:\/\/gruene-emsland.de\/wp-content\/uploads\/2023\/05\/web_26-04-23_G-24-400x267.jpg 400w, https:\/\/gruene-emsland.de\/wp-content\/uploads\/2023\/05\/web_26-04-23_G-24-768x513.jpg 768w, https:\/\/gruene-emsland.de\/wp-content\/uploads\/2023\/05\/web_26-04-23_G-24-1536x1026.jpg 1536w, https:\/\/gruene-emsland.de\/wp-content\/uploads\/2023\/05\/web_26-04-23_G-24-150x100.jpg 150w, https:\/\/gruene-emsland.de\/wp-content\/uploads\/2023\/05\/web_26-04-23_G-24.jpg 1800w\" sizes=\"auto, (max-width: 800px) 100vw, 800px\" \/><\/figure>\n\n\n\n<figure class=\"wp-block-image size-large\"><img loading=\"lazy\" decoding=\"async\" width=\"800\" height=\"534\" data-id=\"428\" src=\"https:\/\/gruene-emsland.de\/wp-content\/uploads\/2023\/05\/web_26-04-23_G-27-800x534.jpg\" alt=\"\" class=\"wp-image-428\" srcset=\"https:\/\/gruene-emsland.de\/wp-content\/uploads\/2023\/05\/web_26-04-23_G-27-800x534.jpg 800w, https:\/\/gruene-emsland.de\/wp-content\/uploads\/2023\/05\/web_26-04-23_G-27-400x267.jpg 400w, https:\/\/gruene-emsland.de\/wp-content\/uploads\/2023\/05\/web_26-04-23_G-27-768x513.jpg 768w, https:\/\/gruene-emsland.de\/wp-content\/uploads\/2023\/05\/web_26-04-23_G-27-1536x1026.jpg 1536w, https:\/\/gruene-emsland.de\/wp-content\/uploads\/2023\/05\/web_26-04-23_G-27-150x100.jpg 150w, https:\/\/gruene-emsland.de\/wp-content\/uploads\/2023\/05\/web_26-04-23_G-27.jpg 1800w\" sizes=\"auto, (max-width: 800px) 100vw, 800px\" \/><\/figure>\n\n\n\n<figure class=\"wp-block-image size-large\"><img loading=\"lazy\" decoding=\"async\" width=\"800\" height=\"1200\" data-id=\"432\" src=\"https:\/\/gruene-emsland.de\/wp-content\/uploads\/2023\/05\/web_26-04-23_G-64-800x1200.jpg\" alt=\"\" class=\"wp-image-432\" srcset=\"https:\/\/gruene-emsland.de\/wp-content\/uploads\/2023\/05\/web_26-04-23_G-64-800x1200.jpg 800w, https:\/\/gruene-emsland.de\/wp-content\/uploads\/2023\/05\/web_26-04-23_G-64-400x600.jpg 400w, https:\/\/gruene-emsland.de\/wp-content\/uploads\/2023\/05\/web_26-04-23_G-64-768x1152.jpg 768w, https:\/\/gruene-emsland.de\/wp-content\/uploads\/2023\/05\/web_26-04-23_G-64-1024x1536.jpg 1024w, https:\/\/gruene-emsland.de\/wp-content\/uploads\/2023\/05\/web_26-04-23_G-64-1365x2048.jpg 1365w, https:\/\/gruene-emsland.de\/wp-content\/uploads\/2023\/05\/web_26-04-23_G-64-100x150.jpg 100w, https:\/\/gruene-emsland.de\/wp-content\/uploads\/2023\/05\/web_26-04-23_G-64-scaled.jpg 1707w\" sizes=\"auto, (max-width: 800px) 100vw, 800px\" \/><\/figure>\n\n\n\n<figure class=\"wp-block-image size-large\"><img loading=\"lazy\" decoding=\"async\" width=\"800\" height=\"533\" data-id=\"431\" src=\"https:\/\/gruene-emsland.de\/wp-content\/uploads\/2023\/05\/web_26-04-23_G-65-800x533.jpg\" alt=\"\" class=\"wp-image-431\" srcset=\"https:\/\/gruene-emsland.de\/wp-content\/uploads\/2023\/05\/web_26-04-23_G-65-800x533.jpg 800w, https:\/\/gruene-emsland.de\/wp-content\/uploads\/2023\/05\/web_26-04-23_G-65-400x267.jpg 400w, https:\/\/gruene-emsland.de\/wp-content\/uploads\/2023\/05\/web_26-04-23_G-65-768x512.jpg 768w, https:\/\/gruene-emsland.de\/wp-content\/uploads\/2023\/05\/web_26-04-23_G-65-1536x1024.jpg 1536w, https:\/\/gruene-emsland.de\/wp-content\/uploads\/2023\/05\/web_26-04-23_G-65-150x100.jpg 150w, https:\/\/gruene-emsland.de\/wp-content\/uploads\/2023\/05\/web_26-04-23_G-65.jpg 1800w\" sizes=\"auto, (max-width: 800px) 100vw, 800px\" \/><\/figure>\n\n\n\n<figure class=\"wp-block-image size-large\"><img loading=\"lazy\" decoding=\"async\" width=\"800\" height=\"1200\" data-id=\"433\" src=\"https:\/\/gruene-emsland.de\/wp-content\/uploads\/2023\/05\/web_26-04-23_G-79-1-800x1200.jpg\" alt=\"\" class=\"wp-image-433\" srcset=\"https:\/\/gruene-emsland.de\/wp-content\/uploads\/2023\/05\/web_26-04-23_G-79-1-800x1200.jpg 800w, https:\/\/gruene-emsland.de\/wp-content\/uploads\/2023\/05\/web_26-04-23_G-79-1-400x600.jpg 400w, https:\/\/gruene-emsland.de\/wp-content\/uploads\/2023\/05\/web_26-04-23_G-79-1-768x1152.jpg 768w, https:\/\/gruene-emsland.de\/wp-content\/uploads\/2023\/05\/web_26-04-23_G-79-1-1024x1536.jpg 1024w, https:\/\/gruene-emsland.de\/wp-content\/uploads\/2023\/05\/web_26-04-23_G-79-1-1365x2048.jpg 1365w, https:\/\/gruene-emsland.de\/wp-content\/uploads\/2023\/05\/web_26-04-23_G-79-1-100x150.jpg 100w, https:\/\/gruene-emsland.de\/wp-content\/uploads\/2023\/05\/web_26-04-23_G-79-1-scaled.jpg 1707w\" sizes=\"auto, (max-width: 800px) 100vw, 800px\" \/><\/figure>\n\n\n\n<figure class=\"wp-block-image size-large\"><img loading=\"lazy\" decoding=\"async\" width=\"800\" height=\"534\" data-id=\"429\" src=\"https:\/\/gruene-emsland.de\/wp-content\/uploads\/2023\/05\/web_26-04-23_G-87-800x534.jpg\" alt=\"\" class=\"wp-image-429\" srcset=\"https:\/\/gruene-emsland.de\/wp-content\/uploads\/2023\/05\/web_26-04-23_G-87-800x534.jpg 800w, https:\/\/gruene-emsland.de\/wp-content\/uploads\/2023\/05\/web_26-04-23_G-87-400x267.jpg 400w, https:\/\/gruene-emsland.de\/wp-content\/uploads\/2023\/05\/web_26-04-23_G-87-768x513.jpg 768w, https:\/\/gruene-emsland.de\/wp-content\/uploads\/2023\/05\/web_26-04-23_G-87-1536x1026.jpg 1536w, https:\/\/gruene-emsland.de\/wp-content\/uploads\/2023\/05\/web_26-04-23_G-87-150x100.jpg 150w, https:\/\/gruene-emsland.de\/wp-content\/uploads\/2023\/05\/web_26-04-23_G-87.jpg 1800w\" sizes=\"auto, (max-width: 800px) 100vw, 800px\" \/><\/figure>\n\n\n\n<figure class=\"wp-block-image size-large\"><img loading=\"lazy\" decoding=\"async\" width=\"800\" height=\"533\" data-id=\"425\" src=\"https:\/\/gruene-emsland.de\/wp-content\/uploads\/2023\/05\/web_26-04-23_G-90-800x533.jpg\" alt=\"\" class=\"wp-image-425\" srcset=\"https:\/\/gruene-emsland.de\/wp-content\/uploads\/2023\/05\/web_26-04-23_G-90-800x533.jpg 800w, https:\/\/gruene-emsland.de\/wp-content\/uploads\/2023\/05\/web_26-04-23_G-90-400x267.jpg 400w, https:\/\/gruene-emsland.de\/wp-content\/uploads\/2023\/05\/web_26-04-23_G-90-768x512.jpg 768w, https:\/\/gruene-emsland.de\/wp-content\/uploads\/2023\/05\/web_26-04-23_G-90-1536x1024.jpg 1536w, https:\/\/gruene-emsland.de\/wp-content\/uploads\/2023\/05\/web_26-04-23_G-90-150x100.jpg 150w, https:\/\/gruene-emsland.de\/wp-content\/uploads\/2023\/05\/web_26-04-23_G-90.jpg 1800w\" sizes=\"auto, (max-width: 800px) 100vw, 800px\" \/><\/figure>\n\n\n\n<figure class=\"wp-block-image size-large\"><img loading=\"lazy\" decoding=\"async\" width=\"800\" height=\"533\" data-id=\"430\" src=\"https:\/\/gruene-emsland.de\/wp-content\/uploads\/2023\/05\/web_26-04-23_G-105-800x533.jpg\" alt=\"\" class=\"wp-image-430\" srcset=\"https:\/\/gruene-emsland.de\/wp-content\/uploads\/2023\/05\/web_26-04-23_G-105-800x533.jpg 800w, https:\/\/gruene-emsland.de\/wp-content\/uploads\/2023\/05\/web_26-04-23_G-105-400x267.jpg 400w, https:\/\/gruene-emsland.de\/wp-content\/uploads\/2023\/05\/web_26-04-23_G-105-768x512.jpg 768w, https:\/\/gruene-emsland.de\/wp-content\/uploads\/2023\/05\/web_26-04-23_G-105-1536x1024.jpg 1536w, https:\/\/gruene-emsland.de\/wp-content\/uploads\/2023\/05\/web_26-04-23_G-105-150x100.jpg 150w, https:\/\/gruene-emsland.de\/wp-content\/uploads\/2023\/05\/web_26-04-23_G-105.jpg 1800w\" sizes=\"auto, (max-width: 800px) 100vw, 800px\" \/><\/figure>\n<\/figure>\n","protected":false},"excerpt":{"rendered":"<p>Erfolgreiche Podiumsdiskussion mit dem Nieders\u00e4chsischen Energieminister Christian Meyer 110 Besucher*innen folgten am 26. April 2023 der Einladung des Kreisverbands Emsland und nahmen an der Podiumsdiskussion \u201eWindenergie im Emsland\u201c im Kossehof [&hellip;]<\/p>\n","protected":false},"author":-1,"featured_media":425,"comment_status":"closed","ping_status":"open","sticky":false,"template":"","format":"standard","meta":{"footnotes":""},"categories":[1],"tags":[],"class_list":["post-422","post","type-post","status-publish","format-standard","has-post-thumbnail","hentry","category-uncategorized"],"_links":{"self":[{"href":"https:\/\/gruene-emsland.de\/index.php?rest_route=\/wp\/v2\/posts\/422","targetHints":{"allow":["GET"]}}],"collection":[{"href":"https:\/\/gruene-emsland.de\/index.php?rest_route=\/wp\/v2\/posts"}],"about":[{"href":"https:\/\/gruene-emsland.de\/index.php?rest_route=\/wp\/v2\/types\/post"}],"author":[{"embeddable":true,"href":"https:\/\/gruene-emsland.de\/index.php?rest_route=\/wp\/v2\/users\/1"}],"replies":[{"embeddable":true,"href":"https:\/\/gruene-emsland.de\/index.php?rest_route=%2Fwp%2Fv2%2Fcomments&post=422"}],"version-history":[{"count":1,"href":"https:\/\/gruene-emsland.de\/index.php?rest_route=\/wp\/v2\/posts\/422\/revisions"}],"predecessor-version":[{"id":434,"href":"https:\/\/gruene-emsland.de\/index.php?rest_route=\/wp\/v2\/posts\/422\/revisions\/434"}],"wp:featuredmedia":[{"embeddable":true,"href":"https:\/\/gruene-emsland.de\/index.php?rest_route=\/wp\/v2\/media\/425"}],"wp:attachment":[{"href":"https:\/\/gruene-emsland.de\/index.php?rest_route=%2Fwp%2Fv2%2Fmedia&parent=422"}],"wp:term":[{"taxonomy":"category","embeddable":true,"href":"https:\/\/gruene-emsland.de\/index.php?rest_route=%2Fwp%2Fv2%2Fcategories&post=422"},{"taxonomy":"post_tag","embeddable":true,"href":"https:\/\/gruene-emsland.de\/index.php?rest_route=%2Fwp%2Fv2%2Ftags&post=422"}],"curies":[{"name":"wp","href":"https:\/\/api.w.org\/{rel}","templated":true}]}}