{"id":407,"date":"2023-03-10T07:52:39","date_gmt":"2023-03-10T07:52:39","guid":{"rendered":"https:\/\/gruene-emsland.de\/?p=407"},"modified":"2023-03-10T07:52:39","modified_gmt":"2023-03-10T07:52:39","slug":"bericht-zur-sitzung-des-umweltausschusses-am-01-03-23-2","status":"publish","type":"post","link":"https:\/\/gruene-emsland.de\/?p=407","title":{"rendered":"Bericht zur Sitzung des Umweltausschusses am 01.03.23"},"content":{"rendered":"\n<p><br>TOP 9 (Torfabbau in der Esterweger Dose \u2013 Sachstandsbericht; Antrag der Kreistagsfraktion B\u00fcndnis 90\/Die Gr\u00fcnen vom 25.01.2023)<br>Dazu Klemens Grolle (Kreistagsfraktion der Gr\u00fcnen):<br>Wir hatten als Fraktion um einen Sachstandsbericht gebeten:<br><strong>Bezugnehmend auf Zeitungsartikel aus der Meppener Tagespost vom 31.12.2022 und 03.01.2023, beantragt die Kreistagsfraktion B\u00fcndnis 90\/ Die Gr\u00fcnen, dass in dem n\u00e4chsten Umweltausschuss am 01. M\u00e4rz 2023, ein Sachstandsbericht \u00fcber den Torfabbau und die M\u00f6glichkeiten der Wiedervern\u00e4ssung in der Esterweger Dose auf die Tagesordnung genommen werden. Zudem wird beantragt, dass eine naturschutzfachliche Einordnung der entsprechenden Fachbeh\u00f6rde vorgetragen wird.<\/strong><br>Als Fazit bleibt f\u00fcr mich Folgendes:<br>Leider kann die Situation, wie in der Vorlage dargestellt, aktuell von der Genehmigungsbeh\u00f6rde noch nicht abschlie\u00dfend bewertet werden, weil die Analyse und Bewertung der von der Kreisverwaltung angefoderten Daten noch nicht abeschlossen ist und das Gutachten zur Stratigraphie der einzelnen Vern\u00e4ssungspolde noch nicht vorliegt bzw. noch nicht erstellt werden konnte.<br>So wie sich die Situation aktuell darstellt hat die Firma Klasmann-Deilmann jedoch bereits bis 2020 wesentlich mehr Torf entnommen als genehmigt.<br>Die Fa. Klasmann \u2013 Deilmann hat, so wie es heute aussieht ihre vertragsgem\u00e4\u00dfen Verpflichtungen bez\u00fcglich der Entnahmemenge nicht hinreichend ber\u00fccksichtigt.<br>Sie hat in Teilbereichen vor der Abnahme tiefengegrubbert und dabei m\u00f6glichweise die Dichtigkeit der betroffenen Fl\u00e4chen gef\u00e4hrdet.<br>Die Wiedervern\u00e4ssung ist insgesamt gef\u00e4hrdert, weil die verbliebene Torfschichtdicke geringer als 50 cm ist und damit nicht hinreichend!<br><strong>Trotzdem kann auf diese zentrale Fl\u00e4che f\u00fcr den Naturschutz, die Wasserwirtschaft und die CO\u00b2-Speicherung nicht verzichtet werden!!!<br>Wenn sich der vorhandene Verdacht best\u00e4tigt, fordern wir, dass die Verfehlungen der Fa. Klasmann \u2013 Deilmann nicht nur als Ordnungswidrigkeit betrachtet werden, sondern dass alle m\u00f6glichen und notwendigen \u201eReparaturma\u00dfnahmen\u201c, wie z.B \u201eImpfung mit Torfmoosen\u201c von ihr finanziert werden!<\/strong><\/p>\n\n\n\n<p>Hier die Links zu weiteren Informationen:<br>Umfassender Sachstandsbericht TOP9_Beschlussvorlage_15-2023.pdf<br>TOP9_2023-01-02_NOZ-Artikel_Naturschutzbund__Zustand_der_Esterweger_Dose_ist_ein_Skandal.pdf<br>TOP9_2022-12-30_NOZ_Umweltskandal_oder_Klimawandel_Aerger_um_Torf_in_Niedersachsen.pdf<\/p>\n","protected":false},"excerpt":{"rendered":"<p>TOP 9 (Torfabbau in der Esterweger Dose \u2013 Sachstandsbericht; Antrag der Kreistagsfraktion B\u00fcndnis 90\/Die Gr\u00fcnen vom 25.01.2023)Dazu Klemens Grolle (Kreistagsfraktion der Gr\u00fcnen):Wir hatten als Fraktion um einen Sachstandsbericht gebeten:Bezugnehmend auf [&hellip;]<\/p>\n","protected":false},"author":-1,"featured_media":336,"comment_status":"closed","ping_status":"open","sticky":false,"template":"","format":"standard","meta":{"footnotes":""},"categories":[41],"tags":[],"class_list":["post-407","post","type-post","status-publish","format-standard","has-post-thumbnail","hentry","category-kreistagsfraktion"],"_links":{"self":[{"href":"https:\/\/gruene-emsland.de\/index.php?rest_route=\/wp\/v2\/posts\/407","targetHints":{"allow":["GET"]}}],"collection":[{"href":"https:\/\/gruene-emsland.de\/index.php?rest_route=\/wp\/v2\/posts"}],"about":[{"href":"https:\/\/gruene-emsland.de\/index.php?rest_route=\/wp\/v2\/types\/post"}],"author":[{"embeddable":true,"href":"https:\/\/gruene-emsland.de\/index.php?rest_route=\/wp\/v2\/users\/1"}],"replies":[{"embeddable":true,"href":"https:\/\/gruene-emsland.de\/index.php?rest_route=%2Fwp%2Fv2%2Fcomments&post=407"}],"version-history":[{"count":1,"href":"https:\/\/gruene-emsland.de\/index.php?rest_route=\/wp\/v2\/posts\/407\/revisions"}],"predecessor-version":[{"id":408,"href":"https:\/\/gruene-emsland.de\/index.php?rest_route=\/wp\/v2\/posts\/407\/revisions\/408"}],"wp:featuredmedia":[{"embeddable":true,"href":"https:\/\/gruene-emsland.de\/index.php?rest_route=\/wp\/v2\/media\/336"}],"wp:attachment":[{"href":"https:\/\/gruene-emsland.de\/index.php?rest_route=%2Fwp%2Fv2%2Fmedia&parent=407"}],"wp:term":[{"taxonomy":"category","embeddable":true,"href":"https:\/\/gruene-emsland.de\/index.php?rest_route=%2Fwp%2Fv2%2Fcategories&post=407"},{"taxonomy":"post_tag","embeddable":true,"href":"https:\/\/gruene-emsland.de\/index.php?rest_route=%2Fwp%2Fv2%2Ftags&post=407"}],"curies":[{"name":"wp","href":"https:\/\/api.w.org\/{rel}","templated":true}]}}