{"id":400,"date":"2022-12-28T11:19:21","date_gmt":"2022-12-28T11:19:21","guid":{"rendered":"https:\/\/gruene-emsland.de\/?p=400"},"modified":"2025-12-12T10:05:35","modified_gmt":"2025-12-12T10:05:35","slug":"balkonkraftwerke-rede-von-martina-pellny-im-kreistag-vom-19-12-2022","status":"publish","type":"post","link":"https:\/\/gruene-emsland.de\/?p=400","title":{"rendered":"Balkonkraftwerke \u2013 Rede von Martina Pellny im Kreistag vom 19.12.2022"},"content":{"rendered":"\n<p>Sehr geehrter Herr Vorsitzender, Herr Landrat, liebe Kollegen,<\/p>\n\n\n\n<p>Balkonkraftwerke, also kleine Solaranlagen zwischen 300 und 600 Watt, haben mehrere, sehr charmante Vorteile:<br>Sie sind ohne Fachpersonal zu installieren, sie werden anschlussfertig geliefert.<br>Sie k\u00f6nnen relativ einfach angemeldet und registriert werden<br>Installiert werden k\u00f6nnen sie nicht nur von Eigent\u00fcmer<em>Innen einer Immobilie sondern auch von Mieter<\/em>Innen<br>Und, und das ist ein ganz entscheidender Punkt: sie erlauben also nicht nur Eigent\u00fcmer<em>Innen sondern in gleicher Weise Mieter<\/em>Innen in der Klima- und Energiekrise eigenverantwortlich t\u00e4tig zu werden und etwas zu tun.<br>Sie tragen zur D\u00e4mpfung der Stromkostenrechnung bei und geben Eigent\u00fcmer<em>Innen und Mieter<\/em>Innen mehr Kontrolle \u00fcber ihre laufenden Kosten.<br>Und: ebenso wichtig: sie bieten einen relativ risikoarmen Einstieg in eine neue Technologie f\u00fcr jeden. Jeder kann damit lernen, wie Solarstrom ein wichtiger Teil unserer Energiewende werden kann. Das ist nicht zu untersch\u00e4tzen, um alle B\u00fcrger*Innen mitzunehmen.<\/p>\n\n\n\n<p>Also: neben der M\u00f6glichkeit, die eigenen Stromkosten berechenbarer zu machen bieten sie einen Lerneffekt in eine neue Technologie \u2013 und Teilhabe ist f\u00fcr alle m\u00f6glich.<\/p>\n\n\n\n<p>Das ist absolut f\u00f6rderungsw\u00fcrdig. Ein klassischer Fall von: macht Sinn, es zu f\u00f6rdern.<\/p>\n\n\n\n<p>Und. Das hatte auch die Meppener CDU gut erkannt und entsprechend gehandelt. Anfang Dezember wurde ihr Antrag f\u00fcr die F\u00f6rderung von Balkonkraftwerken einstimmig im Meppener Stadtrat angenommen. Zur Begr\u00fcndung hie\u00df es: jeder Beitrag zur Produktion von klimaneutralem Strom sowohl im Kampf gegen den Klimawandel als auch zur D\u00e4mpfung der hohen Stromkosten wird ben\u00f6tigt und ist f\u00f6rderungsw\u00fcrdig.<\/p>\n\n\n\n<p>Wir fragen uns: Ist also nur die Meppener CDU innovativ? Und warum nicht die CDU im Kreis?<\/p>\n\n\n\n<p>Im Kreis wird der Antrag heute abgelehnt. Das ist sehr sehr Schade f\u00fcr alle B\u00fcrger*Innen im Kreis, die in Gemeinden wohnen, wo keine eigenen F\u00f6rderprogramme aufgelegt werden k\u00f6nnen.<\/p>\n\n\n\n<p>Oder, mag es daran liegen, dass dieser ur-gr\u00fcne Antrag von den Gr\u00fcnen gestellt, und deshalb abgelehnt wurde?<\/p>\n\n\n\n<p>Ein Schelm, wer B\u00f6ses dabei denkt\u2026..<\/p>\n\n\n\n<p>Honi soit qui mal y pense.<\/p>\n\n\n\n<p>In diesem Sinne, vielen Dank.<\/p>\n\n\n\n<p>Balkonkraftwerke \u2013 Rede von Martina Pellny im Kreistag vom 19.12.2022<\/p>\n\n\n\n<p>Sehr geehrter Herr Vorsitzender, Herr Landrat, liebe Kollegen,<\/p>\n\n\n\n<p>Balkonkraftwerke, also kleine Solaranlagen zwischen 300 und 600 Watt, haben mehrere, sehr charmante Vorteile:<br>Sie sind ohne Fachpersonal zu installieren, sie werden anschlussfertig geliefert.<br>Sie k\u00f6nnen relativ einfach angemeldet und registriert werden<br>Installiert werden k\u00f6nnen sie nicht nur von Eigent\u00fcmer<em>Innen einer Immobilie sondern auch von Mieter<\/em>Innen<br>Und, und das ist ein ganz entscheidender Punkt: sie erlauben also nicht nur Eigent\u00fcmer<em>Innen sondern in gleicher Weise Mieter<\/em>Innen in der Klima- und Energiekrise eigenverantwortlich t\u00e4tig zu werden und etwas zu tun.<br>Sie tragen zur D\u00e4mpfung der Stromkostenrechnung bei und geben Eigent\u00fcmer<em>Innen und Mieter<\/em>Innen mehr Kontrolle \u00fcber ihre laufenden Kosten.<br>Und: ebenso wichtig: sie bieten einen relativ risikoarmen Einstieg in eine neue Technologie f\u00fcr jeden. Jeder kann damit lernen, wie Solarstrom ein wichtiger Teil unserer Energiewende werden kann. Das ist nicht zu untersch\u00e4tzen, um alle B\u00fcrger*Innen mitzunehmen.<\/p>\n\n\n\n<p>Also: neben der M\u00f6glichkeit, die eigenen Stromkosten berechenbarer zu machen bieten sie einen Lerneffekt in eine neue Technologie \u2013 und Teilhabe ist f\u00fcr alle m\u00f6glich.<\/p>\n\n\n\n<p>Das ist absolut f\u00f6rderungsw\u00fcrdig. Ein klassischer Fall von: macht Sinn, es zu f\u00f6rdern.<\/p>\n\n\n\n<p>Und. Das hatte auch die Meppener CDU gut erkannt und entsprechend gehandelt. Anfang Dezember wurde ihr Antrag f\u00fcr die F\u00f6rderung von Balkonkraftwerken einstimmig im Meppener Stadtrat angenommen. Zur Begr\u00fcndung hie\u00df es: jeder Beitrag zur Produktion von klimaneutralem Strom sowohl im Kampf gegen den Klimawandel als auch zur D\u00e4mpfung der hohen Stromkosten wird ben\u00f6tigt und ist f\u00f6rderungsw\u00fcrdig.<\/p>\n\n\n\n<p>Wir fragen uns: Ist also nur die Meppener CDU innovativ? Und warum nicht die CDU im Kreis?<\/p>\n\n\n\n<p>Im Kreis wird der Antrag heute abgelehnt. Das ist sehr sehr Schade f\u00fcr alle B\u00fcrger*Innen im Kreis, die in Gemeinden wohnen, wo keine eigenen F\u00f6rderprogramme aufgelegt werden k\u00f6nnen.<\/p>\n\n\n\n<p>Oder, mag es daran liegen, dass dieser ur-gr\u00fcne Antrag von den Gr\u00fcnen gestellt, und deshalb abgelehnt wurde?<\/p>\n\n\n\n<p>Ein Schelm, wer B\u00f6ses dabei denkt\u2026..<\/p>\n\n\n\n<p>Honi soit qui mal y pense.<\/p>\n\n\n\n<p>In diesem Sinne, vielen Dank.<\/p>\n\n\n\n<p><\/p>\n\n\n\n<p><\/p>\n\n\n\n<p><\/p>\n\n\n\n<p>Meppen, den 05.12.2022 <br><strong>Antrag der Kreistagsfraktion von B\u00dcNDNIS 90\/DIE GR\u00dcNEN zur F\u00f6rderung von \u201eBalkon-<br>kraftwerken\u201c durch den Kreis Emsland.<\/strong><br><strong>Beschlussvorschlag<\/strong>:<br>Der Landkreis Emsland entwickelt ein Programm zur F\u00f6rderung von kleinen Solarmodu-<br>len f\u00fcr private Haushalte (\u201eBalkonkraftwerke\u201c). Daf\u00fcr werden im Haushalt 2023 40.000 \u20ac<br>bereitgestellt.<br>Die F\u00f6rderrichtlinien zur Vergabe an die einzelnen Haushalte werden von der Kreistags-<br>verwaltung in Abstimmung mit den vorhandenen oder geplanten F\u00f6rderprogrammen<br>einzelner Kommunen im Emsland erarbeitet.<br><strong>Begr\u00fcndung<\/strong>:<br>Mit Stecker-Solarger\u00e4ten k\u00f6nnen neben den Hauseigent\u00fcmer*innen auch Mieter*innen<br>mit relativ geringem b\u00fcrokratischen Aufwand eigenen Sonnen-Strom auf dem Balkon<br>oder der Terrasse erzeugen.<br>Der erzeugte Strom ist nur f\u00fcr den Eigenbedarf. Standard-Solarmodule bis 600 Watt mit<br>einem Wechselrichter k\u00f6nnen ohne Elektrofachkraft aufgebaut werden. Sie sind g\u00fcnstig<br>in der Anschaffung und reduzieren langfristig die Stromkosten.<br><\/p>\n","protected":false},"excerpt":{"rendered":"<p>Sehr geehrter Herr Vorsitzender, Herr Landrat, liebe Kollegen, Balkonkraftwerke, also kleine Solaranlagen zwischen 300 und 600 Watt, haben mehrere, sehr charmante Vorteile:Sie sind ohne Fachpersonal zu installieren, sie werden anschlussfertig [&hellip;]<\/p>\n","protected":false},"author":-1,"featured_media":336,"comment_status":"open","ping_status":"open","sticky":false,"template":"","format":"standard","meta":{"footnotes":""},"categories":[1],"tags":[],"class_list":["post-400","post","type-post","status-publish","format-standard","has-post-thumbnail","hentry","category-uncategorized"],"_links":{"self":[{"href":"https:\/\/gruene-emsland.de\/index.php?rest_route=\/wp\/v2\/posts\/400","targetHints":{"allow":["GET"]}}],"collection":[{"href":"https:\/\/gruene-emsland.de\/index.php?rest_route=\/wp\/v2\/posts"}],"about":[{"href":"https:\/\/gruene-emsland.de\/index.php?rest_route=\/wp\/v2\/types\/post"}],"author":[{"embeddable":true,"href":"https:\/\/gruene-emsland.de\/index.php?rest_route=\/wp\/v2\/users\/1"}],"replies":[{"embeddable":true,"href":"https:\/\/gruene-emsland.de\/index.php?rest_route=%2Fwp%2Fv2%2Fcomments&post=400"}],"version-history":[{"count":2,"href":"https:\/\/gruene-emsland.de\/index.php?rest_route=\/wp\/v2\/posts\/400\/revisions"}],"predecessor-version":[{"id":833,"href":"https:\/\/gruene-emsland.de\/index.php?rest_route=\/wp\/v2\/posts\/400\/revisions\/833"}],"wp:featuredmedia":[{"embeddable":true,"href":"https:\/\/gruene-emsland.de\/index.php?rest_route=\/wp\/v2\/media\/336"}],"wp:attachment":[{"href":"https:\/\/gruene-emsland.de\/index.php?rest_route=%2Fwp%2Fv2%2Fmedia&parent=400"}],"wp:term":[{"taxonomy":"category","embeddable":true,"href":"https:\/\/gruene-emsland.de\/index.php?rest_route=%2Fwp%2Fv2%2Fcategories&post=400"},{"taxonomy":"post_tag","embeddable":true,"href":"https:\/\/gruene-emsland.de\/index.php?rest_route=%2Fwp%2Fv2%2Ftags&post=400"}],"curies":[{"name":"wp","href":"https:\/\/api.w.org\/{rel}","templated":true}]}}