{"id":390,"date":"2022-10-23T17:17:26","date_gmt":"2022-10-23T17:17:26","guid":{"rendered":"https:\/\/gruene-emsland.de\/?p=390"},"modified":"2022-10-23T17:17:26","modified_gmt":"2022-10-23T17:17:26","slug":"gruene-im-emsland-sind-gegen-den-weiterbetrieb-des-akw-emsland","status":"publish","type":"post","link":"https:\/\/gruene-emsland.de\/?p=390","title":{"rendered":"GR\u00dcNE im Emsland sind gegen den Weiterbetrieb des AKW Emsland"},"content":{"rendered":"\n<p>Pressemitteilung B\u00fcndnis 90\/ DIE GR\u00dcNEN, Kreisverband Emsland<\/p>\n\n\n\n<p><strong>GR\u00dcNE im Emsland sind gegen den Weiterbetrieb des AKW Emsland<\/strong><\/p>\n\n\n\n<p>\u201eWir sind tief entt\u00e4uscht \u00fcber die Kanzler-Entscheidung von Montag, das AKW Emsland \u00fcber den 31. Dezember 2022 laufen zu lassen\u201c, so Heiner Rehnen, Fraktionsvorsitzender von B\u00fcndnis 90\/ DIE GR\u00dcNEN im Lingener Stadtrat. \u201eWir waren uns sicher, dass Ende des Jahres, wie im Atomgesetz festgelegt, endlich Schluss mit der Atomkraft im Emsland ist.\u201c<\/p>\n\n\n\n<p>Durch den Angriffskrieg auf die Ukraine und den Stopp der Gaslieferungen aus Russland sei zwar eine neue Situation in der Energieversorgung entstanden. Aber der fachlich begr\u00fcndete Vorschlag der Bundestagsfraktion der GR\u00dcNEN, die s\u00fcddeutschen AKWs aufgrund m\u00f6glicher Netzstabilit\u00e4tsprobleme in der Reserve zu halten, untermauert durch einen Stresstest, sei ein echter Kompromiss gewesen. Trotz vieler Debatten und erheblicher Bedenken bei den Mitgliedern der GR\u00dcNEN hatte dieser Kompromiss eine Mehrheit auf der Bundesdelegiertenkonferenz der GR\u00dcNEN am Wochenende gefunden.<\/p>\n\n\n\n<p>Dass nun nach der Anweisung durch den SPD-Kanzler ohne sachliche Begr\u00fcndung auch das AKW Emsland weiterlaufen soll, macht aus Sicht der GR\u00dcNEN keinen Sinn und ist nur dem Koalitionsfrieden geschuldet. \u201eDas ist ein Kniefall vor der FDP\u201c, so Birgit Kemmer, Vorsitzende des Kreisverbandes Emsland.<\/p>\n\n\n\n<p>\u201eDiesen durch FDP und SPD erzwungenen politischen Frieden m\u00fcssen wir hier in Lingen ausbaden\u201c, so Martina Pellny, Mitglied des Stadtrates Lingen. \u201eBesonders \u00e4rgert mich, dass nun viel Geld in Wartungsarbeiten und die Sicherheits\u00fcberpr\u00fcfung des nun 36 Jahre alten Reaktors flie\u00dfen wird. Geld, das RWE viel besser in den geplanten Wasserstoffpark hier in Lingen investieren k\u00f6nnte. Wir m\u00fcssen endlich weg, von der gef\u00e4hrlichen und extrem teuren Nuklearenergie und mit voller Kraft die Erneuerbaren Energien f\u00f6rdern.\u201c<\/p>\n\n\n\n<p>Laut BUND kann das AKW Lingen ab November nur noch 0,03% des Jahresenergieverbrauches erzeugen. Hinzu kommen schwerste Sicherheitsbedenken die \u00fcber die 2019 entdeckten Korrosionssch\u00e4den im Bereich des Dampferzeugers hinausgehen. Unn\u00f6tige Kernkraftwerde in drohenden Kriegszeiten weiterlaufen zu lassen, sei unverantwortlich. Auch in einer Energiekrise sollte man Kosten, Risiken und Nutzen gut abw\u00e4gen.<\/p>\n\n\n\n<p>Darum sei jetzt eine nicht mehr verhandelbare Linie erreicht: \u201eMit uns gibt es definitiv keine neuen Brennst\u00e4be und das Enddatum f\u00fcr den Weiterbetrieb bis zum 15.4.2023 ist f\u00fcr uns gesetzt\u201c, stellt Werner Henseleit als Vorsitzender f\u00fcr den Kreisverband klar.<\/p>\n","protected":false},"excerpt":{"rendered":"<p>Pressemitteilung B\u00fcndnis 90\/ DIE GR\u00dcNEN, Kreisverband Emsland GR\u00dcNE im Emsland sind gegen den Weiterbetrieb des AKW Emsland \u201eWir sind tief entt\u00e4uscht \u00fcber die Kanzler-Entscheidung von Montag, das AKW Emsland \u00fcber [&hellip;]<\/p>\n","protected":false},"author":-1,"featured_media":391,"comment_status":"open","ping_status":"open","sticky":false,"template":"","format":"standard","meta":{"footnotes":""},"categories":[4],"tags":[],"class_list":["post-390","post","type-post","status-publish","format-standard","has-post-thumbnail","hentry","category-emsland"],"_links":{"self":[{"href":"https:\/\/gruene-emsland.de\/index.php?rest_route=\/wp\/v2\/posts\/390","targetHints":{"allow":["GET"]}}],"collection":[{"href":"https:\/\/gruene-emsland.de\/index.php?rest_route=\/wp\/v2\/posts"}],"about":[{"href":"https:\/\/gruene-emsland.de\/index.php?rest_route=\/wp\/v2\/types\/post"}],"author":[{"embeddable":true,"href":"https:\/\/gruene-emsland.de\/index.php?rest_route=\/wp\/v2\/users\/1"}],"replies":[{"embeddable":true,"href":"https:\/\/gruene-emsland.de\/index.php?rest_route=%2Fwp%2Fv2%2Fcomments&post=390"}],"version-history":[{"count":1,"href":"https:\/\/gruene-emsland.de\/index.php?rest_route=\/wp\/v2\/posts\/390\/revisions"}],"predecessor-version":[{"id":392,"href":"https:\/\/gruene-emsland.de\/index.php?rest_route=\/wp\/v2\/posts\/390\/revisions\/392"}],"wp:featuredmedia":[{"embeddable":true,"href":"https:\/\/gruene-emsland.de\/index.php?rest_route=\/wp\/v2\/media\/391"}],"wp:attachment":[{"href":"https:\/\/gruene-emsland.de\/index.php?rest_route=%2Fwp%2Fv2%2Fmedia&parent=390"}],"wp:term":[{"taxonomy":"category","embeddable":true,"href":"https:\/\/gruene-emsland.de\/index.php?rest_route=%2Fwp%2Fv2%2Fcategories&post=390"},{"taxonomy":"post_tag","embeddable":true,"href":"https:\/\/gruene-emsland.de\/index.php?rest_route=%2Fwp%2Fv2%2Ftags&post=390"}],"curies":[{"name":"wp","href":"https:\/\/api.w.org\/{rel}","templated":true}]}}