{"id":371,"date":"2022-07-19T10:20:33","date_gmt":"2022-07-19T10:20:33","guid":{"rendered":"https:\/\/gruene-emsland.de\/?p=371"},"modified":"2022-07-19T10:26:38","modified_gmt":"2022-07-19T10:26:38","slug":"zukunftsregion-ems-vechte-statement-zum-top8-der-kreistagssitzung-vom-04-07-22","status":"publish","type":"post","link":"https:\/\/gruene-emsland.de\/?p=371","title":{"rendered":"Zukunftsregion Ems-Vechte &#8211; Statement zum TOP8 der Kreistagssitzung vom 04.07.22."},"content":{"rendered":"\n<p>Clemens Grolle<br>TOP 8 \/ Zukunftsregion Ems-Vechte; geplante Kooperation mit dem Landkreis Grafschaft Bentheim<br>Stellungnahme der Kreistagsfraktion (Klemens Grolle)<br>B\u00fcndnis 90\/ Die Gr\u00fcnen begr\u00fc\u00dfen grunds\u00e4tzlich die Bewerbung um die Zukunftsregionen Niedersachsen. Die Laufzeit und der Finanzrahmen sind attraktiv. Insbesondere begr\u00fc\u00dfen wir die gemeinsame Bewerbung mit dem Landkreis Grafschaft Bentheim.<br>Zugegeben die Auswahl aus den angebotenen Handlungsfelder ist nicht einfach. Die ausgew\u00e4hlten Handlungsfelder zeigen jedoch die konservative Einstellung im Emsland. Es wurden solche Handlungsfelder ausgew\u00e4hlt, die das bestehende System, welches erkennbar in vielen Punkten an seine Grenzen st\u00f6\u00dft, im bestehenden Rahmen kurzfristig optimiert oder es werden Bereiche erneut aufgegriffen, wo F\u00f6rderungen bereits vorhanden sind. Kann man machen, muss man aber nicht!<br>Zukunftsweisend und innovativ w\u00e4re aus unserer Sicht z.B. das Handlungsfeld \u201eCO2-arme Gesellschaft und Kreislaufwirtschaft\u201c gewesen. Angesichts zusammenbrechender Lieferketten und Versorgungsengp\u00e4ssen in vielen Bereichen bietet die Entwicklung und der Aufbau einer Kreislaufwirtschaft (m\u00f6glichst regional) einen h\u00f6chst effizienten und zwingenden Ansatz mit vielen Vorteilen und Perspektiven f\u00fcr zuk\u00fcnftige wirtschaftliche Aktivit\u00e4ten und f\u00fcr die Umwelt. Hier innovativ zu sein und einen entsprechenden Vorsprung zu erarbeiten, b\u00f6te auch im wirtschaftlichen Wettbewerb sehr gute Zukunftsaussichten f\u00fcr die Region Ems-Vechte. Die Reduktion von CO2 in den Wirtschaftskreisl\u00e4ufen wirkt nicht nur positiv auf den Klimawandel aus, sondern bietet zus\u00e4tzlich auch wirtschaftliche Vorteile angesichts des CO2 Zertifikathandels.<br>Klein- und Mittelst\u00e4ndische Unternehmen, wie wir sie hier in der Region haben, k\u00f6nnen dies nicht allein bewerkstelligen brauchen Unterst\u00fctzung um zuk\u00fcnftig konkurrenzf\u00e4hig zu sein.<br>Abschlie\u00dfende Bemerkung zu diesem Punkt: Bereits 2020 wurde ein Kreislaufwirtschaftsaktionsplan f\u00fcr die Europ\u00e4ische Union vorgestellt. Die Umstellung zu einer Kreislaufwirtschaft wurde als eine der Schl\u00fcsselfunktionen f\u00fcr kleine und mittlere Unternehmen identifiziert.<br>Auch das Handlungsfeld \u201eBiologische Vielfalt und funktionierende Naturr\u00e4ume \/ Biologische Vielfalt und gr\u00fcne Infrastrukturen\u201c wird angesichts des weltweiten Artensterbens und den Auswirkungen des Klimawandels in den aktuellen Betrachtungen u. E. viel zu niedrig bewertet. Wie dramatisch die Situation ist, wird z.B. daran sichtbar,<br>dass V\u00f6gel wir der Star oder der Haussperling in ihrem Bestand bedroht sind. Der Klimawandel bedroht viele weitere Tier- und Pflanzenarten. Das Waldsterben wird in vielen Gebieten sichtbar und hat unmittelbaren Einflu\u00df auf die Materialversorgung z.B. im Bereich der Bauindustrie.<br>Es wird auch daran sichtbar, dass die Wasserversorgung angesichts der steigenden Temperaturen und der damit verbundenen Notwendigkeit zur Bew\u00e4sserung von Nutzfl\u00e4chen zunehmend schwieriger wird.<br>In diesem Handlungsfeld ist aus unserer Sicht ebenfalls gro\u00dfer Handlungsdruck, um den dringenden Anforderungen in den n\u00e4chsten Jahren so fr\u00fch als m\u00f6glich zu begegnen.<br>Die Fraktion von B\u00fcndnis 90 \/ Die Gr\u00fcnen wird dem vorliegenden Vorschlag nicht ablehnen, sondern sich enthalten.<br>Auch in der Hoffnung, dass das die eben aufgezeigten Handlungsfelder hier im Kreistag wahrgenommen werden und daraus resultierenden notwendige Ma\u00dfnahmen m\u00f6glichst kurzfristig angegangen werden.<\/p>\n\n\n\n<p><\/p>\n\n\n\n<div data-wp-interactive=\"core\/file\" class=\"wp-block-file\"><object data-wp-bind--hidden=\"!state.hasPdfPreview\" hidden class=\"wp-block-file__embed\" data=\"https:\/\/gruene-emsland.de\/wp-content\/uploads\/2022\/07\/TOP-8.-Kreistag-04.-Juli-2022_ges_Infos-1.pdf\" type=\"application\/pdf\" style=\"width:100%;height:600px\" aria-label=\"Einbettung von Einbettung von TOP-8.-Kreistag-04.-Juli-2022_ges_Infos-1..\"><\/object><a id=\"wp-block-file--media-54afd7fd-56a3-43e4-9977-c9837c80a0e6\" href=\"https:\/\/gruene-emsland.de\/wp-content\/uploads\/2022\/07\/TOP-8.-Kreistag-04.-Juli-2022_ges_Infos-1.pdf\">TOP-8.-Kreistag-04.-Juli-2022_ges_Infos-1<\/a><a href=\"https:\/\/gruene-emsland.de\/wp-content\/uploads\/2022\/07\/TOP-8.-Kreistag-04.-Juli-2022_ges_Infos-1.pdf\" class=\"wp-block-file__button\" download aria-describedby=\"wp-block-file--media-54afd7fd-56a3-43e4-9977-c9837c80a0e6\">Herunterladen<\/a><\/div>\n","protected":false},"excerpt":{"rendered":"<p>Clemens GrolleTOP 8 \/ Zukunftsregion Ems-Vechte; geplante Kooperation mit dem Landkreis Grafschaft BentheimStellungnahme der Kreistagsfraktion (Klemens Grolle)B\u00fcndnis 90\/ Die Gr\u00fcnen begr\u00fc\u00dfen grunds\u00e4tzlich die Bewerbung um die Zukunftsregionen Niedersachsen. Die Laufzeit [&hellip;]<\/p>\n","protected":false},"author":-1,"featured_media":336,"comment_status":"open","ping_status":"open","sticky":false,"template":"","format":"standard","meta":{"footnotes":""},"categories":[1],"tags":[],"class_list":["post-371","post","type-post","status-publish","format-standard","has-post-thumbnail","hentry","category-uncategorized"],"_links":{"self":[{"href":"https:\/\/gruene-emsland.de\/index.php?rest_route=\/wp\/v2\/posts\/371","targetHints":{"allow":["GET"]}}],"collection":[{"href":"https:\/\/gruene-emsland.de\/index.php?rest_route=\/wp\/v2\/posts"}],"about":[{"href":"https:\/\/gruene-emsland.de\/index.php?rest_route=\/wp\/v2\/types\/post"}],"author":[{"embeddable":true,"href":"https:\/\/gruene-emsland.de\/index.php?rest_route=\/wp\/v2\/users\/1"}],"replies":[{"embeddable":true,"href":"https:\/\/gruene-emsland.de\/index.php?rest_route=%2Fwp%2Fv2%2Fcomments&post=371"}],"version-history":[{"count":4,"href":"https:\/\/gruene-emsland.de\/index.php?rest_route=\/wp\/v2\/posts\/371\/revisions"}],"predecessor-version":[{"id":382,"href":"https:\/\/gruene-emsland.de\/index.php?rest_route=\/wp\/v2\/posts\/371\/revisions\/382"}],"wp:featuredmedia":[{"embeddable":true,"href":"https:\/\/gruene-emsland.de\/index.php?rest_route=\/wp\/v2\/media\/336"}],"wp:attachment":[{"href":"https:\/\/gruene-emsland.de\/index.php?rest_route=%2Fwp%2Fv2%2Fmedia&parent=371"}],"wp:term":[{"taxonomy":"category","embeddable":true,"href":"https:\/\/gruene-emsland.de\/index.php?rest_route=%2Fwp%2Fv2%2Fcategories&post=371"},{"taxonomy":"post_tag","embeddable":true,"href":"https:\/\/gruene-emsland.de\/index.php?rest_route=%2Fwp%2Fv2%2Ftags&post=371"}],"curies":[{"name":"wp","href":"https:\/\/api.w.org\/{rel}","templated":true}]}}