{"id":365,"date":"2022-06-07T08:31:09","date_gmt":"2022-06-07T08:31:09","guid":{"rendered":"https:\/\/gruene-emsland.de\/?p=365"},"modified":"2022-06-07T08:31:32","modified_gmt":"2022-06-07T08:31:32","slug":"rede-zur-einstellung-eines-einer-nachhaltigkeitsmanagerin","status":"publish","type":"post","link":"https:\/\/gruene-emsland.de\/?p=365","title":{"rendered":"Rede zur Einstellung eines \/ einer Nachhaltigkeitsmanager*in"},"content":{"rendered":"\n<p>Rede von Martina Pellny im Kreisentwicklungsausschuss am 25.5.2022<\/p>\n\n\n\n<p>Sehr geehrter Herr Vorsitzender,<br>liebe Verwaltung, liebe Kolleg*Innen,<\/p>\n\n\n\n<p>Dieser Antrag von B\u00fcndnis 90\/ Die Gr\u00fcnen bezieht sich auf die Pr\u00fcfung und Beantragung einer gef\u00f6rderten Personalstelle f\u00fcr mehr Nachhaltigkeit. Sie w\u00fcrde ideal die Bem\u00fchungen des Landkreises im Rahmen der Lokalen Agenda 21-Prozesse unterst\u00fctzen und erg\u00e4nzen.<\/p>\n\n\n\n<p>Diese Personalstelle wird zu 90% f\u00fcr 24 Monate aus Mitteln des Bundesministeriums f\u00fcr wirtschaftliche Zusammenarbeit und Entwicklung (BMZ) gef\u00f6rdert. Dies ist eine Riesenchance und geht zur\u00fcck auf einen Bundestagsbeschluss der Gro\u00dfen Koalition von CDU und SPD aus dem Jahre 2015!<\/p>\n\n\n\n<p>Wir verstehen nicht, warum ein solcher Antrag nicht schon fr\u00fcher gestellt wurde \u2013 und wir fragen uns: wird er heute nur abgelehnt, weil die Gr\u00fcnen die Antragsteller sind?<\/p>\n\n\n\n<p>In der Verwaltungsvorlage findet man die Information dass diese Stelle nicht verl\u00e4ngerbar ist: nach unseren Information ist das nicht korrekt, das findet man auf der zust\u00e4ndigen Webseite: Es besteht die M\u00f6glichkeit einen Folgeantrag zu stellen. Dann verl\u00e4ngert sich die F\u00f6rderung um weitere zwei Jahre, die F\u00f6rderquote sinkt allerdings auf 75%. Aber das ist immer noch eine lohnende F\u00f6rderung \u2013 und man h\u00e4tte f\u00fcr 4 Jahre Fachpersonal f\u00fcr Nachhaltigkeit \u2013 damit k\u00f6nnte man viel machen\u2026<\/p>\n\n\n\n<p>Haben wir die Zeichen der Zeit nicht erkannt? Denn hier geht es nicht alleine um die Beschaffung f\u00fcr \u00f6ko-fairen Kaffee f\u00fcr die Kreistagssitzungen. Das ist glaube ich inzwischen selbstverst\u00e4ndlich. Die Dimension ist viel gr\u00f6\u00dfer \u2013 ich m\u00f6chte darauf kurz eingehen:<\/p>\n\n\n\n<p>Es betrifft zum einen den Bereich \u00f6kofaire Beschaffung in der Verwaltung. Also der Einkauf von Produkten und Dienstleistungen, die unter menschenw\u00fcrdigen, \u00f6kologischen, und sozialvertr\u00e4glichen Arbeitsbedingungen hergestellt wurden.<\/p>\n\n\n\n<p>Schauen wir allein auf das Budget f\u00fcr B\u00fcrobedarf, so kann es nach Auskunft der Verwaltung f\u00fcr den Haushalt 2022 f\u00fcr alle Kreish\u00e4user auf rund 900000 Euro gesch\u00e4tzt werden. Da scheinen Ausgaben f\u00fcr EDV und Elektronik noch nicht eingerechnet zu sein. Dh. es wird wahrscheinlich weitaus mehr sein. Gerade aber Elektronik braucht \u00f6kosoziale Kriterien f\u00fcr die Beschaffung. Auch f\u00fcr Textilien w\u00e4re das sch\u00f6n, die sind auch nicht eingerechnet. Hinzu kommen B\u00fcrokosten f\u00fcr s\u00e4mtliche Schulen des Landkreises in H\u00f6he von rund 288000 Euro. Dar\u00fcber hinaus wird auch Papier zentral beschafft in H\u00f6he von rund 300000 Euro. F\u00fcr die Bewirtung im Kreishaus besteht ein Budget von ca 75000 Euro.<br>Das alleine sind rund 1,5 Mio Euro \u2013 ein Budget, f\u00fcr das eine Personalstelle f\u00fcr \u00f6ko-faire Beschaffung gut besch\u00e4ftigt w\u00e4re die Fachabteilungen des Kreises zu beraten und zu unterst\u00fctzen. Hinzu kommt sicherlich noch andere Ausstattung der Schulen im Kreis mit Textilien, B\u00e4llen, Tablets. D.h es sind weit mehr als 1,5 Mio Euro.<br>F\u00fcr \u00f6ko-faire Beschaffung braucht es eine zentrale Ansprechperson, die das Ganze strukturell recherchiert und aufstellt und f\u00fcr alle Mitarbeiter Anlaufstelle ist. Und dann die besten und billigsten Anbieter heraussucht. Nur so kann der Landkreis mit gutem Beispiel vorangehen.<br>Es gibt inzwischen, neben vielen St\u00e4dten in Deutschland (Lingen, Nordhorn), schon zahlreiche Landkreise, die die F\u00f6rderung mit einer Personalstelle aktuell durchf\u00fchren und \u00f6ko-fair einkaufen, zum Beispiel der Landkreis Enzkreis, Donau-Rie, Passau, Traunstein, Kreis D\u00fcren, Kreis Lippe.<\/p>\n\n\n\n<p>Dar\u00fcber hinaus gibt es noch viele andere Aufgabenfelder wie in meiner Vorlage aufgef\u00fchrt. Ich m\u00f6chte hier zum Beispiel noch den Bereich \u00d6ffentlichkeitsarbeit erw\u00e4hnen. Das bezieht sich zum Beispiel auf Dialoge mit dem Einzelhandel, der Gastronomie oder dem Handwerk, damit die Unternehmen dar\u00fcber nachdenken, Mitarbeiter*Innen mit Berufskleidung aus Fairtrade-Baumwolle auszustatten.<br>Oder: Unterst\u00fctzung der Gastronomie zur Etablierung eines Mehrwegsystems im Bereich toGo-Getr\u00e4nke und Speisen (RECUP). Das muss ja ohnehin bald im Rahmen der neuen Verpackungsnovelle umgesetzt werden, und wo Unternehmen sicher dankbar f\u00fcr kompetente Ansprechpartner w\u00e4ren. Bei der Verpackungsnovelle geht es um CO2-Reduktion durch M\u00fcllvermeidung.<br>Oder: Unterst\u00fctzung der Krankenh\u00e4user zu nachhaltiger Beschaffung (Green Hospital).<br>Oder: Nachhaltigkeit in \u00f6ffentlichen Kantinen und in der Verpflegung, Oder: Nachhaltiges Bauen und Renovieren im Bestand, Gro\u00dfveranstaltungen nachhaltig organisieren etc etc.<br>Das Aufgabenfeld l\u00e4\u00dft sich entsprechend erweitern, alle Sektoren sind betroffen.<\/p>\n\n\n\n<p>Die Dimension ist wirklich gr\u00f6\u00dfer, als man auf den ersten Blick vermutet.<\/p>\n\n\n\n<p>Einen letzten Bereich m\u00f6chte ich noch ansprechen: Die Vernetzung der bestehenden Fair-Trade Initiativen im Emsland (in Papenburg, Meppen, Lingen, S\u00f6gel, Lathen) und die Anregung zu weiteren lokalen Initiativen in weiteren Kommunen. Dazu k\u00f6nnte dann auch geh\u00f6ren, dass eine solche Personalstelle die Zertifizierung des Landkreises Emsland zum Fair-Trade Landkreis vorbereitet und unterst\u00fctzt. Das ist ein Ziel, das wir nur mit entsprechendem Personal erreichen k\u00f6nnen. Und das wird sicher auf uns zukommen.<\/p>\n\n\n\n<p>Sehr geehrte Kollegen, liebe Verwaltung, lieber Herr Landrat. Die Nachhaltigkeitsstrategie der Bundesregierung und des Landes Niedersachsen muss auf kommunaler Ebene umgesetzt werden. Daf\u00fcr hat der Bund unter anderem die F\u00f6rderung einer Personalstelle wie wir sie beantragt haben ins Leben gerufen. Lassen sie uns dieses Angebot, das uns fast nichts kostet annehmen! Wir haben nichts zu verlieren und viel zu gewinnen.<\/p>\n\n\n\n<p>Ich bitte sie, die Verwaltungsvorlage mit der Ablehnung unseres Antrages noch einmal zu \u00fcberdenken. Lassen sie uns zukunftgewandt f\u00fcr unseren Landkreis denken und handeln.<\/p>\n","protected":false},"excerpt":{"rendered":"<p>Rede von Martina Pellny im Kreisentwicklungsausschuss am 25.5.2022 Sehr geehrter Herr Vorsitzender,liebe Verwaltung, liebe Kolleg*Innen, Dieser Antrag von B\u00fcndnis 90\/ Die Gr\u00fcnen bezieht sich auf die Pr\u00fcfung und Beantragung einer [&hellip;]<\/p>\n","protected":false},"author":-1,"featured_media":336,"comment_status":"open","ping_status":"open","sticky":false,"template":"","format":"standard","meta":{"footnotes":""},"categories":[4],"tags":[],"class_list":["post-365","post","type-post","status-publish","format-standard","has-post-thumbnail","hentry","category-emsland"],"_links":{"self":[{"href":"https:\/\/gruene-emsland.de\/index.php?rest_route=\/wp\/v2\/posts\/365","targetHints":{"allow":["GET"]}}],"collection":[{"href":"https:\/\/gruene-emsland.de\/index.php?rest_route=\/wp\/v2\/posts"}],"about":[{"href":"https:\/\/gruene-emsland.de\/index.php?rest_route=\/wp\/v2\/types\/post"}],"author":[{"embeddable":true,"href":"https:\/\/gruene-emsland.de\/index.php?rest_route=\/wp\/v2\/users\/1"}],"replies":[{"embeddable":true,"href":"https:\/\/gruene-emsland.de\/index.php?rest_route=%2Fwp%2Fv2%2Fcomments&post=365"}],"version-history":[{"count":1,"href":"https:\/\/gruene-emsland.de\/index.php?rest_route=\/wp\/v2\/posts\/365\/revisions"}],"predecessor-version":[{"id":366,"href":"https:\/\/gruene-emsland.de\/index.php?rest_route=\/wp\/v2\/posts\/365\/revisions\/366"}],"wp:featuredmedia":[{"embeddable":true,"href":"https:\/\/gruene-emsland.de\/index.php?rest_route=\/wp\/v2\/media\/336"}],"wp:attachment":[{"href":"https:\/\/gruene-emsland.de\/index.php?rest_route=%2Fwp%2Fv2%2Fmedia&parent=365"}],"wp:term":[{"taxonomy":"category","embeddable":true,"href":"https:\/\/gruene-emsland.de\/index.php?rest_route=%2Fwp%2Fv2%2Fcategories&post=365"},{"taxonomy":"post_tag","embeddable":true,"href":"https:\/\/gruene-emsland.de\/index.php?rest_route=%2Fwp%2Fv2%2Ftags&post=365"}],"curies":[{"name":"wp","href":"https:\/\/api.w.org\/{rel}","templated":true}]}}