{"id":358,"date":"2022-05-04T08:27:31","date_gmt":"2022-05-04T08:27:31","guid":{"rendered":"https:\/\/gruene-emsland.de\/?p=358"},"modified":"2022-05-04T08:27:31","modified_gmt":"2022-05-04T08:27:31","slug":"richtlinie-des-landkreises-emsland-fu%cc%88r-die-fo%cc%88rderung-von-freiwilligenengagement-74-2022","status":"publish","type":"post","link":"https:\/\/gruene-emsland.de\/?p=358","title":{"rendered":"Richtlinie des Landkreises Emsland fu\u0308r die Fo\u0308rderung von Freiwilligenengagement (74\/2022)"},"content":{"rendered":"\n<p>Kreistag 2.5.2022<br>Richtlinie des Landkreises Emsland fu\u0308r die Fo\u0308rderung von Freiwilligenengagement (74\/2022)<br>Herr Vorsitzender, Herr Landrat, liebe Kollegen.<br>Um es vorwegzunehmen: B\u00fcndnis 90\/ Die Gr\u00fcnen stimmen der vorgeschlagenen Richtlinie zu.<br>Hauptamt muss Ehrenamt st\u00e4rken, die Zeiten haben sich in der Tat gewandelt &#8211; zu vieles lastet auf den Schultern des Ehrenamtes. Ich habe sehr gute Erfahrungen mit dem Freiwilligenzentrum in Lingen gemacht, da sind die Strukturen sehr professionell aufgestellt, und nur so kann sinnhafte Arbeit geleistet werden. Gut dass wir nun eine \u00e4hnliche Struktur f\u00fcr alle Gemeinden im Emsland ins Auge fassen.<br>Die Richtlinie schl\u00e4gt die F\u00f6rderung eines Minijobs mit 7 Wochenstunden vor. Meine Erfahrung sagt mir, dass das nicht reichen wird. F\u00e4ngt man einmal an, dann wird es schnell stundenm\u00e4\u00dfig mehr. Wir sollten das gut beobachten und dann gegebenenfalls auch anpassen.<br>Warnen m\u00f6chte ich ausdr\u00fccklich davor, diese Richtlinie als ein Mittel zu verstehen um den Pflegenotstand im Emsland durch ehrenamtliche Kr\u00e4fte aufzufangen. Dies wird uns in der Vorlage durch die Blume suggeriert.<br>Meine Damen und Herren: Die St\u00e4rkung der Pflege m\u00fcssen wir im Emsland durch attraktive Angebote an Pflegefachkr\u00e4fte voranbringen.<br>B\u00fcndnis 90\/ Die Gr\u00fcnen haben dazu einen Antrag im Fachausschuss gestellt und eine Machbarkeitsstudie zur Einf\u00fchrung von Pflegefachkr\u00e4ften &#8211; als sogenannten K\u00fcmmerer &#8211; auf kommunaler Ebene vorgeschlagen. Dies sehen wir auch als gute Erg\u00e4nzung zum bestehenden Projekt REKO, da\u00df zur Zeit auch noch darauf wartet eine verl\u00e4ssliche Weiterfinanzierung zu bekommen. Leider wurde unser Antrag zun\u00e4chst zur\u00fcckgestellt.<br>Das ist bedauerlich. Denn was uns in der Pflege voranbringt, ist Fachpersonal. Fachpersonal, dass bei multimorbiden, komplexen Krankheitsverl\u00e4ufen f\u00fcr unsere Senioren die Schnittstellen zwischen Hausarzt, ambulanten Pflegediensten und den Angeh\u00f6rigen optimiert.<br>Diese Fachkr\u00e4fte bilden wir bereits im Emsland am Campus Lingen mit dem Bachelor Studiengang Pflege dual aus. Aber leider wandern viele Absolventen in andere Bundesl\u00e4nder ab, weil wir hier vor Ort keine ad\u00e4quaten Stellen schaffen. Das sind nicht die richtigen Priorit\u00e4ten.<br>Ehrenamt st\u00e4rken ja \u2013 aber endlich auch mit der St\u00e4rkung der Pflege vorankommen, das w\u00fcnsch ich mir. Vielen Dank.<\/p>\n","protected":false},"excerpt":{"rendered":"<p>Kreistag 2.5.2022Richtlinie des Landkreises Emsland fu\u0308r die Fo\u0308rderung von Freiwilligenengagement (74\/2022)Herr Vorsitzender, Herr Landrat, liebe Kollegen.Um es vorwegzunehmen: B\u00fcndnis 90\/ Die Gr\u00fcnen stimmen der vorgeschlagenen Richtlinie zu.Hauptamt muss Ehrenamt st\u00e4rken, [&hellip;]<\/p>\n","protected":false},"author":-1,"featured_media":0,"comment_status":"open","ping_status":"open","sticky":false,"template":"","format":"standard","meta":{"footnotes":""},"categories":[41],"tags":[],"class_list":["post-358","post","type-post","status-publish","format-standard","hentry","category-kreistagsfraktion"],"_links":{"self":[{"href":"https:\/\/gruene-emsland.de\/index.php?rest_route=\/wp\/v2\/posts\/358","targetHints":{"allow":["GET"]}}],"collection":[{"href":"https:\/\/gruene-emsland.de\/index.php?rest_route=\/wp\/v2\/posts"}],"about":[{"href":"https:\/\/gruene-emsland.de\/index.php?rest_route=\/wp\/v2\/types\/post"}],"author":[{"embeddable":true,"href":"https:\/\/gruene-emsland.de\/index.php?rest_route=\/wp\/v2\/users\/1"}],"replies":[{"embeddable":true,"href":"https:\/\/gruene-emsland.de\/index.php?rest_route=%2Fwp%2Fv2%2Fcomments&post=358"}],"version-history":[{"count":1,"href":"https:\/\/gruene-emsland.de\/index.php?rest_route=\/wp\/v2\/posts\/358\/revisions"}],"predecessor-version":[{"id":359,"href":"https:\/\/gruene-emsland.de\/index.php?rest_route=\/wp\/v2\/posts\/358\/revisions\/359"}],"wp:attachment":[{"href":"https:\/\/gruene-emsland.de\/index.php?rest_route=%2Fwp%2Fv2%2Fmedia&parent=358"}],"wp:term":[{"taxonomy":"category","embeddable":true,"href":"https:\/\/gruene-emsland.de\/index.php?rest_route=%2Fwp%2Fv2%2Fcategories&post=358"},{"taxonomy":"post_tag","embeddable":true,"href":"https:\/\/gruene-emsland.de\/index.php?rest_route=%2Fwp%2Fv2%2Ftags&post=358"}],"curies":[{"name":"wp","href":"https:\/\/api.w.org\/{rel}","templated":true}]}}