{"id":344,"date":"2022-02-24T10:46:41","date_gmt":"2022-02-24T10:46:41","guid":{"rendered":"https:\/\/gruene-emsland.de\/?p=344"},"modified":"2022-02-24T10:46:41","modified_gmt":"2022-02-24T10:46:41","slug":"antrag-jaehrliche-schriftliche-uebersicht-zur-umsetzung-von-haushaltsantraegen-der-kreistagsfraktionen","status":"publish","type":"post","link":"https:\/\/gruene-emsland.de\/?p=344","title":{"rendered":"Antrag: J\u00e4hrliche, schriftliche \u00dcbersicht zur Umsetzung von Haushaltsantr\u00e4gen der Kreistagsfraktionen"},"content":{"rendered":"\n<p>Lingen\/Ems, 18.01.2022<br>Sehr geehrter Herr Landrat,<br>Die Fraktion von B\u00fcndnis 90\/ Die Gr\u00fcnen im Kreistag beantragt:<br>dass die Verwaltung f\u00fcr die kommenden Haushaltsberatungen, einen schriftli-<br>chen \u00dcberblick, \u00fcber die Umsetzung\/ Bearbeitungsstand der im Jahr zuvor<br>beschlossenen haushaltsrelevanten Antr\u00e4ge aller Kreistagsfraktionen erstellt\u201c<br>und den Fraktionen zur Verf\u00fcgung stellt. Das gleiche gilt f\u00fcr die Verpflichtungs-<br>erm\u00e4chtigungen.<br><br>Begr\u00fcndung:<br>Im neuen Kreistag ist eine Vielzahl von neuen Mitgliedern.<br>F\u00fcr die Einarbeitung und das Verst\u00e4ndnis ist das komplexe Zahlenwerk, ist eine<br>\u00dcbersicht aller gestellten, haushaltsrelevanten Antr\u00e4ge hilfreich. Die \u00dcbersicht<br>in tabellarischer Form ist ein gutes Monitoring-Werkzeug.<br>Mit freundlichem Gru\u00df<br>Birgit Kemmer<br> <br><\/p>\n","protected":false},"excerpt":{"rendered":"<p>Lingen\/Ems, 18.01.2022Sehr geehrter Herr Landrat,Die Fraktion von B\u00fcndnis 90\/ Die Gr\u00fcnen im Kreistag beantragt:dass die Verwaltung f\u00fcr die kommenden Haushaltsberatungen, einen schriftli-chen \u00dcberblick, \u00fcber die Umsetzung\/ Bearbeitungsstand der im Jahr [&hellip;]<\/p>\n","protected":false},"author":-1,"featured_media":336,"comment_status":"open","ping_status":"open","sticky":false,"template":"","format":"standard","meta":{"footnotes":""},"categories":[41,47],"tags":[],"class_list":["post-344","post","type-post","status-publish","format-standard","has-post-thumbnail","hentry","category-kreistagsfraktion","category-antraege"],"_links":{"self":[{"href":"https:\/\/gruene-emsland.de\/index.php?rest_route=\/wp\/v2\/posts\/344","targetHints":{"allow":["GET"]}}],"collection":[{"href":"https:\/\/gruene-emsland.de\/index.php?rest_route=\/wp\/v2\/posts"}],"about":[{"href":"https:\/\/gruene-emsland.de\/index.php?rest_route=\/wp\/v2\/types\/post"}],"author":[{"embeddable":true,"href":"https:\/\/gruene-emsland.de\/index.php?rest_route=\/wp\/v2\/users\/1"}],"replies":[{"embeddable":true,"href":"https:\/\/gruene-emsland.de\/index.php?rest_route=%2Fwp%2Fv2%2Fcomments&post=344"}],"version-history":[{"count":1,"href":"https:\/\/gruene-emsland.de\/index.php?rest_route=\/wp\/v2\/posts\/344\/revisions"}],"predecessor-version":[{"id":345,"href":"https:\/\/gruene-emsland.de\/index.php?rest_route=\/wp\/v2\/posts\/344\/revisions\/345"}],"wp:featuredmedia":[{"embeddable":true,"href":"https:\/\/gruene-emsland.de\/index.php?rest_route=\/wp\/v2\/media\/336"}],"wp:attachment":[{"href":"https:\/\/gruene-emsland.de\/index.php?rest_route=%2Fwp%2Fv2%2Fmedia&parent=344"}],"wp:term":[{"taxonomy":"category","embeddable":true,"href":"https:\/\/gruene-emsland.de\/index.php?rest_route=%2Fwp%2Fv2%2Fcategories&post=344"},{"taxonomy":"post_tag","embeddable":true,"href":"https:\/\/gruene-emsland.de\/index.php?rest_route=%2Fwp%2Fv2%2Ftags&post=344"}],"curies":[{"name":"wp","href":"https:\/\/api.w.org\/{rel}","templated":true}]}}