{"id":340,"date":"2022-02-24T10:43:14","date_gmt":"2022-02-24T10:43:14","guid":{"rendered":"https:\/\/gruene-emsland.de\/?p=340"},"modified":"2022-02-24T10:43:14","modified_gmt":"2022-02-24T10:43:14","slug":"antrag-der-kreistagsfraktion-von-buendnis-90-die-gruenen-zur-effizienten-vermeidung-von-co%c2%b2-ausstoss-und-weiteren-massnahmen-zum-schutz-des-klimas-und-der-buergerinnen-im-emsland-im-bereich","status":"publish","type":"post","link":"https:\/\/gruene-emsland.de\/?p=340","title":{"rendered":"Antrag der Kreistagsfraktion von B\u00dcNDNIS 90\/DIE GR\u00dcNEN zur effizienten Vermeidung von CO\u00b2 &#8211; Aussto\u00df und weiteren Ma\u00dfnahmen zum Schutz des Klimas und der B\u00fcrger*innen im Emsland&#8230; im Bereich Renovierung, Erweiterung von bestehenden Geb\u00e4uden und Ersatz- beschaffungsma\u00dfnahmen im Bereich der Energieversorgung durch den Kreis."},"content":{"rendered":"\n<p>Meppen, den 8. Februar 2022 <br>Antrag der Kreistagsfraktion von B\u00dcNDNIS 90\/DIE GR\u00dcNEN zur effizienten Vermeidung<br>von CO\u00b2 &#8211; Aussto\u00df und weiteren Ma\u00dfnahmen zum Schutz des Klimas und der B\u00fcrger*innen<br>im Emsland im Bereich Renovierung, Erweiterung von bestehenden Geb\u00e4uden und Ersatz-<br>beschaffungsma\u00dfnahmen im Bereich der Energieversorgung durch den Kreis.<br>Beschlussvorschlag:<br>Bei der Renovierung und Erweiterung von Geb\u00e4uden, sowie Ersatzbeschaffungsma\u00dfnah-<br>men im Bereich der Energieversorgung durch den Kreis Emsland<br>\u2022 wird zuk\u00fcnftig, soweit technisch m\u00f6glich, die Installation von Photovoltaikanlagen<br>angestrebt und realisiert. Dabei ist die maximal m\u00f6gliche Photovoltaikleistung in Ver-<br>bindung mit entsprechenden Speichern zu installieren, so dass ein m\u00f6glicher Energie-<br>\u00fcberschuss zeitlich versetzt oder anderweitig (z.B. E-Mobilit\u00e4t) genutzt werden kann.<br>\u2022 wird zuk\u00fcnftig die Heizung und Warmwasserversorgung der Geb\u00e4ude durch die Nut-<br>zung von Erdw\u00e4rme in Verbindung mit Photovoltaik angestrebt.<br>\u2022 wird zus\u00e4tzlich, soweit die technischen Voraussetzungen gegeben sind, parallel eine<br>Dach- und Fassadenbegr\u00fcnung realisiert. Dabei ist die Installation der Photovoltaik so<br>auszuf\u00fchren, dass beides m\u00f6glich ist.<br>Begr\u00fcndung:<br>1. Mit den vorgeschlagenen Ma\u00dfnahmen wird den Forderungen<br>\u2022 Aus dem Bundesklimaschutzgesetz:<br>\u201eEs ist unsere Aufgabe, den n\u00e4chsten Generationen einen lebenswerten Planeten<br>zu hinterlassen. &#8230; Das Klimaschutzgesetz (KSG) sorgt daf\u00fcr, dass Deutschland<br>seine Klimaziele erreicht. Es schreibt erstmals gesetzlich verbindliche Klimaziele<br>und j\u00e4hrlich sinkende Emissionsmengen f\u00fcr die Sektoren Energie, Industrie, Ge-<br>b\u00e4ude, Verkehr, Landwirtschaft sowie Abfallwirtschaft vor. Die Ziele werden in<br>der Folge durch zahlreiche Ma\u00dfnahmen erreicht: Vorgaben, Anreize, F\u00f6rder- und<br>Investitionsprogramme. &#8230;\u201c2<br>\u2022 Aus dem Urteil des Bundesverfassungsgerichts vom 29.04.21:<br>\u201e&#8230; Das verfassungsrechtliche Klimaschutzziel des Art. 20a GG ist dahingehend<br>konkretisiert den Anstieg der globalen Durchschnittstemperatur dem sogenann-<br>ten \u201eParis-Ziel\u201c entsprechend auf deutlich unter 2 \u00b0C und m\u00f6glichst auf 1,5 \u00b0C ge-<br>gen\u00fcber dem vorindustriellen Niveau zu begrenzen. Um das zu erreichen, m\u00fcssen<br>die nach 2030 noch erforderlichen Minderungen dann immer dringender und<br>kurzfristiger erbracht werden. Von diesen k\u00fcnftigen Emissionsminderungspflich-<br>ten ist praktisch jegliche Freiheit potenziell betroffen, weil noch nahezu alle Berei-<br>che menschlichen Lebens mit der Emission von Treibhausgasen verbunden und<br>damit nach 2030 von drastischen Einschr\u00e4nkungen bedroht sind.\u201c<br>Rechnung getragen.<br>2. Die vorgeschlagenen Ma\u00dfnahmen f\u00fchren zu Kostenreduzierung im Bereich der<br>Energieversorgung:<br>\u2022 Den zu erwartenden starken Kostensteigerungen im Bereich der Energieversor-<br>gung (CO\u00b2 &#8211; Abgabe, allgemeine Kostensteigerungen am Energiemarkt) wird durch<br>die Verwendung von regenerativen Energien begegnet: Nach den Investitionen in<br>die entsprechenden Anlagen steht die verbrauchte Energie ann\u00e4hernd kostenfrei<br>zur Verf\u00fcgung. Gerade bei bestehenden, \u00e4lteren Geb\u00e4uden ist aufgrund schlech-<br>ter D\u00e4mmung der Energieverbrauch in der Regel relativ hoch und damit das Po-<br>tential zur Kostenreduzierung entsprechend hoch.<br>3. Dach- und Fassadenbegr\u00fcnungen sind effiziente und wertvolle Ma\u00dfnahmen zum<br>Klima- und Katastrophenschutz:<br>\u2022 Dachbegr\u00fcnungen halten Niederschl\u00e4ge nachweislich zur\u00fcck, denn ein Gro\u00dfteil<br>des Wassers wird zun\u00e4chst im durchwurzelten Substrat gebunden und l\u00e4uft zeit-<br>verz\u00f6gert ab. Dies verringert nicht nur die \u00dcberschwemmungsgefahr, sondern<br>entlastet zudem das kommunale Kanalisationsnetz.<br>\u2022 Jahreszeitlich sorgen begr\u00fcnte D\u00e4cher im Sommer durch die Verdunstung f\u00fcr eine<br>Abk\u00fchlung der umgebenden Luft. Wohnr\u00e4ume unter den Dachfl\u00e4chen heizen sich<br>durch den Isolationseffekt von der Sonne weniger auf und k\u00fchlen im Winter we-<br>niger aus.<br>\u2022 Die einheimische Artenvielfalt profitiert von dem erweiterten Nahrungsangebot<br>der Pflanzen sowie durch ungest\u00f6rte Lebensr\u00e4ume auf den D\u00e4chern.<br>\u2022 Insgesamt wirken sich Gr\u00fcnd\u00e4cher auch positiv auf das Stadtklima aus, weil Schad-<br>stoffe sowie Staub aus der Luft gefiltert werden.<br>F\u00fcr die Fraktion von B\u00dcNDNIS 90\/DIE GR\u00dcNEN im Kreistag des Emslandes<br>mit freundlichen Gr\u00fc\u00dfen<br>Nicolas BreerBirgit Kemmer<br>Fraktionsvorsitzende stv. Fraktionssprecher<\/p>\n","protected":false},"excerpt":{"rendered":"<p>Meppen, den 8. Februar 2022 Antrag der Kreistagsfraktion von B\u00dcNDNIS 90\/DIE GR\u00dcNEN zur effizienten Vermeidungvon CO\u00b2 &#8211; Aussto\u00df und weiteren Ma\u00dfnahmen zum Schutz des Klimas und der B\u00fcrger*innenim Emsland im [&hellip;]<\/p>\n","protected":false},"author":-1,"featured_media":336,"comment_status":"open","ping_status":"open","sticky":false,"template":"","format":"standard","meta":{"footnotes":""},"categories":[41,47],"tags":[],"class_list":["post-340","post","type-post","status-publish","format-standard","has-post-thumbnail","hentry","category-kreistagsfraktion","category-antraege"],"_links":{"self":[{"href":"https:\/\/gruene-emsland.de\/index.php?rest_route=\/wp\/v2\/posts\/340","targetHints":{"allow":["GET"]}}],"collection":[{"href":"https:\/\/gruene-emsland.de\/index.php?rest_route=\/wp\/v2\/posts"}],"about":[{"href":"https:\/\/gruene-emsland.de\/index.php?rest_route=\/wp\/v2\/types\/post"}],"author":[{"embeddable":true,"href":"https:\/\/gruene-emsland.de\/index.php?rest_route=\/wp\/v2\/users\/1"}],"replies":[{"embeddable":true,"href":"https:\/\/gruene-emsland.de\/index.php?rest_route=%2Fwp%2Fv2%2Fcomments&post=340"}],"version-history":[{"count":1,"href":"https:\/\/gruene-emsland.de\/index.php?rest_route=\/wp\/v2\/posts\/340\/revisions"}],"predecessor-version":[{"id":341,"href":"https:\/\/gruene-emsland.de\/index.php?rest_route=\/wp\/v2\/posts\/340\/revisions\/341"}],"wp:featuredmedia":[{"embeddable":true,"href":"https:\/\/gruene-emsland.de\/index.php?rest_route=\/wp\/v2\/media\/336"}],"wp:attachment":[{"href":"https:\/\/gruene-emsland.de\/index.php?rest_route=%2Fwp%2Fv2%2Fmedia&parent=340"}],"wp:term":[{"taxonomy":"category","embeddable":true,"href":"https:\/\/gruene-emsland.de\/index.php?rest_route=%2Fwp%2Fv2%2Fcategories&post=340"},{"taxonomy":"post_tag","embeddable":true,"href":"https:\/\/gruene-emsland.de\/index.php?rest_route=%2Fwp%2Fv2%2Ftags&post=340"}],"curies":[{"name":"wp","href":"https:\/\/api.w.org\/{rel}","templated":true}]}}