{"id":338,"date":"2022-02-24T10:39:30","date_gmt":"2022-02-24T10:39:30","guid":{"rendered":"https:\/\/gruene-emsland.de\/?p=338"},"modified":"2022-02-24T10:39:30","modified_gmt":"2022-02-24T10:39:30","slug":"statement-zu-unseren-antraegen-zur-effizienten-vermeidung-von-co%c2%b2-ausstoss-und-weiteren-massnahmen-zum-schutz-des-klimas-und-der-buergerinnen-im-emsland","status":"publish","type":"post","link":"https:\/\/gruene-emsland.de\/?p=338","title":{"rendered":"Statement zu unseren Antr\u00e4gen zur effizienten Vermeidung von CO\u00b2 &#8211; Aussto\u00df und weiteren Ma\u00dfnahmen zum Schutz des Klimas und der B\u00fcrger*innen im Emsland"},"content":{"rendered":"\n<p>Statement zu unseren Antr\u00e4gen zur effizienten Vermeidung von CO\u00b2 &#8211; Aussto\u00df und weiteren Ma\u00dfnahmen zum Schutz des Klimas und der B\u00fcrger*innen im Emsland<\/p>\n\n\n\n<ul class=\"wp-block-list\"><li>Kreistagssitzung am 21.02.21 &#8211;<br><br>Angesicht der Klimakriese und der notwendigen Reduzierung des CO2 -Aussto\u00dfes ist in der n\u00e4chsten Zeit jedes Kilogramm CO2, das eingespart werden, kann wichtig. Nur so kann die Begrenzung des allgemeinen Temperaturanstieges auf 1,5 \u00b0C gelingen. Von daher sollten alle M\u00f6glichkeiten genutzt werden, die dazu zur Verf\u00fcgung stehen.<br>Das hei\u00dft z.B. auf alle D\u00e4cher, die sich daf\u00fcr eignen, sollten so schnell wie m\u00f6glich so viele Photovoltaikanlagen wie m\u00f6glich gebracht werden. Auch in Verbindung mit Speicheranlagen, um den produzierten Strom weitestgehend vor Ort zu nutzen. Auch wenn da aktuell in der Technik noch Entwicklungspotential vorhanden ist. Letztlich reduziert das die Stromkosten und entlastet die \u00dcbertragungsnetze.<br>Ebenfalls wichtig sind Gr\u00fcnd\u00e4cher: Sie bieten Insekten Lebensraum, entlasten bei Starkregen die Kanalisation und leisten einen Beitrag zur Verbesserung des Wohnklimas. Im Winter verbessern sie die W\u00e4rmed\u00e4mmung, im Sommer schirmen sie Hitze ab. Sie wirken also wie eine nat\u00fcrliche Klimaanlage. Zudem verl\u00e4ngern sie die Lebensdauer von D\u00e4chern, da diese besser vor Witterungseinfl\u00fcssen gesch\u00fctzt sind.<br>Begr\u00fcnte W\u00e4nde und H\u00e4userfassaden regulieren, indem sie f\u00fcr Abk\u00fchlung sorgen, das Mikroklima in der Umgebung. Insbesondere an hei\u00dfen Sommertagen ist dieser Effekt sp\u00fcrbar. In Zeiten sich \u00e4ndernder klimatischer Verh\u00e4ltnisse wird dieser Effekt k\u00fcnftig weiter an Bedeutung gewinnen.<br>Vertikales Gr\u00fcn kann auch einen Beitrag zur Verbesserung der Luftqualit\u00e4t leisten: Die Pflanzen binden Feinstaub an ihren Blattoberfl\u00e4chen und s\u00e4ubern auf diese Weise unsere Atemluft. Au\u00dferdem tr\u00e4gt jede begr\u00fcnte Wand zum Artenschutz bei: V\u00f6gel br\u00fcten im Fassadengr\u00fcn, und Wildbienen finden Lebensraum.<br>Nat\u00fcrlich ist nicht alles einfach zu realisieren, manchmal ist es aufw\u00e4ndig und die anf\u00e4nglichen Investitionen sind h\u00f6her. Es zahlt sich in der Regel mit der Zeit jedoch aus.<br>Und der Kreis bzw. die \u00f6ffentliche Hand allgemein, hat auch eine Vorbildfunktion. Hier geht darum beispielhaft L\u00f6sungen aufzuzeigen und zu demonstrieren was geht, um so nachfolgend den umfassenden Einsatz bzw. die m\u00f6glichst z\u00fcgige Realisierung der angesprochenen Ma\u00dfnahmen zu initialisieren und voranzubringen.<br>Daf\u00fcr steht im Emsland insgesamt noch viel Geb\u00e4udefl\u00e4che f\u00fcr Ma\u00dfnahmen zur CO2 Reduzierung zur Verf\u00fcgung. Ich denke da, soweit noch nicht geschehen, insbesondere an die Nutzung der Fl\u00e4chen auf und an Lager- und Produktionshallen.<br>Werte Kolleginnen und Kollegen,<br>der Kreis Emsland ist in vielen Sachen Vorreiter bei der Realisierung neuer L\u00f6sungen. Auch bei den von uns beantragten Ma\u00dfnahmen sollten wir das was da ist weiterentwickeln und Zeichen setzen im Sinne der effizienten Vermeidung von CO2-Aussto\u00df und der Realisierung weitere Ma\u00dfnahmen zum Schutz der Umwelt und der B\u00fcrgerinnen und B\u00fcrger im Emsland.<br>Ich bitte sie daher den Beschlussvorschlag der Verwaltung abzulehnen unseren Antr\u00e4gen zuzustimmen!<\/li><\/ul>\n\n\n\n<h2 class=\"wp-block-heading\">Vielen Dank f\u00fcr ihre Aufmerksamkeit!<\/h2>\n\n\n\n<p>Der folgende Beschluss wurde mit Mehrheit gefasst:<br>Der Kreistag beschlie\u00dft, an der bisherigen Praxis festzuhalten, neue Geb\u00e4ude m\u00f6glichst im Passivhausstandard zu errichten und bei Sanierungsma\u00dfnahmen m\u00f6glichst hohe energetische Standards umsetzen. Bei allen Bauma\u00dfnahmen wird die technische Entwicklung weiterer erneuerbarer Energiequellen sowie Speichermedien ber\u00fccksichtigt.<br>Die Installation von Dach- und Fassadenbegr\u00fcnungen wird abgelehnt.<br>Die F\u00f6rderrichtlinien des Landkreises werden im Hinblick auf m\u00f6gliche Klimaschutzma\u00dfnahmen \u00fcberpr\u00fcft. Das Ergebnis wird im Laufe des Jahres 2022 vorgestellt.<\/p>\n","protected":false},"excerpt":{"rendered":"<p>Statement zu unseren Antr\u00e4gen zur effizienten Vermeidung von CO\u00b2 &#8211; Aussto\u00df und weiteren Ma\u00dfnahmen zum Schutz des Klimas und der B\u00fcrger*innen im Emsland Kreistagssitzung am 21.02.21 &#8211; Angesicht der Klimakriese [&hellip;]<\/p>\n","protected":false},"author":-1,"featured_media":336,"comment_status":"open","ping_status":"open","sticky":false,"template":"","format":"standard","meta":{"footnotes":""},"categories":[41],"tags":[],"class_list":["post-338","post","type-post","status-publish","format-standard","has-post-thumbnail","hentry","category-kreistagsfraktion"],"_links":{"self":[{"href":"https:\/\/gruene-emsland.de\/index.php?rest_route=\/wp\/v2\/posts\/338","targetHints":{"allow":["GET"]}}],"collection":[{"href":"https:\/\/gruene-emsland.de\/index.php?rest_route=\/wp\/v2\/posts"}],"about":[{"href":"https:\/\/gruene-emsland.de\/index.php?rest_route=\/wp\/v2\/types\/post"}],"author":[{"embeddable":true,"href":"https:\/\/gruene-emsland.de\/index.php?rest_route=\/wp\/v2\/users\/1"}],"replies":[{"embeddable":true,"href":"https:\/\/gruene-emsland.de\/index.php?rest_route=%2Fwp%2Fv2%2Fcomments&post=338"}],"version-history":[{"count":1,"href":"https:\/\/gruene-emsland.de\/index.php?rest_route=\/wp\/v2\/posts\/338\/revisions"}],"predecessor-version":[{"id":339,"href":"https:\/\/gruene-emsland.de\/index.php?rest_route=\/wp\/v2\/posts\/338\/revisions\/339"}],"wp:featuredmedia":[{"embeddable":true,"href":"https:\/\/gruene-emsland.de\/index.php?rest_route=\/wp\/v2\/media\/336"}],"wp:attachment":[{"href":"https:\/\/gruene-emsland.de\/index.php?rest_route=%2Fwp%2Fv2%2Fmedia&parent=338"}],"wp:term":[{"taxonomy":"category","embeddable":true,"href":"https:\/\/gruene-emsland.de\/index.php?rest_route=%2Fwp%2Fv2%2Fcategories&post=338"},{"taxonomy":"post_tag","embeddable":true,"href":"https:\/\/gruene-emsland.de\/index.php?rest_route=%2Fwp%2Fv2%2Ftags&post=338"}],"curies":[{"name":"wp","href":"https:\/\/api.w.org\/{rel}","templated":true}]}}