{"id":329,"date":"2022-02-03T14:33:33","date_gmt":"2022-02-03T14:33:33","guid":{"rendered":"https:\/\/gruene-emsland.de\/?p=329"},"modified":"2022-02-03T14:34:27","modified_gmt":"2022-02-03T14:34:27","slug":"329","status":"publish","type":"post","link":"https:\/\/gruene-emsland.de\/?p=329","title":{"rendered":"Demo gegen den Ausbau der E233 &#8211; Pressestatement."},"content":{"rendered":"\n<p><\/p>\n\n\n\n<p>Heute haben sich die BI Exit E233 sowie Gegner des vierspurigen Ausbaus der E233 vor dem Kreishaus getroffen, um gegen die Bestrebungen zu demonstrieren, diesen Ausbau voranzutreiben. Anlass der Demo war, dass das MdL, B. Althusmann (CDU) zu Gespr\u00e4chen rund um die E233 ins Kreishaus geladen wurde.<\/p>\n\n\n\n<p>Pressestatement zum Besuch von Verkehrsminister Althusmann in Meppen zum geplanten Ausbau der E233<\/p>\n\n\n\n<p>Am Mittwoch, den 2. Februar war Niedersachsens Wirtschafts- und Verkehrsminister Bernd Althusmann zu Besuch in Meppen und tauschte sich mit Vertretern der Landkreise Cloppenburg und Emsland zum geplanten Ausbau der E233 aus.<\/p>\n\n\n\n<p>Diesen Besuch und die vom Nieders\u00e4chsischen Ministerium f\u00fcr Wirtschaft, Arbeit, Verkehr und Digitalisierung herausgegebene Pressemitteilung kommentiert Hans-Joachim Jan\u00dfen, Mitglied des Landtags f\u00fcr B\u00fcndnis 90\/Die Gr\u00fcnen und zust\u00e4ndig f\u00fcr den Landkreis Cloppenburg:<\/p>\n\n\n\n<p>\u201eDer geplante vierspurige Ausbau der E233 zwischen der A1 und der niederl\u00e4ndischen Grenze ist Verkehrspolitik aus dem letzten Jahrhundert. Das gilt umso mehr, wenn wie in diesem Fall hunderte Hektar versiegelt und der Fl\u00e4chendruck in der Region erh\u00f6ht werden soll.<br>Anstatt voraussichtlich mehr als eine Milliarde Euro in Beton zu stecken, sollten nachhaltige Verkehre gef\u00f6rdert werden, die auch der Region und nicht im Wesentlichen nur dem Transitverkehr n\u00fctzen.<br>Ich danke allen, die sich seit Jahrzehnten f\u00fcr den Erhalt der Natur, f\u00fcr Klimaschutz und eine nachhaltige Verkehrswende einsetzen.\u201c<\/p>\n\n\n\n<p>Susanne Menge, Mitglied im Verkehrsausschuss des Bundestages und f\u00fcr ihre Fraktion B\u00fcndnis 90\/Die Gr\u00fcnen f\u00fcr den Bundesverkehrswegeplan zust\u00e4ndig, erg\u00e4nzt:<\/p>\n\n\n\n<p>\u201eWir haben im Koalitionsvertrag einen Dialogprozess sowie die \u00dcberpr\u00fcfung des Bedarfsplans vereinbart. Die in ihm enthaltenen Projekte inklusive der E233 geh\u00f6ren nicht zuletzt aufgrund des wegweisenden Verfassungsgerichtsurteils aus dem vergangenen Jahr auf den klimapolitischen Pr\u00fcfstand. Die Finanzierungsprobleme angesichts der gro\u00dfen Sanierungsaufwendungen besonders f\u00fcr marode Br\u00fcckenbauwerke sollten die Tr\u00e4ume von Bundesfernstra\u00dfenneubauten verblassen lassen.\u201c<\/p>\n","protected":false},"excerpt":{"rendered":"<p>Heute haben sich die BI Exit E233 sowie Gegner des vierspurigen Ausbaus der E233 vor dem Kreishaus getroffen, um gegen die Bestrebungen zu demonstrieren, diesen Ausbau voranzutreiben. Anlass der Demo [&hellip;]<\/p>\n","protected":false},"author":-1,"featured_media":330,"comment_status":"open","ping_status":"open","sticky":false,"template":"","format":"standard","meta":{"footnotes":""},"categories":[4],"tags":[],"class_list":["post-329","post","type-post","status-publish","format-standard","has-post-thumbnail","hentry","category-emsland"],"_links":{"self":[{"href":"https:\/\/gruene-emsland.de\/index.php?rest_route=\/wp\/v2\/posts\/329","targetHints":{"allow":["GET"]}}],"collection":[{"href":"https:\/\/gruene-emsland.de\/index.php?rest_route=\/wp\/v2\/posts"}],"about":[{"href":"https:\/\/gruene-emsland.de\/index.php?rest_route=\/wp\/v2\/types\/post"}],"author":[{"embeddable":true,"href":"https:\/\/gruene-emsland.de\/index.php?rest_route=\/wp\/v2\/users\/1"}],"replies":[{"embeddable":true,"href":"https:\/\/gruene-emsland.de\/index.php?rest_route=%2Fwp%2Fv2%2Fcomments&post=329"}],"version-history":[{"count":2,"href":"https:\/\/gruene-emsland.de\/index.php?rest_route=\/wp\/v2\/posts\/329\/revisions"}],"predecessor-version":[{"id":332,"href":"https:\/\/gruene-emsland.de\/index.php?rest_route=\/wp\/v2\/posts\/329\/revisions\/332"}],"wp:featuredmedia":[{"embeddable":true,"href":"https:\/\/gruene-emsland.de\/index.php?rest_route=\/wp\/v2\/media\/330"}],"wp:attachment":[{"href":"https:\/\/gruene-emsland.de\/index.php?rest_route=%2Fwp%2Fv2%2Fmedia&parent=329"}],"wp:term":[{"taxonomy":"category","embeddable":true,"href":"https:\/\/gruene-emsland.de\/index.php?rest_route=%2Fwp%2Fv2%2Fcategories&post=329"},{"taxonomy":"post_tag","embeddable":true,"href":"https:\/\/gruene-emsland.de\/index.php?rest_route=%2Fwp%2Fv2%2Ftags&post=329"}],"curies":[{"name":"wp","href":"https:\/\/api.w.org\/{rel}","templated":true}]}}